{"id":24640,"date":"2022-08-26T00:39:00","date_gmt":"2022-08-26T05:39:00","guid":{"rendered":"https:\/\/nuevademocracia.com.co\/?p=24640"},"modified":"2024-07-10T13:43:33","modified_gmt":"2024-07-10T18:43:33","slug":"cambiar-algo-para-que-todo-siga-igual","status":"publish","type":"post","link":"https:\/\/nuevademocracia.com.co\/?p=24640","title":{"rendered":"Editorial &#8211; Cambiar algo para que todo siga igual"},"content":{"rendered":"\n<figure class=\"wp-block-image\"><img decoding=\"async\" src=\"https:\/\/nuevademocracia.com.co\/wp-content\/uploads\/2022\/08\/Petro-oportunista.jpg\" alt=\"Petro oportunista\" title=\"Petro oportunista\"\/><\/figure>\n\n\n\n<p class=\"has-black-color has-text-color\"><em>El nuevo gobierno oportunista camina por la cuerda floja, jugando a quedar bien con Dios y con el Diablo, intentando conciliar lo irreconciliable: los intereses de los oprimidos y de los opresores.<\/em><\/p>\n\n\n\n<h2 class=\"wp-block-heading has-black-color has-text-color\">\n\t\tEditorial\n\t<\/h2>\n\n\n\n<p class=\"has-black-color has-text-color\">Sin duda vivimos tiempos de cambio social. Una impetuosa avalancha de luchas populares recorre el mundo. En Colombia la \u00faltima d\u00e9cada estallaron los m\u00e1s grandes levantamientos populares de su historia moderna: Paro Nacional Agrario en 2013-2014 en que el campesinado remeci\u00f3 el pa\u00eds, Paro Nacional Universitario 2018 por presupuesto para la universidad p\u00fablica, Gran Paro Nacional noviembre de 2019, Batallas Heroicas del 9 al 11 de septiembre de 2020 contra la represi\u00f3n policial, y la mayor protesta jam\u00e1s vista en nuestro pa\u00eds, el Gran Levantamiento Popular de abril de 2021, en que cientos de miles de personas se movilizaron combativamente durante varios meses contra el hambre, la injusticia y la opresi\u00f3n.<\/p>\n\n\n\n<p class=\"has-black-color has-text-color\">As\u00ed, como en los a\u00f1os 60 y 70 del siglo XX, transitamos un periodo de auge de la lucha de las masas populares en nuestro pa\u00eds. Con estas grandes movilizaciones sociales el pueblo colombiano ha logrado conquistar algunas reivindicaciones y defender derechos que hab\u00edan sido ganados por anteriores generaciones mediante la lucha. Aun as\u00ed, lo m\u00e1s importante, ha sido la experiencia por la que ha pasado la juventud en las calles: una gran escuela pol\u00edtica que ha elevado su conciencia y la de sus familias que orgullosas apoyaron sus movilizaciones y su participaci\u00f3n en las l\u00edneas de combate de los memorables enfrentamientos contra la fuerzas represivas del Estado. Los oprimidos en estos tiempos est\u00e1n envalentonados, han levantado la cabeza y el pu\u00f1o para decir: \u00abno queremos seguir viviendo como antes, \u00a1es mejor morir de pie que vivir arrodillados!\u00bb. Los opresores, que hasta hace pocos a\u00f1os amedrentaban al pueblo con su \u00abguerra contra el terrorismo\u00bb, est\u00e1n atemorizados, no pueden seguir gobernando como antes.<\/p>\n\n\n\n<p class=\"has-black-color has-text-color\">Es en medio de esta situaci\u00f3n que se present\u00f3 una nueva jornada de elecciones, viejo instrumento utilizado hist\u00f3ricamente por el Estado para definir entre los de arriba c\u00f3mo exprimir a los de abajo, mientras los adormece vendi\u00e9ndoles la idea de que participan democr\u00e1ticamente de las decisiones importantes para la naci\u00f3n, de que \u00abel Estado es de todos\u00bb. Tiempo de la demagogia, del tamal y la promesa de empleo, momentos en que, como dijera Marx, \u00aba los oprimidos se les autoriza para decidir qu\u00e9 miembros de la clase opresora han de representarlos y aplastarlos en el parlamento\u00bb y en el gobierno.<\/p>\n\n\n\n<p class=\"has-black-color has-text-color\">Las pasadas elecciones presidenciales de nuevo mostraron que m\u00e1s del 40% de la poblaci\u00f3n no se siente parte de esta \u00abdemocracia\u00bb y no asiste a las urnas, y que buena parte del pueblo, como siempre, vot\u00f3 bajo chantaje o con la ilusi\u00f3n que le vendieron los candidatos que prometieron el cambio. Durante las \u00faltimas dos d\u00e9cadas, el uribismo, con su t\u00e1ctica de intensificaci\u00f3n de la violencia y fuertes&nbsp; recortes a los derechos del pueblo, fue quien mejor defendi\u00f3 los intereses de las clases dominantes. Pero, ante la crisis econ\u00f3mica,&nbsp; ante el desprestigio al que llegaron las instituciones del viejo Estado como la polic\u00eda, el congreso, el gobierno, etc., y ante la masiva rebeli\u00f3n popular, las clases dominantes ya no pod\u00edan seguir utilizando la misma t\u00e1ctica, demandaban de la aplicaci\u00f3n de otro m\u00e9todo m\u00e1s astuto para la situaci\u00f3n: una t\u00e1ctica conciliadora y reformista. Se present\u00f3 entonces la oportunidad para que aquellos grupos de las clases dominantes que profesaban esta t\u00e1ctica (el petrismo, el Polo, etc.) y que, como oportunistas, han penetrado durante d\u00e9cadas las organizaciones y luchas populares para ponerlas al servicio de sus intereses burocr\u00e1ticos, lograran llegar a ser gobierno.<\/p>\n\n\n\n<p class=\"has-black-color has-text-color\">Eso s\u00ed, para lograrlo, tuvieron que prometer el cielo y la tierra, tanto a Dios como al Diablo. Al pueblo le prometieron reforma agraria, educaci\u00f3n gratuita, salud, subsidios, acabar con el ESMAD, \u00abvivir sabroso\u00bb, etc. A los dem\u00e1s grupos de las clases dominantes les juraron -en notar\u00eda y todo- no expropiarles nada, les aseguraron que sus empresas ser\u00edan m\u00e1s grandes que antes, que respetar\u00edan el TLC con Estados Unidos, que estuvieran tranquilos pues ya hab\u00edan hecho \u00abcompromisos\u00bb con el FMI, que al ser gobierno los invitar\u00edan a un gran acuerdo nacional, etc. Incluso, en la segunda vuelta de las elecciones presidenciales, dijeron a las clases opresoras que ellos representaban un cambio \u00abrespetando la institucionalidad\u00bb y les advirtieron del peligro que tendr\u00edan frente al pueblo, dici\u00e9ndoles que si ellos no llegaban a ser gobierno habr\u00eda un mayor \u00abestallido social\u00bb.<\/p>\n\n\n\n<p class=\"has-black-color has-text-color\">Ahora que este sector de las clases dominantes que encabeza Petro ha ganado las elecciones, sus decisiones y declaraciones empiezan a mostrar a la gente m\u00e1s claramente de qu\u00e9 cambio se trata. Como dicen los propios politiqueros evidenciando de paso el enga\u00f1o que son las elecciones burguesas: \u00abuna cosa es el Petro candidato y otra es el Petro Presidente\u00bb.<\/p>\n\n\n\n<p class=\"has-black-color has-text-color\">En elecciones, como pueblo, nos vendieron que el proyecto de Petro era totalmente opuesto al de los consabidos partidos politiqueros de la gran burgues\u00eda y los terratenientes. Pero, ante el riesgo de perder en segunda vuelta, y desde su elecci\u00f3n -con el fin de poder aprobar sus proyectos-, el nuevo gobierno no ha hecho sino ampliar su llamado \u00abgran acuerdo nacional\u00bb con esos Partidos. Recientemente, Cesar Gaviria, el tristemente c\u00e9lebre presidente impulsor de las pol\u00edticas neoliberales en los a\u00f1os 90, declar\u00f3 que el Partido Liberal apoyar\u00e1 al gobierno de Petro; el Partido de la U se declar\u00f3 parte de la \u00abcoalici\u00f3n de gobierno\u00bb, y el Partido Conservador, de quien nadie nunca ha sospechado la m\u00e1s m\u00ednima intenci\u00f3n de impulsar cambios a favor del pueblo, har\u00e1 parte del \u00abgran acuerdo nacional\u00bb. Partidos que apoyaron a Duque, varios que apoyaron a Uribe y\/o a Santos, apoyar\u00e1n al gobierno de Petro. \u00bfQu\u00e9 tipo de cambios se puede esperar de esta coalici\u00f3n de las clases dominantes? \u00bfNo es esto una especie de reedici\u00f3n del Frente Nacional en que todas o la mayor\u00eda de las clases dominantes, ante el peligro de la rebeli\u00f3n violenta del pueblo, se ponen de acuerdo en la forma en que hay que apaciguarlo?<\/p>\n\n\n\n<p class=\"has-black-color has-text-color\">Pero miremos que nos dice el nuevo gobierno sobre el problema de la tierra, que sigue siendo el principal problema de nuestra naci\u00f3n. Petro candidato prometi\u00f3 realizar una reforma agraria, Petro presidente, en sus declaraciones y las de su escogida ministra de agricultura, ya nos deja ver de qu\u00e9 se trata. Una semana despu\u00e9s de su elecci\u00f3n, en entrevista a un medio espa\u00f1ol, Petro dijo: \u00abEl pa\u00eds nunca logr\u00f3 hacer una reforma agraria. Hoy, volvemos a intentarlo y, voy a confesarlo, quisiera hacerla de la mano de Estados Unidos\u00bb. Claro!, despu\u00e9s de ilusionar al pueblo con una reforma agraria, \u00abconfiesa\u00bb que tal reforma quiere hacerla \u00abde la mano\u00bb de EEUU, s\u00ed, \u00a1as\u00ed como lo leen!, \u00a1Una reforma agraria que sirva a la mayor potencia imperialista que domina la naci\u00f3n desde hace m\u00e1s de 100 a\u00f1os! A los que desmembraron nuestro territorio para robar el canal de Panam\u00e1, a los explotadores y asesinos de las bananeras, a los que se sirven de la supervivencia del problema de la tierra en nuestro pa\u00eds, a los que viven de explotar a nuestro pueblo, a los impulsores del genocida Plan Colombia, \u00a1a esos mismos!<\/p>\n\n\n\n<p class=\"has-black-color has-text-color\">La designada ministra de agricultura, Cecilia L\u00f3pez, ha dicho que la reforma agraria consiste en colocar un impuesto alto a los latifundios improductivos para que se vuelvan productivos o para que vendan la tierra a privados o al Estado, y este \u00faltimo las distribuya entre el campesinado.<\/p>\n\n\n\n<p class=\"has-black-color has-text-color\">Seg\u00fan sus declaraciones \u00abva a haber reforma agraria sin expropiar un \u00e1pice de tierra\u00bb. \u00a1\u00bfC\u00f3mo?! \u00a1Incre\u00edble! Ahora resulta que con esta simple f\u00f3rmula de tributaci\u00f3n al latifundio improductivo basta para solucionar el problema m\u00e1s profundo de la sociedad colombiana, base de las constantes luchas campesinas y de la guerra que se ha vivido principalmente en el campo durante casi todo el siglo XX y hasta nuestros d\u00edas. Seg\u00fan esto, no hace falta que el campesino tome por la fuerza la tierra que le pertenece y acabe as\u00ed con el latifundio, sino que con esta presi\u00f3n econ\u00f3mica, \u00a1voluntaria y pac\u00edficamente los terratenientes entregar\u00e1n la tierra!<\/p>\n\n\n\n<p class=\"has-black-color has-text-color\">Esta es la misma esencia de las reformas agrarias de los a\u00f1os 30 y 60: impulsar la penetraci\u00f3n del gran capital en el campo, promover el mercado de tierras, los cr\u00e9ditos y una marginal y lenta entrega de tierra al campesinado para contener su lucha. A esto en 1936 L\u00f3pez Pumarejo, y en 2022 la nueva ministra, lo llamaron \u00abuna revoluci\u00f3n\u00bb, pero en ese entonces como durante el \u00faltimo siglo, ha quedado m\u00e1s que claro para el campesinado que los terratenientes no soltar\u00e1n la tierra por las buenas, que los campesinos tendr\u00e1n que llevar a cabo su propia revoluci\u00f3n agraria, tomando por la fuerza todas las tierras del latifundio bajo el lema de \u00a1tierra para quien la trabaja!<\/p>\n\n\n\n<p class=\"has-black-color has-text-color\">De otra parte \u00bfqu\u00e9 plantea el nuevo gobierno sobre otro de los hist\u00f3ricos problemas de Colombia, esto es, el ser dominado econ\u00f3mica, pol\u00edtica y militarmente por el imperialismo, principalmente estadounidense?<\/p>\n\n\n\n<p class=\"has-black-color has-text-color\">Comencemos por ver que, aunque en ocasiones (sobre todo en elecciones) estos partidos politiqueros usan alg\u00fan lenguaje \u00abantimperialista\u00bb para poder ganar la simpat\u00eda del pueblo, desde su candidatura, Petro -como todos los que aspiran a ser presidentes de nuestra sojuzgada naci\u00f3n-, busc\u00f3 el aval del gobierno yanqui. En mayo de este a\u00f1o, durante una reuni\u00f3n con el Consejo de Empresas Americanas (CEA), que agrupa las principales empresas gringas que exportan su capital a nuestro pa\u00eds, les prometi\u00f3 que si ganaba la presidencia les dar\u00eda protecci\u00f3n y seguridad jur\u00eddica a sus inversiones; en una entrevista asegur\u00f3 que renegociar\u00eda el TLC pero solo si Estados Unidos aceptaba; afirm\u00f3 varias veces que se hab\u00eda comprometido a reducir el d\u00e9ficit fiscal ante el FMI, la tristemente c\u00e9lebre instituci\u00f3n financiera al servicio de las grandes potencias imperialistas que hist\u00f3ricamente ha impuesto \u00abpaquetes de ajuste\u00bb contra los pueblos y en favor de la \u00abestabilidad macro econ\u00f3mica y jur\u00eddica\u00bb para las inversiones del gran capital imperialista.<\/p>\n\n\n\n<p class=\"has-black-color has-text-color\">As\u00ed, el nuevo gobierno asegura a los capitales extranjeros seguir obteniendo grandes beneficios a costa de la explotaci\u00f3n de nuestra gente y del saqueo de los recursos de nuestra naci\u00f3n. Pero todo esto, como siempre, ha de presentarse ante el pueblo demag\u00f3gicamente, como la \u00abv\u00eda hacia el desarrollo\u00bb impulsada por una relaci\u00f3n entre \u00absocios\u00bb, entre \u00abiguales\u00bb, para la \u00abconstrucci\u00f3n mutua\u00bb.<\/p>\n\n\n\n<p class=\"has-black-color has-text-color\">La sinton\u00eda entre los \u00absocios\u00bb (l\u00e9ase entre amo y lacayo) ha sido tal que incluso varios medios de comunicaci\u00f3n han mostrado hasta sorpresa de lo r\u00e1pido que el gobierno de Biden llam\u00f3 a felicitar a Petro por su triunfo, as\u00ed como del \u00abalto nivel\u00bb que tuvo la delegaci\u00f3n gringa que a fines de julio se reuni\u00f3 con el equipo de empalme del nuevo gobierno. El T\u00edo Sam ratific\u00f3 su \u00abvisto bueno\u00bb al Presidente, expres\u00f3 que \u00abrecib\u00eda muy bien\u00bb el nombramiento del nuevo embajador de Colombia ante EEUU y, correspondiendo a la \u00abconfesi\u00f3n\u00bb del gobierno de Petro de hacer una reforma agraria \u00abde la mano de Estados Unidos\u00bb, dijo que \u00abEstados Unidos quiere promover el desarrollo en el pa\u00eds, y queremos trabajar con el nuevo Gobierno, particularmente en sus esfuerzos de mejorar la econom\u00eda rural del pa\u00eds\u00bb.<\/p>\n\n\n\n<p class=\"has-black-color has-text-color\">Si en Colombia la gran mayor\u00eda del campesino no tiene tierra, si el pueblo no tiene bienestar ni democracia, si la naci\u00f3n no tiene soberan\u00eda, es precisamente porque en nuestra historia el dominio extranjero, primero de Espa\u00f1a, luego de Inglaterra y finalmente de Estados Unidos, ha erigido y mantenido, principalmente a trav\u00e9s de la violencia, un Estado que defiende el latifundio, el gran capital local y extranjero. Si los representantes de este viejo Estado, los grandes burgueses,&nbsp; los terratenientes y el imperialismo, avalan este gobierno, si sus proyectos lejos de perjudicar, favorecen el dominio del imperialismo yanqui, el mantenimiento del poder del latifundio y del gran capital monopolista, si solo plantean m\u00edseras reformas y subsidios para contener la rebeli\u00f3n popular, si su esencia es cambiar algo para que todo siga igual, pero, a pesar de eso este gobierno insiste en autodenominarse \u00abgobierno del pueblo\u00bb, \u00abgobierno de izquierda\u00bb, no queda otra que definirlo como un gobierno del oportunismo, de la falsa \u00abizquierda\u00bb, que ha acumulado fuerzas durante d\u00e9cadas aprovech\u00e1ndose de las luchas populares para ir escalando en el viejo Estado hasta alcanzar hoy la presidencia y all\u00ed prestar su mejor servicio: ayudar a apagar el desbordado fuego de la lucha popular.<\/p>\n\n\n\n<p class=\"has-black-color has-text-color\">Las elecciones en Colombia no son democracia para el pueblo, solo son un instrumento para que los opresores escojan y legitimen ante los oprimidos su mejor representante; no hay como cambiar esta injusta sociedad a trav\u00e9s de las elecciones, del camino burocr\u00e1tico.<\/p>\n\n\n\n<p class=\"has-black-color has-text-color\">Un verdadero cambio para el pueblo, una Nueva Democracia, se construye por el camino opuesto, el camino democr\u00e1tico: la organizaci\u00f3n y lucha independiente y combativa del pueblo colombiano contra sus opresores, por sus derechos, por la tierra, la independencia nacional y la conquista del poder popular.<\/p>\n","protected":false},"excerpt":{"rendered":"<p>El nuevo gobierno oportunista camina por la cuerda floja, jugando a quedar bien con Dios y con el Diablo, intentando conciliar lo irreconciliable: los intereses de los oprimidos y de los opresores.<\/p>\n","protected":false},"author":1,"featured_media":24642,"comment_status":"closed","ping_status":"open","sticky":false,"template":"","format":"standard","meta":{"footnotes":""},"categories":[16,4,10],"tags":[7,6,8,5],"class_list":["post-24640","post","type-post","status-publish","format-standard","has-post-thumbnail","hentry","category-carrusel","category-colombia","category-editorial","tag-gobierno-de-izquierda-petro","tag-nuevo-gobierno","tag-oportunismo","tag-petro"],"blocksy_meta":[],"_links":{"self":[{"href":"https:\/\/nuevademocracia.com.co\/index.php?rest_route=\/wp\/v2\/posts\/24640","targetHints":{"allow":["GET"]}}],"collection":[{"href":"https:\/\/nuevademocracia.com.co\/index.php?rest_route=\/wp\/v2\/posts"}],"about":[{"href":"https:\/\/nuevademocracia.com.co\/index.php?rest_route=\/wp\/v2\/types\/post"}],"author":[{"embeddable":true,"href":"https:\/\/nuevademocracia.com.co\/index.php?rest_route=\/wp\/v2\/users\/1"}],"replies":[{"embeddable":true,"href":"https:\/\/nuevademocracia.com.co\/index.php?rest_route=%2Fwp%2Fv2%2Fcomments&post=24640"}],"version-history":[{"count":10,"href":"https:\/\/nuevademocracia.com.co\/index.php?rest_route=\/wp\/v2\/posts\/24640\/revisions"}],"predecessor-version":[{"id":26528,"href":"https:\/\/nuevademocracia.com.co\/index.php?rest_route=\/wp\/v2\/posts\/24640\/revisions\/26528"}],"wp:featuredmedia":[{"embeddable":true,"href":"https:\/\/nuevademocracia.com.co\/index.php?rest_route=\/wp\/v2\/media\/24642"}],"wp:attachment":[{"href":"https:\/\/nuevademocracia.com.co\/index.php?rest_route=%2Fwp%2Fv2%2Fmedia&parent=24640"}],"wp:term":[{"taxonomy":"category","embeddable":true,"href":"https:\/\/nuevademocracia.com.co\/index.php?rest_route=%2Fwp%2Fv2%2Fcategories&post=24640"},{"taxonomy":"post_tag","embeddable":true,"href":"https:\/\/nuevademocracia.com.co\/index.php?rest_route=%2Fwp%2Fv2%2Ftags&post=24640"}],"curies":[{"name":"wp","href":"https:\/\/api.w.org\/{rel}","templated":true}]}}