{"id":24674,"date":"2022-08-25T22:44:34","date_gmt":"2022-08-26T03:44:34","guid":{"rendered":"https:\/\/nuevademocracia.com.co\/?p=24674"},"modified":"2023-05-14T15:07:36","modified_gmt":"2023-05-14T20:07:36","slug":"medidas-reaccionarias-de-la-alcaldesa-claudia-lopez-incentivan-protestas-de-bicitaxistas-en-bogota","status":"publish","type":"post","link":"https:\/\/nuevademocracia.com.co\/?p=24674","title":{"rendered":"Medidas reaccionarias de la alcaldesa Claudia L\u00f3pez incentivan protestas de bicitaxistas en Bogot\u00e1"},"content":{"rendered":"\n<figure class=\"wp-block-image size-full\"><img loading=\"lazy\" decoding=\"async\" width=\"1017\" height=\"694\" src=\"https:\/\/nuevademocracia.com.co\/wp-content\/uploads\/2023\/05\/Protestas-bicitaxistas.jpg\" alt=\"\" class=\"wp-image-25411\" srcset=\"https:\/\/nuevademocracia.com.co\/wp-content\/uploads\/2023\/05\/Protestas-bicitaxistas.jpg 1017w, https:\/\/nuevademocracia.com.co\/wp-content\/uploads\/2023\/05\/Protestas-bicitaxistas-300x205.jpg 300w, https:\/\/nuevademocracia.com.co\/wp-content\/uploads\/2023\/05\/Protestas-bicitaxistas-768x524.jpg 768w\" sizes=\"auto, (max-width: 1017px) 100vw, 1017px\" \/><\/figure>\n\n\n\n<p class=\"has-black-color has-text-color\">La alcaldesa oportunista de Bogot\u00e1, Claudia L\u00f3pez, dio \u00f3rdenes a la polic\u00eda de ir sacando bicitaxis o mototaxis de la ciudad, debido a que, seg\u00fan ella, no ve\u00eda justificaci\u00f3n para que continuaran en la ciudad. Estas declaraciones provocaron que el pasado 28 de julio el gremio de bicitaxis saliera a las calles a protestar y exigir su derecho a trabajar, tom\u00e1ndose v\u00edas principales de la capital y bloqueando estaciones de Transmilenio en funci\u00f3n de exigir sus derechos. Los puntos de concentraci\u00f3n se localizaron en el norte y sur de la ciudad, espec\u00edficamente en la calle 170 con Autopista Norte, el Portal Am\u00e9ricas, Patio Bonito y el Tintal.<\/p>\n\n\n\n<p class=\"has-black-color has-text-color\">Personas que se dedican a esta labor comentan a los medios: \u00abMe parece injusto que la alcaldesa ahora venga a sacarnos a nosotros, vivimos de esto, somos m\u00e1s de 8.000 y no 5.000, como ha dicho la Secretar\u00eda de Movilidad. Pedimos mesas de concertaci\u00f3n y que podamos llegar a un acuerdo, s\u00f3lo queremos trabajar, no es m\u00e1s.\u00bb<\/p>\n\n\n\n<p class=\"has-black-color has-text-color\">La alcaldesa ante esta medida desconoce que miles de familias viven de esta labor, y adem\u00e1s, ignora los problemas de transporte y movilidad que existen en las periferias de la ciudad, donde varias personas se movilizan en bicitaxis y mototaxis debido a lo deficiente que es el transporte p\u00fablico.<\/p>\n\n\n\n<p class=\"has-black-color has-text-color\">Cabe recordar que en su campa\u00f1a politiquera Claudia L\u00f3pez conden\u00f3 la represi\u00f3n policial pero una vez alcanz\u00f3 la alcald\u00eda ha justificado que el ESMAD siga reprimiendo violentamente la protesta popular.<\/p>\n","protected":false},"excerpt":{"rendered":"<p>La alcaldesa oportunista de Bogot\u00e1, Claudia L\u00f3pez, dio \u00f3rdenes a la polic\u00eda de ir sacando bicitaxis o mototaxis de la ciudad, debido a que, seg\u00fan ella, no ve\u00eda justificaci\u00f3n para que continuaran en la ciudad. Estas declaraciones provocaron que el pasado 28 de julio el gremio de bicitaxis saliera a las calles a protestar y [&hellip;]<\/p>\n","protected":false},"author":1,"featured_media":24678,"comment_status":"closed","ping_status":"open","sticky":false,"template":"","format":"standard","meta":{"footnotes":""},"categories":[4],"tags":[17,19,18],"class_list":["post-24674","post","type-post","status-publish","format-standard","has-post-thumbnail","hentry","category-colombia","tag-bogota","tag-disturbios","tag-protestas"],"blocksy_meta":[],"_links":{"self":[{"href":"https:\/\/nuevademocracia.com.co\/index.php?rest_route=\/wp\/v2\/posts\/24674","targetHints":{"allow":["GET"]}}],"collection":[{"href":"https:\/\/nuevademocracia.com.co\/index.php?rest_route=\/wp\/v2\/posts"}],"about":[{"href":"https:\/\/nuevademocracia.com.co\/index.php?rest_route=\/wp\/v2\/types\/post"}],"author":[{"embeddable":true,"href":"https:\/\/nuevademocracia.com.co\/index.php?rest_route=\/wp\/v2\/users\/1"}],"replies":[{"embeddable":true,"href":"https:\/\/nuevademocracia.com.co\/index.php?rest_route=%2Fwp%2Fv2%2Fcomments&post=24674"}],"version-history":[{"count":4,"href":"https:\/\/nuevademocracia.com.co\/index.php?rest_route=\/wp\/v2\/posts\/24674\/revisions"}],"predecessor-version":[{"id":25412,"href":"https:\/\/nuevademocracia.com.co\/index.php?rest_route=\/wp\/v2\/posts\/24674\/revisions\/25412"}],"wp:featuredmedia":[{"embeddable":true,"href":"https:\/\/nuevademocracia.com.co\/index.php?rest_route=\/wp\/v2\/media\/24678"}],"wp:attachment":[{"href":"https:\/\/nuevademocracia.com.co\/index.php?rest_route=%2Fwp%2Fv2%2Fmedia&parent=24674"}],"wp:term":[{"taxonomy":"category","embeddable":true,"href":"https:\/\/nuevademocracia.com.co\/index.php?rest_route=%2Fwp%2Fv2%2Fcategories&post=24674"},{"taxonomy":"post_tag","embeddable":true,"href":"https:\/\/nuevademocracia.com.co\/index.php?rest_route=%2Fwp%2Fv2%2Ftags&post=24674"}],"curies":[{"name":"wp","href":"https:\/\/api.w.org\/{rel}","templated":true}]}}