{"id":24680,"date":"2022-08-25T23:10:57","date_gmt":"2022-08-26T04:10:57","guid":{"rendered":"https:\/\/nuevademocracia.com.co\/?p=24680"},"modified":"2024-07-10T13:15:26","modified_gmt":"2024-07-10T18:15:26","slug":"luchas-campesinas-a-lo-largo-del-pais","status":"publish","type":"post","link":"https:\/\/nuevademocracia.com.co\/?p=24680","title":{"rendered":"Luchas campesinas a lo largo del pa\u00eds"},"content":{"rendered":"\n<h2 class=\"wp-block-heading has-black-color has-text-color\">\u00a1Tierra para quien la trabaja!<\/h2>\n\n\n\n<p class=\"has-black-color has-text-color\">El problema de la tierra en Colombia es sin duda uno de los m\u00e1s complejos y profundos que aquejan a nuestra naci\u00f3n: el 99% del pa\u00eds es rural y m\u00e1s del 30% de la poblaci\u00f3n vive en el campo; m\u00e1s de la mitad de esta poblaci\u00f3n (65%) est\u00e1 en la pobreza y cerca de 5 millones vive con menos de 200 mil pesos al mes; el 1% de los propietarios tiene el 81% de las tierras mientras que el 90% tiene solo 19%; 1 de cada 5 campesinos es analfabeta y la gran mayor\u00eda no cuentan con maquinaria (83%) y nunca han recibido asistencia t\u00e9cnica (90%). Estos datos, extra\u00eddos del Tercer&nbsp;<em>Censo Nacional Agropecuario<\/em>&nbsp;(2016) y del informe&nbsp;<em>Radiograf\u00eda de la desigualdad<\/em>&nbsp;(2017) de la ONG Oxfam, reflejan la cruda realidad que viven millones de masas campesinas, ante la cual se han rebelado en toda su historia y a\u00fan hoy lo contin\u00faan haciendo.<\/p>\n\n\n\n<p class=\"has-black-color has-text-color\">A continuaci\u00f3n compartimos con nuestros lectores algunos casos de luchas campesinas ocurridas recientemente en distintos lugares del pa\u00eds y que demuestran, tanto la vigencia del problema de la tierra en Colombia, como la necesidad de una revoluci\u00f3n agraria para su resoluci\u00f3n, en la cual verdaderamente se entregue la tierra a quien en ella vive y la trabaja:<\/p>\n\n\n\n<h3 class=\"wp-block-heading has-black-color has-text-color\">Campesinado lucha contra multinacional china en Dabeiba<\/h3>\n\n\n\n<p class=\"has-black-color has-text-color\">El pasado lunes 18 de julio, ind\u00edgenas y campesinos del municipio de Dabeiba (Antioquia) iniciaron una serie de protestas contra la multinacional China Harbour Engineering Company (CHEC), por los grandes da\u00f1os materiales y ambientales que han afectado a toda la comunidad. En particular los pobladores del barrio La Meseta reclaman que, debido a los deslizamientos de tierra que han generado las obras y el desplazamiento de veh\u00edculos pesados, ha quedado inservible el puente San Antonio, el cual divide el casco urbano en dos, dejando aislada a una parte de la comunidad y haciendo mucho m\u00e1s costoso el transporte y venta de sus productos en el mercado local.<\/p>\n\n\n\n<p class=\"has-black-color has-text-color\">Estas afectaciones despertaron la indignaci\u00f3n popular, por lo que la comunidad defini\u00f3 bloquear las instalaciones de la empresa multinacional para exigir el reparo de todos los perjuicios ocasionados. Durante las jornadas de protesta, que se extendieron por los siguientes d\u00edas, las masas se tomaron los veh\u00edculos de la empresa para detenerlos e impedir su circulaci\u00f3n, se realizaron ollas comunitarias y diversas movilizaciones en el sector en las que participaron m\u00e1s de 150 personas, adem\u00e1s de empapelar las instalaciones de esta multinacional -que tiene contratos con m\u00e1s de 60 pa\u00edses en el mundo- con carteles con mensajes escritos como \u00abcontra los atropellos de la autopista y de la china CHEC, \u00a1lucha dabeibana!\u00bb y \u00abfuera multinacional depredadora de nuestras tierras\u00bb.<\/p>\n\n\n\n<p class=\"has-black-color has-text-color\">Tal fue el revuelo generado con las protestas, que el alcalde de la ciudad, Leyton Urrego, se pronunci\u00f3 al respecto por sus redes sociales atemorizado ante las acciones de las masas, se\u00f1alando: \u00abEste es el hotel Eridu donde llegaron unos manifestantes que supuestamente el sr Jader Jimenez hab\u00eda mandado poner esos carteles y que si los quitaban acababan con la propiedad, esta denuncia p\u00fablica la hago y tenemos los videos si pasa algo a la propiedad o al personal ya sabemos qui\u00e9nes son los responsables. En Colombia hay libertad y derecho a la protesta pac\u00edfica y tambi\u00e9n hay derecho a la propiedad privada\u00bb. D\u00edas despu\u00e9s se entabl\u00f3 una mesa de negociaci\u00f3n con la administraci\u00f3n local para resolver las problem\u00e1ticas del sector y algunos sectores de la direcci\u00f3n de la lucha pasaron activamente a censurar las acciones realizadas por las masas y a promover su desmovilizaci\u00f3n, actuando de manera oportunista y contribuyendo a contener la movilizaci\u00f3n popular.<\/p>\n\n\n\n<figure class=\"wp-block-image aligncenter size-full\"><img loading=\"lazy\" decoding=\"async\" width=\"479\" height=\"361\" src=\"https:\/\/nuevademocracia.com.co\/wp-content\/uploads\/2023\/05\/Protestas-Dabeiba.jpg\" alt=\"\" class=\"wp-image-25414\" srcset=\"https:\/\/nuevademocracia.com.co\/wp-content\/uploads\/2023\/05\/Protestas-Dabeiba.jpg 479w, https:\/\/nuevademocracia.com.co\/wp-content\/uploads\/2023\/05\/Protestas-Dabeiba-300x226.jpg 300w\" sizes=\"auto, (max-width: 479px) 100vw, 479px\" \/><\/figure>\n\n\n\n<p class=\"has-text-align-center has-black-color has-text-color\"><em>Cartel difundido en medio de las protestas campesinas en Dabeiba, Antioquia. Foto: Resistencia Juvenil (Facebook).<\/em><\/p>\n\n\n\n<p class=\"has-black-color has-text-color\">El municipio de Dabeiba, de vocaci\u00f3n agricultora y rico en minerales y fuentes h\u00eddricas, se encuentra ubicado al occidente del departamento de Antioquia, entre las monta\u00f1as del nudo de Paramillo, las cuales han sido escenario de sangrientos enfrentamientos entre guerrillas, grupos paramilitares y las fuerzas represivas del Estado a lo largo de las \u00faltimas d\u00e9cadas por su posici\u00f3n estrat\u00e9gica al representar una salida al golfo de Urab\u00e1.<\/p>\n\n\n\n<p class=\"has-black-color has-text-color\">El barrio La Meseta, epicentro de las luchas en el municipio, se ha caracterizado por su rebeld\u00eda y combatividad, ya que su mismo nacimiento fue en medio de lucha. El predio donde se ubica actualmente el barrio fue comprado por la alcald\u00eda hace m\u00e1s de diez a\u00f1os con el prop\u00f3sito de vivienda para poblaci\u00f3n desplazada y en condici\u00f3n de pobreza, pero esas familias nunca recibieron nada de las administraciones de turno. Es por ello que en marzo de 2018 familias ind\u00edgenas y campesinas definen tomarse el predio y construir all\u00ed sus viviendas, vi\u00e9ndose forzados a defender sus tierras combativamente tras los intentos de desalojo por parte del Escuadr\u00f3n M\u00f3vil Antidisturbios (ESMAD), logrando expulsar a los verdaderos invasores y fundando as\u00ed el barrio, el cual al d\u00eda de hoy a\u00fan no es reconocido plenamente por el Estado y no cuenta con medios b\u00e1sicos para la subsistencia en condiciones dignas como agua potable, alcantarillado, pavimentaci\u00f3n de calles, etc.<\/p>\n\n\n\n<h3 class=\"wp-block-heading has-black-color has-text-color\">Campesinos luchan contra despojo de tierras por parte del Estado y paramilitares en Pasacaballos<\/h3>\n\n\n\n<p class=\"has-black-color has-text-color\">El pasado 8 de julio campesinos de la vereda La Europa, en el corregimiento de Pasacaballos (Bol\u00edvar) realizaron un plant\u00f3n en una importante v\u00eda del sector denunciando la intimidaci\u00f3n, persecuci\u00f3n y los intentos de despojo de sus tierras por parte del Estado y de fuerzas paramilitares. \u00abSomos m\u00e1s de 300 campesinos cabeza de hogar los que estamos intentando proteger las tierras que nos dejaron nuestros ancestros. Una organizaci\u00f3n ha intentado desplazar al campesinado de forma ilegal. Asimismo, una persona natural ha llegado a la vereda en repetidas ocasiones con el mismo objetivo (\u2026) el \u00faltimo caso fue hace tres d\u00edas. M\u00e1s o menos 30 civiles entraron a la vereda y usaron armas de fuego con el fin de intimidarnos para desalojar nuestros hogares\u00bb afirma un l\u00edder de la comunidad. Recientemente tambi\u00e9n tuvo lugar un desalojo ejecutado por parte del ESMAD, alegando que los pobladores est\u00e1n invadiendo propiedad privada, a pesar de que la comunidad reclama que son propietarios de los predios en los que residen y tienen toda la documentaci\u00f3n que lo corrobora. El l\u00edder inform\u00f3 que los uniformados \u00ablanzaron gases lacrim\u00f3genos, destruyeron los cultivos, agredieron a los campesinos y al d\u00eda siguiente hicieron lo mismo\u00bb.<\/p>\n\n\n\n<figure class=\"wp-block-image aligncenter size-large is-resized\"><img loading=\"lazy\" decoding=\"async\" src=\"https:\/\/nuevademocracia.com.co\/wp-content\/uploads\/2023\/05\/Protesta-Pasacaballos-1024x577.jpg\" alt=\"\" class=\"wp-image-25415\" width=\"512\" height=\"289\" srcset=\"https:\/\/nuevademocracia.com.co\/wp-content\/uploads\/2023\/05\/Protesta-Pasacaballos-1024x577.jpg 1024w, https:\/\/nuevademocracia.com.co\/wp-content\/uploads\/2023\/05\/Protesta-Pasacaballos-300x169.jpg 300w, https:\/\/nuevademocracia.com.co\/wp-content\/uploads\/2023\/05\/Protesta-Pasacaballos-768x432.jpg 768w, https:\/\/nuevademocracia.com.co\/wp-content\/uploads\/2023\/05\/Protesta-Pasacaballos.jpg 1213w\" sizes=\"auto, (max-width: 512px) 100vw, 512px\" \/><\/figure>\n\n\n\n<p class=\"has-text-align-center has-black-color has-text-color\"><em>Campesinos de Pasacaballos (Bol\u00edvar) protestan en la v\u00eda Mamonal. Foto: El Universal.<\/em><\/p>\n\n\n\n<h3 class=\"wp-block-heading has-black-color has-text-color\">Nuevas tomas de tierras en el Cauca<\/h3>\n\n\n\n<p class=\"has-black-color has-text-color\">La lucha por la tierra en el Norte del Cauca se ha intensificado los \u00faltimos meses. El pasado jueves 4 de agosto un centenar de ind\u00edgenas del pueblo Nasa se tomaron predios ubicados en la hacienda Japio en el municipio de Caloto (Cauca) que figuran como propiedad del monop\u00f3lico ingenio azucarero Manuelita. Los ind\u00edgenas se reivindicaron como \u00ablos nietos de Quint\u00edn Lame\u00bb, un importante l\u00edder ind\u00edgena y revolucionario colombiano que actu\u00f3 durante las primeras d\u00e9cadas del siglo XX. Otro hecho importante fue notificado el pasado 23 de julio, cuando comunidades ind\u00edgenas ocuparon predios privados de ingenios azucareros en el sector de El Tetillo, municipio de Padilla (Cauca), desat\u00e1ndose choques entre las comunidades ind\u00edgenas y trabajadores del ingenio. La agudizaci\u00f3n de las tomas de tierras se ve reflejada en un comunicado firmado por gremios empresariales en cabeza de grandes burgueses y terratenientes del Cauca y el Valle del Cauca emitido el 4 de agosto donde afirman \u00abEn los \u00faltimos meses se han presentado m\u00e1s de 15 afectaciones a fincas en los municipios de Padilla, Guachen\u00e9, Caloto y Miranda, acompa\u00f1adas de acciones que ponen en peligro la vida de los trabajadores agr\u00edcolas y de los habitantes de esta regi\u00f3n. Tan solo hoy, 4 de agosto, se han presentado avasallamientos en tres fincas de diferentes agricultores\u00bb. Ante la ofensiva de los ind\u00edgenas en su justa lucha por tierra para quien la trabaja y en contra de la absurda concentraci\u00f3n de tierras en pocas manos, el presidente electo Gustavo Petro ha llamado a establecer un \u00abdi\u00e1logo regional por la paz\u00bb buscando desmovilizar al pueblo y conciliar los intereses antag\u00f3nicos entre los grandes terratenientes y los pueblos ind\u00edgenas, campesinos y negros sin tierra o con poca tierra.<\/p>\n\n\n\n<figure class=\"wp-block-image aligncenter size-full is-resized\"><img loading=\"lazy\" decoding=\"async\" src=\"https:\/\/nuevademocracia.com.co\/wp-content\/uploads\/2023\/05\/Indigenas-Nasa-tierras.jpg\" alt=\"\" class=\"wp-image-25416\" width=\"724\" height=\"398\" srcset=\"https:\/\/nuevademocracia.com.co\/wp-content\/uploads\/2023\/05\/Indigenas-Nasa-tierras.jpg 965w, https:\/\/nuevademocracia.com.co\/wp-content\/uploads\/2023\/05\/Indigenas-Nasa-tierras-300x165.jpg 300w, https:\/\/nuevademocracia.com.co\/wp-content\/uploads\/2023\/05\/Indigenas-Nasa-tierras-768x422.jpg 768w\" sizes=\"auto, (max-width: 724px) 100vw, 724px\" \/><\/figure>\n\n\n\n<p class=\"has-text-align-center has-black-color has-text-color\"><em>Ind\u00edgenas Nasa instalando su campamento en la toma de la hacienda ca\u00f1era de Vistahermosa en el norte del Cauca, donde se asientan m\u00e1s de 60 familias. Foto: El Tiempo.<\/em><\/p>\n","protected":false},"excerpt":{"rendered":"<p>A continuaci\u00f3n compartimos con nuestros lectores algunos casos de luchas campesinas ocurridas recientemente en distintos lugares del pa\u00eds y que demuestran, tanto la vigencia del problema de la tierra en Colombia, como la necesidad de una revoluci\u00f3n agraria para su resoluci\u00f3n, en la cual verdaderamente se entregue la tierra a quien en ella vive y la trabaja<\/p>\n","protected":false},"author":1,"featured_media":24682,"comment_status":"closed","ping_status":"open","sticky":false,"template":"","format":"standard","meta":{"footnotes":""},"categories":[16,4,144],"tags":[21,20],"class_list":["post-24680","post","type-post","status-publish","format-standard","has-post-thumbnail","hentry","category-carrusel","category-colombia","category-lucha-por-la-tierra","tag-campesinos","tag-tierra"],"blocksy_meta":[],"_links":{"self":[{"href":"https:\/\/nuevademocracia.com.co\/index.php?rest_route=\/wp\/v2\/posts\/24680","targetHints":{"allow":["GET"]}}],"collection":[{"href":"https:\/\/nuevademocracia.com.co\/index.php?rest_route=\/wp\/v2\/posts"}],"about":[{"href":"https:\/\/nuevademocracia.com.co\/index.php?rest_route=\/wp\/v2\/types\/post"}],"author":[{"embeddable":true,"href":"https:\/\/nuevademocracia.com.co\/index.php?rest_route=\/wp\/v2\/users\/1"}],"replies":[{"embeddable":true,"href":"https:\/\/nuevademocracia.com.co\/index.php?rest_route=%2Fwp%2Fv2%2Fcomments&post=24680"}],"version-history":[{"count":6,"href":"https:\/\/nuevademocracia.com.co\/index.php?rest_route=\/wp\/v2\/posts\/24680\/revisions"}],"predecessor-version":[{"id":25417,"href":"https:\/\/nuevademocracia.com.co\/index.php?rest_route=\/wp\/v2\/posts\/24680\/revisions\/25417"}],"wp:featuredmedia":[{"embeddable":true,"href":"https:\/\/nuevademocracia.com.co\/index.php?rest_route=\/wp\/v2\/media\/24682"}],"wp:attachment":[{"href":"https:\/\/nuevademocracia.com.co\/index.php?rest_route=%2Fwp%2Fv2%2Fmedia&parent=24680"}],"wp:term":[{"taxonomy":"category","embeddable":true,"href":"https:\/\/nuevademocracia.com.co\/index.php?rest_route=%2Fwp%2Fv2%2Fcategories&post=24680"},{"taxonomy":"post_tag","embeddable":true,"href":"https:\/\/nuevademocracia.com.co\/index.php?rest_route=%2Fwp%2Fv2%2Ftags&post=24680"}],"curies":[{"name":"wp","href":"https:\/\/api.w.org\/{rel}","templated":true}]}}