{"id":24707,"date":"2022-08-26T00:04:52","date_gmt":"2022-08-26T05:04:52","guid":{"rendered":"https:\/\/nuevademocracia.com.co\/?p=24707"},"modified":"2023-05-14T15:17:35","modified_gmt":"2023-05-14T20:17:35","slug":"si-los-colegios-se-caen-los-estudiantes-se-levantan","status":"publish","type":"post","link":"https:\/\/nuevademocracia.com.co\/?p=24707","title":{"rendered":"\u00a1Si los colegios se caen, los estudiantes se levantan!"},"content":{"rendered":"\n<figure class=\"wp-block-image size-large\"><img loading=\"lazy\" decoding=\"async\" width=\"1024\" height=\"633\" src=\"https:\/\/nuevademocracia.com.co\/wp-content\/uploads\/2023\/05\/Colegios-medellin-protestas-1024x633.jpg\" alt=\"\" class=\"wp-image-25423\" srcset=\"https:\/\/nuevademocracia.com.co\/wp-content\/uploads\/2023\/05\/Colegios-medellin-protestas-1024x633.jpg 1024w, https:\/\/nuevademocracia.com.co\/wp-content\/uploads\/2023\/05\/Colegios-medellin-protestas-300x185.jpg 300w, https:\/\/nuevademocracia.com.co\/wp-content\/uploads\/2023\/05\/Colegios-medellin-protestas-768x475.jpg 768w, https:\/\/nuevademocracia.com.co\/wp-content\/uploads\/2023\/05\/Colegios-medellin-protestas.jpg 1330w\" sizes=\"auto, (max-width: 1024px) 100vw, 1024px\" \/><\/figure>\n\n\n\n<p class=\"has-black-color has-text-color\">El pasado mi\u00e9rcoles 10 de agosto, estudiantes, maestras y padres de familia del colegio Gilberto Alzate Avenda\u00f1o, ubicado en el barrio Aranjuez (Medell\u00edn), realizaron un plant\u00f3n y posteriormente una marcha por el sector que cont\u00f3 con la participaci\u00f3n de m\u00e1s de 200 manifestantes. En la movilizaci\u00f3n se agitaron consignas, se repartieron volantes y se escribieron mensajes con pintura durante el recorrido denunciando los graves problemas de infraestructura que tiene la instituci\u00f3n: humedades, inundaciones tras las fuertes lluvias, libros y equipos da\u00f1ados por las precarias condiciones e inclusive paredes y pisos sumamente deteriorados y a punto de desmoronarse.<\/p>\n\n\n\n<p class=\"has-black-color has-text-color\">Tras el reinicio de las clases presenciales se ha evidenciado la cr\u00edtica situaci\u00f3n en materia de infraestructura que enfrentan la gran mayor\u00eda de instituciones educativas de Medell\u00edn, pues seg\u00fan cifras oficiales de la alcald\u00eda alrededor del 95% tienen alg\u00fan problema de infraestructura y se han identificado 27 casos de mayor gravedad, entre los que destacan -adem\u00e1s de este colegio en Aranjuez- la Instituci\u00f3n Educativa Diego Echavarr\u00eda Misas y la Instituci\u00f3n Educativa Javiera Londo\u00f1o, donde incluso se han presentado casos de estudiantes heridos al desprenderse pedazos de las paredes en medio de la jornada escolar.<\/p>\n\n\n\n<p class=\"has-black-color has-text-color\">Por este motivo el estudiantado del Alzate Avenda\u00f1o se viene organizando, reuni\u00e9ndose en asamblea general durante el pasado mes de junio y acordando entre sus definiciones jornadas de difusi\u00f3n de la problem\u00e1tica en el barrio y un plant\u00f3n para denunciar la situaci\u00f3n y presionar a la administraci\u00f3n local para que no siga incumpliendo sus promesas de remodelaciones y mejoras. Los estudiantes han anunciado que continuar\u00e1n moviliz\u00e1ndose hasta que la alcald\u00eda tome cartas en el asunto y garantice soluciones.<\/p>\n\n\n\n<figure class=\"wp-block-image size-full\"><img loading=\"lazy\" decoding=\"async\" width=\"998\" height=\"626\" src=\"https:\/\/nuevademocracia.com.co\/wp-content\/uploads\/2023\/05\/Colegios-medellin-protestas-1.jpg\" alt=\"\" class=\"wp-image-25425\" srcset=\"https:\/\/nuevademocracia.com.co\/wp-content\/uploads\/2023\/05\/Colegios-medellin-protestas-1.jpg 998w, https:\/\/nuevademocracia.com.co\/wp-content\/uploads\/2023\/05\/Colegios-medellin-protestas-1-300x188.jpg 300w, https:\/\/nuevademocracia.com.co\/wp-content\/uploads\/2023\/05\/Colegios-medellin-protestas-1-768x482.jpg 768w\" sizes=\"auto, (max-width: 998px) 100vw, 998px\" \/><\/figure>\n","protected":false},"excerpt":{"rendered":"<p>El pasado mi\u00e9rcoles 10 de agosto, estudiantes, maestras y padres de familia del colegio Gilberto Alzate Avenda\u00f1o, ubicado en el barrio Aranjuez (Medell\u00edn), realizaron un plant\u00f3n y posteriormente una marcha por el sector que cont\u00f3 con la participaci\u00f3n de m\u00e1s de 200 manifestantes. <\/p>\n","protected":false},"author":1,"featured_media":24710,"comment_status":"closed","ping_status":"open","sticky":false,"template":"","format":"standard","meta":{"footnotes":""},"categories":[4],"tags":[30,28,18,29],"class_list":["post-24707","post","type-post","status-publish","format-standard","has-post-thumbnail","hentry","category-colombia","tag-crisis-colegios","tag-juventud","tag-protestas","tag-secundaristas"],"blocksy_meta":[],"_links":{"self":[{"href":"https:\/\/nuevademocracia.com.co\/index.php?rest_route=\/wp\/v2\/posts\/24707","targetHints":{"allow":["GET"]}}],"collection":[{"href":"https:\/\/nuevademocracia.com.co\/index.php?rest_route=\/wp\/v2\/posts"}],"about":[{"href":"https:\/\/nuevademocracia.com.co\/index.php?rest_route=\/wp\/v2\/types\/post"}],"author":[{"embeddable":true,"href":"https:\/\/nuevademocracia.com.co\/index.php?rest_route=\/wp\/v2\/users\/1"}],"replies":[{"embeddable":true,"href":"https:\/\/nuevademocracia.com.co\/index.php?rest_route=%2Fwp%2Fv2%2Fcomments&post=24707"}],"version-history":[{"count":4,"href":"https:\/\/nuevademocracia.com.co\/index.php?rest_route=\/wp\/v2\/posts\/24707\/revisions"}],"predecessor-version":[{"id":25426,"href":"https:\/\/nuevademocracia.com.co\/index.php?rest_route=\/wp\/v2\/posts\/24707\/revisions\/25426"}],"wp:featuredmedia":[{"embeddable":true,"href":"https:\/\/nuevademocracia.com.co\/index.php?rest_route=\/wp\/v2\/media\/24710"}],"wp:attachment":[{"href":"https:\/\/nuevademocracia.com.co\/index.php?rest_route=%2Fwp%2Fv2%2Fmedia&parent=24707"}],"wp:term":[{"taxonomy":"category","embeddable":true,"href":"https:\/\/nuevademocracia.com.co\/index.php?rest_route=%2Fwp%2Fv2%2Fcategories&post=24707"},{"taxonomy":"post_tag","embeddable":true,"href":"https:\/\/nuevademocracia.com.co\/index.php?rest_route=%2Fwp%2Fv2%2Ftags&post=24707"}],"curies":[{"name":"wp","href":"https:\/\/api.w.org\/{rel}","templated":true}]}}