{"id":24713,"date":"2022-08-26T00:12:19","date_gmt":"2022-08-26T05:12:19","guid":{"rendered":"https:\/\/nuevademocracia.com.co\/?p=24713"},"modified":"2023-05-14T15:20:04","modified_gmt":"2023-05-14T20:20:04","slug":"aumenta-la-pugna-entre-las-potencias-imperialistas-y-los-preparativos-para-la-guerra","status":"publish","type":"post","link":"https:\/\/nuevademocracia.com.co\/?p=24713","title":{"rendered":"Aumenta la pugna entre las potencias imperialistas y los preparativos para la guerra"},"content":{"rendered":"\n<figure class=\"wp-block-image aligncenter size-full\"><img loading=\"lazy\" decoding=\"async\" width=\"764\" height=\"557\" src=\"https:\/\/nuevademocracia.com.co\/wp-content\/uploads\/2023\/05\/Protestas-contra-la-cumbre-de-la-OTAN.jpg\" alt=\"\" class=\"wp-image-25427\" srcset=\"https:\/\/nuevademocracia.com.co\/wp-content\/uploads\/2023\/05\/Protestas-contra-la-cumbre-de-la-OTAN.jpg 764w, https:\/\/nuevademocracia.com.co\/wp-content\/uploads\/2023\/05\/Protestas-contra-la-cumbre-de-la-OTAN-300x219.jpg 300w\" sizes=\"auto, (max-width: 764px) 100vw, 764px\" \/><\/figure>\n\n\n\n<p class=\"has-text-align-center has-black-color has-text-color\"><em>Protesta contra la OTAN en Madrid. Espa\u00f1a. Foto: (Getty\/Europa Press\/Jes\u00fas Hell\u00edn)<\/em><\/p>\n\n\n\n<p class=\"has-black-color has-text-color\">La OTAN es un aparato militar, surgido a partir de la firma de un tratado en 1949, entre un grupo de potencias imperialistas (EE.UU., Francia, Italia, Reino Unido, entre otras.), para defenderse mutuamente en caso de guerra con otras potencias imperialistas. Siendo la principal potencia imperialista en el mundo, EE.UU. domina al interior de la OTAN, y adem\u00e1s de utilizar sus propias fuerzas (EE.UU. tiene m\u00e1s de 200 bases militares por todo el mundo [1]), tambi\u00e9n utiliza las fuerzas de sus aliados de la OTAN para extender su dominio entre los pa\u00edses de Europa Oriental y Oriente Medio. Un ejemplo de esto fue en 2001, cuando EE.UU. invadi\u00f3 Afganist\u00e1n con apoyo militar de la OTAN.<\/p>\n\n\n\n<p class=\"has-black-color has-text-color\">El pasado 29 y 30 de junio, en Madrid, se realiz\u00f3 la Cumbre de la OTAN, cuyo tema principal era la actual invasi\u00f3n de Rusia a Ucrania. A continuaci\u00f3n, algunos de los acuerdos establecidos en la cumbre:<\/p>\n\n\n\n<p class=\"has-black-color has-text-color\">1- Aumento del gasto militar por parte de las principales potencias imperialistas de la OTAN;<\/p>\n\n\n\n<p class=\"has-black-color has-text-color\">2- Aumento de las tropas de la OTAN en territorio europeo, pasando de 40.000 soldados a 300.000 el pr\u00f3ximo a\u00f1o;<\/p>\n\n\n\n<p class=\"has-black-color has-text-color\">3- Declaraci\u00f3n de Rusia como \u00abla amenaza m\u00e1s significativa y directa para la seguridad de los aliados y para la paz y la estabilidad de Occidente\u00bb;<\/p>\n\n\n\n<p class=\"has-black-color has-text-color\">4- Declaraci\u00f3n de China como un \u00abdesaf\u00edo sist\u00e9mico para la seguridad euroatl\u00e1ntica\u00bb;<\/p>\n\n\n\n<p class=\"has-black-color has-text-color\">5- Mayor presencia militar de EE.UU. en Europa, para lo cual enviar\u00e1 100.000 militares m\u00e1s, as\u00ed como el refuerzo de la infraestructura militar estadounidense.<\/p>\n\n\n\n<p class=\"has-black-color has-text-color\">Esta cumbre y las anteriores conclusiones, evidencian la creciente pugna entre las potencias imperialistas y sus respectivos preparativos para la guerra. El imperialismo yanqui est\u00e1 movilizando sus fuerzas y presionando a sus aliados de la OTAN para alinearse bajo su mando, y as\u00ed hacerle frente a Rusia y China, que son las dos potencias imperialistas que actualmente desaf\u00edan sus intereses econ\u00f3micos y pol\u00edticos como superpotencia hegem\u00f3nica mundial. Todo lo anterior se hace mucho m\u00e1s necesario y urgente, debido al desenvolvimiento de la crisis econ\u00f3mica, raz\u00f3n por la cual los recursos estrat\u00e9gicos, el control de las colonias que poseen dichos recursos, y el dominio de la econom\u00eda mundial, cobran mayor importancia para poder salvar sus econom\u00edas. As\u00ed pues, las grandes potencias imperialistas, bajo la presi\u00f3n de sus econom\u00edas en crisis, se alistan para la guerra, una guerra por un nuevo reparto del mundo, donde los pa\u00edses oprimidos del tercer mundo somos parte del bot\u00edn.<\/p>\n\n\n\n<figure class=\"wp-block-image aligncenter size-full\"><img loading=\"lazy\" decoding=\"async\" width=\"399\" height=\"249\" src=\"https:\/\/nuevademocracia.com.co\/wp-content\/uploads\/2023\/05\/Protestas-contra-la-OTAN.jpg\" alt=\"\" class=\"wp-image-25429\" srcset=\"https:\/\/nuevademocracia.com.co\/wp-content\/uploads\/2023\/05\/Protestas-contra-la-OTAN.jpg 399w, https:\/\/nuevademocracia.com.co\/wp-content\/uploads\/2023\/05\/Protestas-contra-la-OTAN-300x187.jpg 300w\" sizes=\"auto, (max-width: 399px) 100vw, 399px\" \/><\/figure>\n\n\n\n<p class=\"has-text-align-center has-black-color has-text-color\"><em>Miles de personas protestan en Madrid contra la cumbre de la OTAN. Foto: Reuters 2022<\/em><\/p>\n","protected":false},"excerpt":{"rendered":"<p>El pasado 29 y 30 de junio, en Madrid, se realiz\u00f3 la Cumbre de la OTAN, cuyo tema principal era la actual invasi\u00f3n de Rusia a Ucrania. A continuaci\u00f3n, algunos de los acuerdos establecidos en la cumbre.<\/p>\n","protected":false},"author":1,"featured_media":24715,"comment_status":"closed","ping_status":"open","sticky":false,"template":"","format":"standard","meta":{"footnotes":""},"categories":[31],"tags":[35,33,32,34],"class_list":["post-24713","post","type-post","status-publish","format-standard","has-post-thumbnail","hentry","category-internacional","tag-crisis-mundial","tag-guerra-mundial","tag-imperialismo","tag-potencias"],"blocksy_meta":[],"_links":{"self":[{"href":"https:\/\/nuevademocracia.com.co\/index.php?rest_route=\/wp\/v2\/posts\/24713","targetHints":{"allow":["GET"]}}],"collection":[{"href":"https:\/\/nuevademocracia.com.co\/index.php?rest_route=\/wp\/v2\/posts"}],"about":[{"href":"https:\/\/nuevademocracia.com.co\/index.php?rest_route=\/wp\/v2\/types\/post"}],"author":[{"embeddable":true,"href":"https:\/\/nuevademocracia.com.co\/index.php?rest_route=\/wp\/v2\/users\/1"}],"replies":[{"embeddable":true,"href":"https:\/\/nuevademocracia.com.co\/index.php?rest_route=%2Fwp%2Fv2%2Fcomments&post=24713"}],"version-history":[{"count":4,"href":"https:\/\/nuevademocracia.com.co\/index.php?rest_route=\/wp\/v2\/posts\/24713\/revisions"}],"predecessor-version":[{"id":25430,"href":"https:\/\/nuevademocracia.com.co\/index.php?rest_route=\/wp\/v2\/posts\/24713\/revisions\/25430"}],"wp:featuredmedia":[{"embeddable":true,"href":"https:\/\/nuevademocracia.com.co\/index.php?rest_route=\/wp\/v2\/media\/24715"}],"wp:attachment":[{"href":"https:\/\/nuevademocracia.com.co\/index.php?rest_route=%2Fwp%2Fv2%2Fmedia&parent=24713"}],"wp:term":[{"taxonomy":"category","embeddable":true,"href":"https:\/\/nuevademocracia.com.co\/index.php?rest_route=%2Fwp%2Fv2%2Fcategories&post=24713"},{"taxonomy":"post_tag","embeddable":true,"href":"https:\/\/nuevademocracia.com.co\/index.php?rest_route=%2Fwp%2Fv2%2Ftags&post=24713"}],"curies":[{"name":"wp","href":"https:\/\/api.w.org\/{rel}","templated":true}]}}