{"id":24719,"date":"2022-08-26T00:23:27","date_gmt":"2022-08-26T05:23:27","guid":{"rendered":"https:\/\/nuevademocracia.com.co\/?p=24719"},"modified":"2023-05-14T15:24:35","modified_gmt":"2023-05-14T20:24:35","slug":"nueva-crisis-viejo-sistema-al-borde-de-la-recesion-mundial","status":"publish","type":"post","link":"https:\/\/nuevademocracia.com.co\/?p=24719","title":{"rendered":"Nueva crisis, viejo sistema: al borde de la recesi\u00f3n mundial"},"content":{"rendered":"\n<figure class=\"wp-block-image aligncenter size-large is-resized\"><img loading=\"lazy\" decoding=\"async\" src=\"https:\/\/nuevademocracia.com.co\/wp-content\/uploads\/2023\/05\/Protestas-Ecuador-1024x980.jpg\" alt=\"\" class=\"wp-image-25432\" width=\"512\" height=\"490\" srcset=\"https:\/\/nuevademocracia.com.co\/wp-content\/uploads\/2023\/05\/Protestas-Ecuador-1024x980.jpg 1024w, https:\/\/nuevademocracia.com.co\/wp-content\/uploads\/2023\/05\/Protestas-Ecuador-300x287.jpg 300w, https:\/\/nuevademocracia.com.co\/wp-content\/uploads\/2023\/05\/Protestas-Ecuador-768x735.jpg 768w, https:\/\/nuevademocracia.com.co\/wp-content\/uploads\/2023\/05\/Protestas-Ecuador.jpg 1337w\" sizes=\"auto, (max-width: 512px) 100vw, 512px\" \/><\/figure>\n\n\n\n<p class=\"has-text-align-center has-black-color has-text-color\"><em>Pueblos ind\u00edgenas marchan hacia la Universidad Central del Ecuador en junio de 2022, en medio de un nuevo levantamiento popular. Foto: Carlos Villalba \/ AFP<\/em><\/p>\n\n\n\n<p class=\"has-black-color has-text-color\">Una nueva crisis econ\u00f3mica de grandes proporciones se est\u00e1 gestando en las entra\u00f1as de este viejo sistema imperialista, reafirmando el gran caos y la profunda desigualdad que reinan bajo los cielos del mundo en la actualidad.<\/p>\n\n\n\n<p class=\"has-black-color has-text-color\">El reciente comunicado de prensa publicado el pasado 7 de junio en el portal web del Banco Mundial, en el cual se socializan algunos hallazgos del \u00faltimo informe sobre las perspectivas econ\u00f3micas mundiales, resulta bastante diciente al respecto, concluyendo que debido a diversos factores \u00ab<strong>para muchos pa\u00edses, ser\u00e1 dif\u00edcil evitar la recesi\u00f3n<\/strong>\u00ab. El comunicado se\u00f1ala que en el presente a\u00f1o se viene agudizando de manera abrupta la desaceleraci\u00f3n de la econom\u00eda mundial, la cual est\u00e1 entrando en \u00ablo que podr\u00eda convertirse en un&nbsp;<strong>periodo prolongado de escaso crecimiento y elevada inflaci\u00f3n<\/strong>&nbsp;(\u2026) este contexto aumenta el riesgo de estanflaci\u00f3n, con consecuencias potencialmente perjudiciales tanto para las econom\u00edas de ingreso mediano como para las de ingreso bajo\u00bb. Las recientes previsiones de la ONU, el Banco Mundial y otros organismos internacionales al servicio de los intereses de las potencias imperialistas, con Estados Unidos a la cabeza, han confirmado esta tendencia a la crisis reduciendo durante los \u00faltimos meses sus perspectivas de crecimiento global por lo que resta del a\u00f1o y para el 2023.<\/p>\n\n\n\n<p class=\"has-black-color has-text-color\">Las preocupantes conclusiones de estos informes se traducen para el pueblo como la inminencia de un nuevo periodo de m\u00e1s hambre, miseria, explotaci\u00f3n y desigualdad. Seg\u00fan un informe de diversas organizaciones internacionales, para el a\u00f1o 2021 el 29,3% de la poblaci\u00f3n mundial padeci\u00f3 en alg\u00fan grado las consecuencias del hambre. El caso de Am\u00e9rica Latina resulta especialmente grave con un total de 207 millones de personas desempleadas seg\u00fan la OIT y unos niveles de hambre no vistos en la regi\u00f3n en dos d\u00e9cadas seg\u00fan la ONU, alcanzando la cifra de 59,7 millones durante el periodo de auge de la pandemia en el 2020, del cual todav\u00eda no hay una plena recuperaci\u00f3n y que se combinan con unos elevados niveles de inflaci\u00f3n no solo en Am\u00e9rica Latina sino en el mundo entero.<\/p>\n\n\n\n<p class=\"has-black-color has-text-color\">En el informe de actualizaci\u00f3n del Departamento de Asuntos Econ\u00f3micos y Sociales (DESA) de la ONU presentado en mayo se refleja m\u00e1s crudamente lo que le espera al pueblo en el corto y mediano plazo: \u00ab(\u2026)&nbsp;<strong>alerta de que el aumento de la inflaci\u00f3n en la comida acent\u00faa la inseguridad alimentaria y<\/strong>&nbsp;<strong>empuja a millones de personas a vivir por debajo de la l\u00ednea de pobreza<\/strong>&nbsp;en muchos pa\u00edses en desarrollo que todav\u00eda sufren los efectos econ\u00f3micos de la pandemia (\u2026)&nbsp;<strong>El aumento de la pobreza agudizar\u00e1 inevitablemente la desigualdad en muy poco tiempo, tanto dentro de los pa\u00edses como entre ellos<\/strong>\u00ab.<\/p>\n\n\n\n<p class=\"has-black-color has-text-color\">La explosiva combinaci\u00f3n del estancamiento de la econom\u00eda mundial (recesi\u00f3n) y el elevado costo de vida (inflaci\u00f3n) han sido justificados en cada uno de los informes de estos organismos -financiados y dirigidos por las grandes potencias- como parte de los efectos de la pandemia y de la agresi\u00f3n imperialista de Rusia a Ucrania, simplificando el fen\u00f3meno y desconociendo as\u00ed las causas estructurales de las crisis en este sistema, que realmente se encuentran no solo en uno u otro acontecimiento fortuito o manifestaci\u00f3n del problema, sino en la propia base econ\u00f3mica del capitalismo, hoy en su fase superior y \u00faltima, el imperialismo. Como bien lo se\u00f1alan los colegas del peri\u00f3dico democr\u00e1tico y popular&nbsp;<em>A Nova Democracia&nbsp;<\/em>de Brasil: \u00abla crisis, la miseria de las masas y la destrucci\u00f3n de las finanzas de todas las naciones, especialmente de las oprimidas, es culpa del imperialismo y de la forma como este produce las riquezas,&nbsp;<strong>basada en la apropiaci\u00f3n individual de los capitalistas<\/strong>, que acumulan fortunas inimaginables, privando a las masas de disfrutar de todas las riquezas que producen. La crisis es resultado de eso (\u2026)&nbsp;<strong>El imperialismo produce m\u00e1s mercanc\u00edas de lo que los bajos salarios permiten a las masas comprar y, a pesar de haber producido una enorme riqueza, los trabajadores son obligados a pasar hambre<\/strong>\u00ab.<\/p>\n\n\n\n<p class=\"has-black-color has-text-color\">En el caso particular de Am\u00e9rica Latina los efectos de esta crisis se sentir\u00e1n con todo el rigor debido a nuestra condici\u00f3n de ser una regi\u00f3n semicolonial, esto es: formalmente independientes, pero sometidos econ\u00f3mica, pol\u00edtica, militar e ideol\u00f3gicamente a diversas potencias imperialistas, en nuestro caso dominados principalmente por los imperialistas yanquis pero tambi\u00e9n con injerencia de Canad\u00e1, Rusia, China, Alemania, Francia, Espa\u00f1a, entre otras.<\/p>\n\n\n\n<p class=\"has-black-color has-text-color\">El d\u00e9bil desarrollo de una industria nacional propia producto de su aplastamiento por el gran capital monop\u00f3lico y el rol que nos ha sido impuesto por el imperialismo de meros exportadores de materias primas, har\u00e1 que la recesi\u00f3n econ\u00f3mica en nuestros pa\u00edses sea a\u00fan peor, tanto por la profunda dependencia de estas exportaciones las cuales se ver\u00e1n duramente afectadas por el debilitamiento de la producci\u00f3n mundial, como por nuestra dependencia a las importaciones extranjeras en diversos renglones de nuestra econom\u00eda.<\/p>\n\n\n\n<p class=\"has-black-color has-text-color\">Y si ya de por si el escenario actual es bastante oscuro, las previsiones de diversos economistas burgueses a cargo de la direcci\u00f3n de estos \u00f3rganos imperialistas no es para nada alentador. En el informe anteriormente citado del Banco Mundial sentencian: \u00abse prev\u00e9 que la inflaci\u00f3n mundial ser\u00e1 moderada el pr\u00f3ximo a\u00f1o, pero&nbsp;<strong>probablemente seguir\u00e1 estando por encima de las metas de inflaci\u00f3n en muchas econom\u00edas<\/strong>. En el informe se observa que, si la inflaci\u00f3n contin\u00faa siendo elevada (\u2026) podr\u00eda traducirse en&nbsp;<strong>una marcada desaceleraci\u00f3n mundial<\/strong>\u00ab. Adem\u00e1s, al comparar la situaci\u00f3n actual con una similar ocurrida en la d\u00e9cada de los setenta advierten que \u00abla recuperaci\u00f3n de la estanflaci\u00f3n que se registr\u00f3 en los a\u00f1os setenta&nbsp;<strong>exigi\u00f3 fuertes aumentos en las tasas de inter\u00e9s en las principales econom\u00edas avanzadas, lo que contribuy\u00f3 en gran medida a desencadenar una serie de crisis financieras en los mercados emergentes y las econom\u00edas en desarrollo<\/strong>\u00ab.<\/p>\n\n\n\n<p class=\"has-black-color has-text-color\">As\u00ed pues, es claro que al menos en el corto y mediano plazo no se prev\u00e9 una importante recuperaci\u00f3n econ\u00f3mica en el marco del actual sistema, por el contrario estamos viviendo un agravamiento sin precedentes de la actual crisis imperialista con una mayor explotaci\u00f3n recargada sobre los hombros de las naciones oprimidas del tercer mundo y de las clases trabajadoras de los pa\u00edses opresores, adem\u00e1s de la agudizaci\u00f3n de las disputas entre potencias imperialistas que desatan sangrientas e injustas guerras de agresi\u00f3n como las ocurridas durante las \u00faltimas d\u00e9cadas en Irak, Afganist\u00e1n, Libia, Siria y ahora en Ucrania.<\/p>\n\n\n\n<p class=\"has-black-color has-text-color\">Todos estos acontecimientos no hacen m\u00e1s que reafirmar los clarificadores planteamientos del gran l\u00edder revolucionario ruso Lenin en su magistral obra&nbsp;<em>El imperialismo fase superior del capitalismo&nbsp;<\/em>(1916) al caracterizar al imperialismo como \u00abcapitalismo parasitario, agonizante y en descomposici\u00f3n\u00bb, afirmando que este es \u00abreacci\u00f3n en toda la l\u00ednea\u00bb (relegando as\u00ed el car\u00e1cter progresista del capitalismo en su pugna con las sociedades feudales y primando ahora su car\u00e1cter reaccionario en la lucha contra el proletariado) y denunciando su tendencia inevitable a la mayor reaccionarizaci\u00f3n de los Estados.<\/p>\n\n\n\n<p class=\"has-black-color has-text-color\">No hay perspectiva ni futuro para el pueblo colombiano y los pueblos del mundo entero mientras se encuentren estrangulados por los miserables chupasangres imperialistas. Ante el aumento de la explotaci\u00f3n y opresi\u00f3n de las grandes masas, se hace cada vez m\u00e1s claro a los ojos del mundo que la \u00fanica salida es una aut\u00e9ntica Revoluci\u00f3n Proletaria Mundial en la que sean los pueblos quienes con el poder en sus manos definan los rumbos de sus propias naciones. Las grandes rebeliones populares contra el alza de los alimentos, el combustible y el costo de vida en pa\u00edses oprimidos como Ecuador, Per\u00fa, Panam\u00e1, Argentina, Sri Lanka, Sud\u00e1n, Sud\u00e1frica y Libia son signos de los agitados tiempos que se avecinan.<\/p>\n\n\n\n<figure class=\"wp-block-image size-full\"><img loading=\"lazy\" decoding=\"async\" width=\"937\" height=\"469\" src=\"https:\/\/nuevademocracia.com.co\/wp-content\/uploads\/2023\/05\/Protestas-Siri-Lanka.jpg\" alt=\"\" class=\"wp-image-25433\" srcset=\"https:\/\/nuevademocracia.com.co\/wp-content\/uploads\/2023\/05\/Protestas-Siri-Lanka.jpg 937w, https:\/\/nuevademocracia.com.co\/wp-content\/uploads\/2023\/05\/Protestas-Siri-Lanka-300x150.jpg 300w, https:\/\/nuevademocracia.com.co\/wp-content\/uploads\/2023\/05\/Protestas-Siri-Lanka-768x384.jpg 768w\" sizes=\"auto, (max-width: 937px) 100vw, 937px\" \/><\/figure>\n\n\n\n<p class=\"has-text-align-center has-black-color has-text-color\"><em>Manifestantes en Sri Lanka se toman el palacio presidencial y le prenden fuego en combativas protestas durante el mes de julio. Foto: Reuters<\/em><\/p>\n\n\n\n<figure class=\"wp-block-image size-large\"><img loading=\"lazy\" decoding=\"async\" width=\"1024\" height=\"576\" src=\"https:\/\/nuevademocracia.com.co\/wp-content\/uploads\/2023\/05\/Protestas-Panama-1024x576.jpg\" alt=\"\" class=\"wp-image-25434\" srcset=\"https:\/\/nuevademocracia.com.co\/wp-content\/uploads\/2023\/05\/Protestas-Panama-1024x576.jpg 1024w, https:\/\/nuevademocracia.com.co\/wp-content\/uploads\/2023\/05\/Protestas-Panama-300x169.jpg 300w, https:\/\/nuevademocracia.com.co\/wp-content\/uploads\/2023\/05\/Protestas-Panama-768x432.jpg 768w, https:\/\/nuevademocracia.com.co\/wp-content\/uploads\/2023\/05\/Protestas-Panama.jpg 1215w\" sizes=\"auto, (max-width: 1024px) 100vw, 1024px\" \/><\/figure>\n\n\n\n<p class=\"has-text-align-center has-black-color has-text-color\"><em>Combativas y multitudinarias protestas en Panam\u00e1 durante el mes de julio. Foto: Arnulfo Franco \/ AP<\/em><\/p>\n\n\n\n<figure class=\"wp-block-image size-large\"><img loading=\"lazy\" decoding=\"async\" width=\"1024\" height=\"538\" src=\"https:\/\/nuevademocracia.com.co\/wp-content\/uploads\/2023\/05\/Protestas-Libia-1024x538.jpg\" alt=\"\" class=\"wp-image-25435\" srcset=\"https:\/\/nuevademocracia.com.co\/wp-content\/uploads\/2023\/05\/Protestas-Libia-1024x538.jpg 1024w, https:\/\/nuevademocracia.com.co\/wp-content\/uploads\/2023\/05\/Protestas-Libia-300x158.jpg 300w, https:\/\/nuevademocracia.com.co\/wp-content\/uploads\/2023\/05\/Protestas-Libia-768x404.jpg 768w, https:\/\/nuevademocracia.com.co\/wp-content\/uploads\/2023\/05\/Protestas-Libia.jpg 1212w\" sizes=\"auto, (max-width: 1024px) 100vw, 1024px\" \/><\/figure>\n\n\n\n<p class=\"has-text-align-center has-black-color has-text-color\"><em>Manifestantes prenden fuego al edificio del parlamento en medio de nuevas protestas en Libia ante el deterioro de las condiciones de vida y la corrupci\u00f3n gubernamental. Foto: Reuters<\/em><\/p>\n","protected":false},"excerpt":{"rendered":"<p>Una nueva crisis econ\u00f3mica de grandes proporciones se est\u00e1 gestando en las entra\u00f1as de este viejo sistema imperialista, reafirmando el gran caos y la profunda desigualdad que reinan bajo los cielos del mundo en la actualidad. <\/p>\n","protected":false},"author":1,"featured_media":24723,"comment_status":"closed","ping_status":"open","sticky":false,"template":"","format":"standard","meta":{"footnotes":""},"categories":[16,31],"tags":[35,32,18],"class_list":["post-24719","post","type-post","status-publish","format-standard","has-post-thumbnail","hentry","category-carrusel","category-internacional","tag-crisis-mundial","tag-imperialismo","tag-protestas"],"blocksy_meta":[],"_links":{"self":[{"href":"https:\/\/nuevademocracia.com.co\/index.php?rest_route=\/wp\/v2\/posts\/24719","targetHints":{"allow":["GET"]}}],"collection":[{"href":"https:\/\/nuevademocracia.com.co\/index.php?rest_route=\/wp\/v2\/posts"}],"about":[{"href":"https:\/\/nuevademocracia.com.co\/index.php?rest_route=\/wp\/v2\/types\/post"}],"author":[{"embeddable":true,"href":"https:\/\/nuevademocracia.com.co\/index.php?rest_route=\/wp\/v2\/users\/1"}],"replies":[{"embeddable":true,"href":"https:\/\/nuevademocracia.com.co\/index.php?rest_route=%2Fwp%2Fv2%2Fcomments&post=24719"}],"version-history":[{"count":4,"href":"https:\/\/nuevademocracia.com.co\/index.php?rest_route=\/wp\/v2\/posts\/24719\/revisions"}],"predecessor-version":[{"id":25436,"href":"https:\/\/nuevademocracia.com.co\/index.php?rest_route=\/wp\/v2\/posts\/24719\/revisions\/25436"}],"wp:featuredmedia":[{"embeddable":true,"href":"https:\/\/nuevademocracia.com.co\/index.php?rest_route=\/wp\/v2\/media\/24723"}],"wp:attachment":[{"href":"https:\/\/nuevademocracia.com.co\/index.php?rest_route=%2Fwp%2Fv2%2Fmedia&parent=24719"}],"wp:term":[{"taxonomy":"category","embeddable":true,"href":"https:\/\/nuevademocracia.com.co\/index.php?rest_route=%2Fwp%2Fv2%2Fcategories&post=24719"},{"taxonomy":"post_tag","embeddable":true,"href":"https:\/\/nuevademocracia.com.co\/index.php?rest_route=%2Fwp%2Fv2%2Ftags&post=24719"}],"curies":[{"name":"wp","href":"https:\/\/api.w.org\/{rel}","templated":true}]}}