{"id":24730,"date":"2022-08-26T00:37:20","date_gmt":"2022-08-26T05:37:20","guid":{"rendered":"https:\/\/nuevademocracia.com.co\/?p=24730"},"modified":"2023-05-14T15:29:42","modified_gmt":"2023-05-14T20:29:42","slug":"acciones-a-nivel-mundial-en-apoyo-a-la-guerra-popular-en-la-india","status":"publish","type":"post","link":"https:\/\/nuevademocracia.com.co\/?p=24730","title":{"rendered":"Acciones a nivel mundial en apoyo a la Guerra Popular en la India"},"content":{"rendered":"\n<p class=\"has-black-color has-text-color\">Revolucionarios de varios pa\u00edses mediante un comunicado convocaron para que el d\u00eda 9 de julio se realizaran acciones en defensa y apoyo a la Guerra Popular en la India y en denuncia al Estado de India que ha perseguido, encarcelado y asesinado revolucionarios, intelectuales y dem\u00f3cratas consecuentes. Dentro del&nbsp;&nbsp;&nbsp; comunicado de convocatoria se afirma que \u00abla bandera de la revoluci\u00f3n en India debe mantenerse en alto con firmeza y servir como grito de guerra contra el imperialismo y todos sus aliados. Tenemos que denunciar el car\u00e1cter genocida del viejo Estado y el r\u00e9gimen que lo encabeza. La represi\u00f3n y la persecuci\u00f3n contra el movimiento popular, las minor\u00edas nacionales, los &#8216;dalits&#8217; y todos los otros sectores de las masas oprimidas deben ser combatidas con solidaridad pr\u00e1ctica\u00bb. Adem\u00e1s en el comunicado se hace un llamado a tomar las calles y realizar diferentes acciones para defender la libertad y vida de los miles de hombres y mujeres que est\u00e1n luchando por hacer la revoluci\u00f3n en la India.<\/p>\n\n\n\n<p class=\"has-black-color has-text-color\">Las fuerzas antimperialistas firmantes invitan a conocer y difundir las luchas revolucionarias del pueblo en el mundo, a defender su derecho por transformar la sociedad, a denunciar a los Estados reaccionarios que quieren opacar la llama de la revoluci\u00f3n, a rechazar las acciones imperialistas que intentan opacar los levantamientos y guerras populares, y en particular a apoyar la actual Guerra Popular en la India como ejemplo para la liberaci\u00f3n de los pueblos del mundo.<\/p>\n\n\n\n<p class=\"has-black-color has-text-color\">Ante este llamado, dem\u00f3cratas y revolucionarios de M\u00e9xico, Austria, Francia, Alemania, Ecuador, Colombia, Noruega, Finlandia, Irlanda y Brasil, entre otros, realizaron acciones de agitaci\u00f3n y propaganda, pintas en paredes, pega de carteles, distribuci\u00f3n de volantes, pancartas y telas informativas, entre otras, en funci\u00f3n de informar, difundir y defender la guerra popular revolucionaria que est\u00e1 librando actualmente el pueblo en la India dirigida por el Partido Comunista de la India (Maoista).<\/p>\n\n\n\n<figure class=\"wp-block-image aligncenter size-full is-resized\"><img loading=\"lazy\" decoding=\"async\" src=\"https:\/\/nuevademocracia.com.co\/wp-content\/uploads\/2023\/05\/Guerra-Popular-India.jpg\" alt=\"\" class=\"wp-image-25438\" width=\"711\" height=\"402\" srcset=\"https:\/\/nuevademocracia.com.co\/wp-content\/uploads\/2023\/05\/Guerra-Popular-India.jpg 948w, https:\/\/nuevademocracia.com.co\/wp-content\/uploads\/2023\/05\/Guerra-Popular-India-300x170.jpg 300w, https:\/\/nuevademocracia.com.co\/wp-content\/uploads\/2023\/05\/Guerra-Popular-India-768x434.jpg 768w\" sizes=\"auto, (max-width: 711px) 100vw, 711px\" \/><\/figure>\n\n\n\n<p class=\"has-text-align-center has-black-color has-text-color\"><em>Acci\u00f3n realizada en Austria en apoyo de la guerra popular en la India. Cartel dice: Apoyo a la guerra popular en la India. Foto: rotefahne.<\/em><\/p>\n\n\n\n<figure class=\"wp-block-image aligncenter size-full is-resized\"><img loading=\"lazy\" decoding=\"async\" src=\"https:\/\/nuevademocracia.com.co\/wp-content\/uploads\/2023\/05\/Guerra-Popular-India-1.jpg\" alt=\"\" class=\"wp-image-25439\" width=\"662\" height=\"322\" srcset=\"https:\/\/nuevademocracia.com.co\/wp-content\/uploads\/2023\/05\/Guerra-Popular-India-1.jpg 883w, https:\/\/nuevademocracia.com.co\/wp-content\/uploads\/2023\/05\/Guerra-Popular-India-1-300x146.jpg 300w, https:\/\/nuevademocracia.com.co\/wp-content\/uploads\/2023\/05\/Guerra-Popular-India-1-768x373.jpg 768w\" sizes=\"auto, (max-width: 662px) 100vw, 662px\" \/><\/figure>\n\n\n\n<p class=\"has-text-align-center has-black-color has-text-color\"><em>Manifestaci\u00f3n en frente del consulado de la India en Frankfurt, Alemania. Foto: Dem Volke Dienen (Alemania).<\/em><\/p>\n\n\n\n<figure class=\"wp-block-image aligncenter size-full is-resized\"><img loading=\"lazy\" decoding=\"async\" src=\"https:\/\/nuevademocracia.com.co\/wp-content\/uploads\/2023\/05\/Guerra-Popular-India-2.jpg\" alt=\"\" class=\"wp-image-25440\" width=\"602\" height=\"345\" srcset=\"https:\/\/nuevademocracia.com.co\/wp-content\/uploads\/2023\/05\/Guerra-Popular-India-2.jpg 803w, https:\/\/nuevademocracia.com.co\/wp-content\/uploads\/2023\/05\/Guerra-Popular-India-2-300x172.jpg 300w, https:\/\/nuevademocracia.com.co\/wp-content\/uploads\/2023\/05\/Guerra-Popular-India-2-768x440.jpg 768w\" sizes=\"auto, (max-width: 602px) 100vw, 602px\" \/><\/figure>\n\n\n\n<p class=\"has-text-align-center has-black-color has-text-color\"><em>Campesinos de la zona rural del Estado de Pernambuco en Brasil apoyan la Guerra Popular en la India. Foto: A Nova Democracia (Brasil).<\/em><\/p>\n\n\n\n<figure class=\"wp-block-image aligncenter size-full is-resized\"><img loading=\"lazy\" decoding=\"async\" src=\"https:\/\/nuevademocracia.com.co\/wp-content\/uploads\/2023\/05\/Guerra-Popular-India-3.jpg\" alt=\"\" class=\"wp-image-25441\" width=\"602\" height=\"451\" srcset=\"https:\/\/nuevademocracia.com.co\/wp-content\/uploads\/2023\/05\/Guerra-Popular-India-3.jpg 802w, https:\/\/nuevademocracia.com.co\/wp-content\/uploads\/2023\/05\/Guerra-Popular-India-3-300x225.jpg 300w, https:\/\/nuevademocracia.com.co\/wp-content\/uploads\/2023\/05\/Guerra-Popular-India-3-768x576.jpg 768w\" sizes=\"auto, (max-width: 602px) 100vw, 602px\" \/><\/figure>\n\n\n\n<p class=\"has-text-align-center has-black-color has-text-color\"><em>Actividad de divulgaci\u00f3n sobre la Guerra Popular en la India en Toulouse.&nbsp; (Francia). Foto: Comite Nouveau Bresil (Francia)<\/em><\/p>\n\n\n\n<figure class=\"wp-block-image size-large is-resized\"><img loading=\"lazy\" decoding=\"async\" src=\"https:\/\/nuevademocracia.com.co\/wp-content\/uploads\/2023\/05\/Guerra-Popular-India-5-1024x605.jpg\" alt=\"\" class=\"wp-image-25442\" width=\"768\" height=\"454\" srcset=\"https:\/\/nuevademocracia.com.co\/wp-content\/uploads\/2023\/05\/Guerra-Popular-India-5-1024x605.jpg 1024w, https:\/\/nuevademocracia.com.co\/wp-content\/uploads\/2023\/05\/Guerra-Popular-India-5-300x177.jpg 300w, https:\/\/nuevademocracia.com.co\/wp-content\/uploads\/2023\/05\/Guerra-Popular-India-5-768x454.jpg 768w, https:\/\/nuevademocracia.com.co\/wp-content\/uploads\/2023\/05\/Guerra-Popular-India-5-1536x908.jpg 1536w, https:\/\/nuevademocracia.com.co\/wp-content\/uploads\/2023\/05\/Guerra-Popular-India-5.jpg 1931w\" sizes=\"auto, (max-width: 768px) 100vw, 768px\" \/><\/figure>\n\n\n\n<p class=\"has-text-align-center has-black-color has-text-color\"><em>Pinta en la ciudad de Medell\u00edn (Colombia), por el sector del Hospital San Vicente de Pa\u00fal. Foto: Internacional Comunista<\/em><\/p>\n","protected":false},"excerpt":{"rendered":"<p>Revolucionarios de varios pa\u00edses mediante un comunicado convocaron para que el d\u00eda 9 de julio se realizaran acciones en defensa y apoyo a la Guerra Popular en la India y en denuncia al Estado de India que ha perseguido, encarcelado y asesinado revolucionarios, intelectuales y dem\u00f3cratas consecuentes. <\/p>\n","protected":false},"author":1,"featured_media":24734,"comment_status":"closed","ping_status":"open","sticky":false,"template":"","format":"standard","meta":{"footnotes":""},"categories":[16,31],"tags":[36,37,38],"class_list":["post-24730","post","type-post","status-publish","format-standard","has-post-thumbnail","hentry","category-carrusel","category-internacional","tag-guerra-popular","tag-india","tag-maoismo"],"blocksy_meta":[],"_links":{"self":[{"href":"https:\/\/nuevademocracia.com.co\/index.php?rest_route=\/wp\/v2\/posts\/24730","targetHints":{"allow":["GET"]}}],"collection":[{"href":"https:\/\/nuevademocracia.com.co\/index.php?rest_route=\/wp\/v2\/posts"}],"about":[{"href":"https:\/\/nuevademocracia.com.co\/index.php?rest_route=\/wp\/v2\/types\/post"}],"author":[{"embeddable":true,"href":"https:\/\/nuevademocracia.com.co\/index.php?rest_route=\/wp\/v2\/users\/1"}],"replies":[{"embeddable":true,"href":"https:\/\/nuevademocracia.com.co\/index.php?rest_route=%2Fwp%2Fv2%2Fcomments&post=24730"}],"version-history":[{"count":5,"href":"https:\/\/nuevademocracia.com.co\/index.php?rest_route=\/wp\/v2\/posts\/24730\/revisions"}],"predecessor-version":[{"id":25444,"href":"https:\/\/nuevademocracia.com.co\/index.php?rest_route=\/wp\/v2\/posts\/24730\/revisions\/25444"}],"wp:featuredmedia":[{"embeddable":true,"href":"https:\/\/nuevademocracia.com.co\/index.php?rest_route=\/wp\/v2\/media\/24734"}],"wp:attachment":[{"href":"https:\/\/nuevademocracia.com.co\/index.php?rest_route=%2Fwp%2Fv2%2Fmedia&parent=24730"}],"wp:term":[{"taxonomy":"category","embeddable":true,"href":"https:\/\/nuevademocracia.com.co\/index.php?rest_route=%2Fwp%2Fv2%2Fcategories&post=24730"},{"taxonomy":"post_tag","embeddable":true,"href":"https:\/\/nuevademocracia.com.co\/index.php?rest_route=%2Fwp%2Fv2%2Ftags&post=24730"}],"curies":[{"name":"wp","href":"https:\/\/api.w.org\/{rel}","templated":true}]}}