{"id":24748,"date":"2022-09-02T12:25:22","date_gmt":"2022-09-02T17:25:22","guid":{"rendered":"https:\/\/nuevademocracia.com.co\/?p=24748"},"modified":"2022-09-02T12:29:19","modified_gmt":"2022-09-02T17:29:19","slug":"doctor-ernesto-sernas-garcia-presentacion-con-vida","status":"publish","type":"post","link":"https:\/\/nuevademocracia.com.co\/?p=24748","title":{"rendered":"Doctor Ernesto Sernas Garc\u00eda: \u00a1Presentaci\u00f3n con vida!"},"content":{"rendered":"\n<p class=\"has-black-color has-white-background-color has-text-color has-background\">El pasado 30 de agosto, en el marco del d\u00eda internacional de las v\u00edctimas de Desaparici\u00f3n Forzada, escuchando el justo llamado de la organizaci\u00f3n democr\u00e1tica y popular Corriente del Pueblo Sol Rojo de M\u00e9xico, revolucionarios se dieron cita en Bogot\u00e1, repartiendo volantes con el t\u00edtulo \u201c<strong><em>En Am\u00e9rica Latina gritamos: \u00a1Luchar no es un crimen!<\/em><\/strong>\u201d, y enarbolando una tela con la consigna\u00a0\u201c<em>Doctor Ernesto Sernas Garc\u00eda presentaci\u00f3n con vida, solidaridad desde Colombia con M\u00e9xico<\/em>\u201d\u00a0se realizaron varios discursos a estudiantes universitarios, denunciando la desaparici\u00f3n de Doctor Ernesto Sernas Garc\u00eda desde el 2018 por parte del viejo Estado mexicano hoy encabezado por Manuel L\u00f3pez Obrador, se\u00f1alando que su desaparici\u00f3n es producto de un ataque sistem\u00e1tico contra luchadores populares tanto en M\u00e9xico como en Colombia donde las cifras de detenidas y detenidos por luchar en el paro del a\u00f1o pasado superan los 300. y se concluyo con consignas: \u00a1Ernesto Sernas Garc\u00eda presentaci\u00f3n con vida!, \u00a1Libertad a los presos por luchar!\u00a0<\/p>\n\n\n\n<p><\/p>\n\n\n\n<figure class=\"wp-block-image size-full\"><img loading=\"lazy\" decoding=\"async\" width=\"802\" height=\"482\" src=\"https:\/\/nuevademocracia.com.co\/wp-content\/uploads\/2022\/09\/01-Mexico.jpg\" alt=\"\" class=\"wp-image-24749\" srcset=\"https:\/\/nuevademocracia.com.co\/wp-content\/uploads\/2022\/09\/01-Mexico.jpg 802w, https:\/\/nuevademocracia.com.co\/wp-content\/uploads\/2022\/09\/01-Mexico-300x180.jpg 300w, https:\/\/nuevademocracia.com.co\/wp-content\/uploads\/2022\/09\/01-Mexico-768x462.jpg 768w\" sizes=\"auto, (max-width: 802px) 100vw, 802px\" \/><figcaption><em>Tela exhibida por j\u00f3venes revolucionarios en la Universidad Pedag\u00f3gica Nacional en Bogot\u00e1 exigiendo la presentaci\u00f3n con vida del doctor Ernesto Sernas Garc\u00eda. Foto: Archivo Nueva Democracia<\/em><\/figcaption><\/figure>\n","protected":false},"excerpt":{"rendered":"<p>El pasado 30 de agosto, en el marco del d\u00eda internacional de las v\u00edctimas de Desaparici\u00f3n Forzada, escuchando el justo llamado de la organizaci\u00f3n democr\u00e1tica y popular Corriente del Pueblo Sol Rojo de M\u00e9xico, revolucionarios se dieron cita en Bogot\u00e1, repartiendo volantes con el t\u00edtulo \u201cEn Am\u00e9rica Latina gritamos: \u00a1Luchar no es un crimen!\u201d, y [&hellip;]<\/p>\n","protected":false},"author":1,"featured_media":24749,"comment_status":"open","ping_status":"open","sticky":false,"template":"","format":"standard","meta":{"footnotes":""},"categories":[31],"tags":[39,40,41],"class_list":["post-24748","post","type-post","status-publish","format-standard","has-post-thumbnail","hentry","category-internacional","tag-internacionalismo","tag-mexico","tag-represion-estatal"],"blocksy_meta":[],"_links":{"self":[{"href":"https:\/\/nuevademocracia.com.co\/index.php?rest_route=\/wp\/v2\/posts\/24748","targetHints":{"allow":["GET"]}}],"collection":[{"href":"https:\/\/nuevademocracia.com.co\/index.php?rest_route=\/wp\/v2\/posts"}],"about":[{"href":"https:\/\/nuevademocracia.com.co\/index.php?rest_route=\/wp\/v2\/types\/post"}],"author":[{"embeddable":true,"href":"https:\/\/nuevademocracia.com.co\/index.php?rest_route=\/wp\/v2\/users\/1"}],"replies":[{"embeddable":true,"href":"https:\/\/nuevademocracia.com.co\/index.php?rest_route=%2Fwp%2Fv2%2Fcomments&post=24748"}],"version-history":[{"count":4,"href":"https:\/\/nuevademocracia.com.co\/index.php?rest_route=\/wp\/v2\/posts\/24748\/revisions"}],"predecessor-version":[{"id":24753,"href":"https:\/\/nuevademocracia.com.co\/index.php?rest_route=\/wp\/v2\/posts\/24748\/revisions\/24753"}],"wp:featuredmedia":[{"embeddable":true,"href":"https:\/\/nuevademocracia.com.co\/index.php?rest_route=\/wp\/v2\/media\/24749"}],"wp:attachment":[{"href":"https:\/\/nuevademocracia.com.co\/index.php?rest_route=%2Fwp%2Fv2%2Fmedia&parent=24748"}],"wp:term":[{"taxonomy":"category","embeddable":true,"href":"https:\/\/nuevademocracia.com.co\/index.php?rest_route=%2Fwp%2Fv2%2Fcategories&post=24748"},{"taxonomy":"post_tag","embeddable":true,"href":"https:\/\/nuevademocracia.com.co\/index.php?rest_route=%2Fwp%2Fv2%2Ftags&post=24748"}],"curies":[{"name":"wp","href":"https:\/\/api.w.org\/{rel}","templated":true}]}}