{"id":24754,"date":"2022-09-07T11:56:44","date_gmt":"2022-09-07T16:56:44","guid":{"rendered":"https:\/\/nuevademocracia.com.co\/?p=24754"},"modified":"2024-07-10T13:27:30","modified_gmt":"2024-07-10T18:27:30","slug":"una-nueva-oleada-de-lucha-campesina-por-la-tierra-recorre-el-pais-el-nuevo-gobierno-responde-con-amenazas-y-violentos-intentos-de-desalojo","status":"publish","type":"post","link":"https:\/\/nuevademocracia.com.co\/?p=24754","title":{"rendered":"Una nueva oleada de lucha campesina por la tierra recorre el pa\u00eds, el nuevo gobierno responde con amenazas y violentos intentos de desalojo"},"content":{"rendered":"\n<figure class=\"wp-block-image aligncenter size-large\"><img loading=\"lazy\" decoding=\"async\" width=\"1024\" height=\"556\" src=\"https:\/\/nuevademocracia.com.co\/wp-content\/uploads\/2022\/09\/Portada-1024x556.png\" alt=\"\" class=\"wp-image-24755\" srcset=\"https:\/\/nuevademocracia.com.co\/wp-content\/uploads\/2022\/09\/Portada-1024x556.png 1024w, https:\/\/nuevademocracia.com.co\/wp-content\/uploads\/2022\/09\/Portada-300x163.png 300w, https:\/\/nuevademocracia.com.co\/wp-content\/uploads\/2022\/09\/Portada-768x417.png 768w, https:\/\/nuevademocracia.com.co\/wp-content\/uploads\/2022\/09\/Portada-1536x834.png 1536w, https:\/\/nuevademocracia.com.co\/wp-content\/uploads\/2022\/09\/Portada-2048x1111.png 2048w\" sizes=\"auto, (max-width: 1024px) 100vw, 1024px\" \/><figcaption><em><mark style=\"background-color:rgba(0, 0, 0, 0)\" class=\"has-inline-color has-black-color\">Dise\u00f1o de <a href=\"https:\/\/www.instagram.com\/xcalvinho_\/\">@xcalvinho_<\/a> <\/mark><\/em><\/figcaption><\/figure>\n\n\n\n<p class=\"has-black-color has-text-color\">La promesa de desmonte del ESMAD en la campa\u00f1a electoral de Petro y la consigna \u201c<em>El 8 de agosto se acaba el ESMAD\u201d <\/em>del senador del Pacto Hist\u00f3rico Gustavo Bol\u00edvar, eran solamente enga\u00f1os de \u00e9poca electoral, ya que, a menos de un mes de su posesi\u00f3n, el gobierno de Petro ha utilizado ya en dos ocasiones esta fuerza militar odiada por el pueblo por haber asesinado y herido cientos de j\u00f3venes y luchadores. La primera ocasi\u00f3n fue para desalojar familias que ocuparon un lote para construir viviendas en el departamento del Huila. La segunda ocasi\u00f3n fue para desalojar a ind\u00edgenas que llevan 17 a\u00f1os luchando por tener un pedazo de tierra donde cultivar, recuperando latifundios concentrados en pocas manos en el norte del departamento del Cauca.&nbsp; El \u201c<em>Gobierno Petro cumpli\u00f3: Esmad lleg\u00f3 a desalojar predio invadido en Caloto, Cauca<\/em>\u201d se\u00f1ala el titular de Semana, la revista uribista que m\u00e1s contracampa\u00f1a le hizo a Petro durante las elecciones. <em>\u201cPetro y Francia le cumplen a los ricos. Se cumplieron las 48 horas que nos hab\u00edan dado de plazo. Hoy el ESMAD dispara gases y el ej\u00e9rcito dispara balas contra la comunidad liberadora en el norte del Cauca. Ni Duque hab\u00eda sido tan eficiente\u201d- <\/em>responden los ind\u00edgenas en su p\u00e1gina web de <em>Liberaci\u00f3n para la madre tierra<\/em>. La criminalizaci\u00f3n y la violencia estatal han sido la respuesta del gobierno a las invasiones de tierras que se han dado en el pa\u00eds durante el \u00faltimo mes. \u00bfQui\u00e9nes son las comunidades \u201cinvasoras\u201d, por qu\u00e9 luchan y contra quienes?<\/p>\n\n\n\n<p><\/p>\n\n\n\n<p class=\"has-text-align-center has-black-color has-text-color\"><strong>Campesinos invaden<\/strong> <strong>latifundio en Curuman\u00ed,<\/strong> <strong>Cesar<\/strong><\/p>\n\n\n\n<p class=\"has-black-color has-text-color\">Un campesino que ocup\u00f3 la finca en el Cesar declar\u00f3 para La W radio: \u201c<em>si al campesino que no tiene donde plantar una mata de pl\u00e1tano, de yuca o ma\u00edz, si le es posible al campesino esperar 6 meses o 1 a\u00f1o para que le regalen a uno siquiera, por medio de un proyecto, 3 hect\u00e1reas de tierra, nosotros no nos mover\u00edamos a hacer esas cosas. Nosotros llevamos a\u00f1os de estar sufriendo<\/em>\u201d. Como este campesino, cientos de campesinos sin tierra o con poca tierra, llevan a\u00f1os -incluso d\u00e9cadas- so\u00f1ando con cultivar un pedazo de tierra y esperando sin resultados a trav\u00e9s de las decenas de programas de la Agencia Nacional de Tierras y \u201cproyectos\u201d p\u00fablicos y privados que les prometen tierra al campesino, siendo los campesinos burlados una y otra vez. <\/p>\n\n\n\n<p class=\"has-black-color has-text-color\">A esto se le suma el inmenso despojo que hubo por parte de paramilitares en el Cesar. El Observatorio del Programa Presidencial de DH calcul\u00f3 en el 2013 que hubo por lo menos 244.606 familias despojadas de sus tierras violentamente entre 1986 y 2012.&nbsp; Sus tierras hoy en su mayor\u00eda est\u00e1n siendo explotadas por la multinacional carbonera Cerrej\u00f3n y por terratenientes que sembraron en ellas palma africana. De las solicitudes ante la Unidad de Restituci\u00f3n de Tierras solo existe fallo sobre 86 casos que equivalen al 1.2% del total (2017, Informe de Gesti\u00f3n de la unidad de restituci\u00f3n de tierra).<\/p>\n\n\n\n<figure class=\"wp-block-gallery has-nested-images columns-default is-cropped wp-block-gallery-1 is-layout-flex wp-block-gallery-is-layout-flex\">\n<figure class=\"wp-block-image size-large\"><img loading=\"lazy\" decoding=\"async\" width=\"663\" height=\"282\" data-id=\"24758\" src=\"https:\/\/nuevademocracia.com.co\/wp-content\/uploads\/2022\/09\/Imagen1.png\" alt=\"\" class=\"wp-image-24758\" srcset=\"https:\/\/nuevademocracia.com.co\/wp-content\/uploads\/2022\/09\/Imagen1.png 663w, https:\/\/nuevademocracia.com.co\/wp-content\/uploads\/2022\/09\/Imagen1-300x128.png 300w\" sizes=\"auto, (max-width: 663px) 100vw, 663px\" \/><\/figure>\n<\/figure>\n\n\n\n<p class=\"has-black-color has-text-color\">El pasado 21 de agosto, alrededor de 200 campesinos pobres, sin tierra o desplazados, ocuparon un latifundio ganadero y palmero en Curuman\u00ed, Cesar. Los campesinos afirmaron que son parte de un \u201ccomit\u00e9 pro reivindicaci\u00f3n de tierras\u201d y que la necesitan para trabajarla. Jos\u00e9 F\u00e9lix Lafaurie, gran terrateniente presidente de FEDEGAN y esposo de Mar\u00eda Fernanda Cabal, resalt\u00f3 que los campesinos fueron desalojados gracias a la solidaridad de otros ganaderos terratenientes quienes hicieron una caravana de 80 veh\u00edculos junto con la polic\u00eda hacia la finca ocupada para presionar el desalojo. Lafaurie exalt\u00f3 posteriormente esta labor conjunta de los terratenientes y la polic\u00eda como un piloto para conformar grupos de \u201cganaderos de reacci\u00f3n solidaria inmediata\u201d, propuesta que gener\u00f3 rechazo total del pueblo por las grandes similitudes con las \u201cConvivir\u201d con las que Uribe cre\u00f3 y fortaleci\u00f3 el paramilitarismo.<\/p>\n\n\n\n<p class=\"has-black-color has-text-color\">\u00bfQui\u00e9n es el due\u00f1o de la finca ocupada? Se trata de Guillermo Gonz\u00e1lez Larsen, quien adem\u00e1s de ser terrateniente, es due\u00f1o de grandes empresas de carga, de comercio exterior, agencia de aduana y agencia de seguros y pertenece a la junta directiva de FENALCO (Federaci\u00f3n Nacional de Comerciantes). En la foto adjunta se le observa con el ex presidente Duque. El medio Ifmnoticias hizo p\u00fablico un chat entre terratenientes ganaderos donde se evidencia la oposici\u00f3n de los terratenientes a la reforma agraria en los a\u00f1os anteriores y el poder local que ostentan, mostrando su relaci\u00f3n y cercan\u00eda con los funcionarios del Estado y los medios de comunicaci\u00f3n.<\/p>\n\n\n\n<figure class=\"wp-block-image size-large\"><img loading=\"lazy\" decoding=\"async\" width=\"920\" height=\"1024\" src=\"https:\/\/nuevademocracia.com.co\/wp-content\/uploads\/2022\/09\/Imagen3-920x1024.png\" alt=\"\" class=\"wp-image-24756\" srcset=\"https:\/\/nuevademocracia.com.co\/wp-content\/uploads\/2022\/09\/Imagen3-920x1024.png 920w, https:\/\/nuevademocracia.com.co\/wp-content\/uploads\/2022\/09\/Imagen3-270x300.png 270w, https:\/\/nuevademocracia.com.co\/wp-content\/uploads\/2022\/09\/Imagen3-768x854.png 768w, https:\/\/nuevademocracia.com.co\/wp-content\/uploads\/2022\/09\/Imagen3.png 1093w\" sizes=\"auto, (max-width: 920px) 100vw, 920px\" \/><\/figure>\n\n\n\n<figure class=\"wp-block-image size-full\"><img loading=\"lazy\" decoding=\"async\" width=\"650\" height=\"820\" src=\"https:\/\/nuevademocracia.com.co\/wp-content\/uploads\/2022\/09\/Imagen4.png\" alt=\"\" class=\"wp-image-24757\" srcset=\"https:\/\/nuevademocracia.com.co\/wp-content\/uploads\/2022\/09\/Imagen4.png 650w, https:\/\/nuevademocracia.com.co\/wp-content\/uploads\/2022\/09\/Imagen4-238x300.png 238w\" sizes=\"auto, (max-width: 650px) 100vw, 650px\" \/><\/figure>\n\n\n\n<p class=\"has-black-color has-text-color\"><\/p>\n\n\n\n<p class=\"has-text-align-center has-black-color has-text-color\"><strong>Recuperaci\u00f3n de tierras y<\/strong> <strong>Liberaci\u00f3n de la Madre tierra en el Cauca<\/strong><\/p>\n\n\n\n<p class=\"has-black-color has-text-color\"><em>\u201cAl cumplirse las 48 horas, este 2 de septiembre, el estado atac\u00f3 con ej\u00e9rcito y ESMAD, no hubo media hora de di\u00e1logo, como hab\u00eda prometido el nuevo gobierno, la tanqueta entr\u00f3 disparando gases. M\u00e1s tarde el ej\u00e9rcito dispar\u00f3 sus armas de largo alcance contra las comunidades que liberamos la Madre Tierra, tampoco hubo di\u00e1logo\u201d (<\/em>Pagina Web Liberaci\u00f3n para la Madre Tierra).<\/p>\n\n\n\n<p class=\"has-black-color has-text-color\">El Norte del departamento del Cauca tiene tierras muy f\u00e9rtiles que est\u00e1n acaparadas por latifundios de la industria ca\u00f1era, que enriquecen a unas pocas familias, muchas de las cuales tienen ra\u00edces espa\u00f1olas y\/o han sido \u201cbeneficiarias\u201d de entregas de miles de tierras por parte del Estado desde la independencia hasta la actualidad. Son familias como la Ardila Lule, la Cabal, la Holgu\u00edn, los Caicedo, y los Elder, que ostentan un fuerte poder pol\u00edtico regional y nacional. Los ind\u00edgenas que ocupan las haciendas de ca\u00f1a declararon: <em>\u201cEste 2 de septiembre cumplimos 17 a\u00f1os de haber retomado las v\u00edas de hecho para luchar por la tierra, una lucha que tiene ra\u00edces en 1538, cuando nuestro pueblo decide declararles la guerra a los invasores. Los invasores se apoderaron de nuestra tierra y nos desplazaron hacia las monta\u00f1as, los invasores \u2026 hoy tienen en su poder las tierras m\u00e1s f\u00e9rtiles y tienen documentos que prueban que son propietarios y son un poder organizado<\/em>\u201d.<\/p>\n\n\n\n<p class=\"has-black-color has-text-color\">Las familias ind\u00edgenas en el norte del Cauca tienen la experiencia de las \u201cbondades\u201d de la constituci\u00f3n de 1991, que tras aparentar ser una de las m\u00e1s democr\u00e1ticas del mundo y prometer derechos a los ind\u00edgenas, se \u201cestren\u00f3\u201d para los ind\u00edgenas con la masacre del Nilo en diciembre de 1991, donde paramilitares en asocio con el Estado asesinaron a 21 ind\u00edgenas. En 1995 el Estado colombiano reconoci\u00f3 formalmente la participaci\u00f3n en la masacre y prometi\u00f3 restituir a los ind\u00edgenas con tierras, lo cual nunca sucedi\u00f3. Los luchadores ind\u00edgenas pasaron adem\u00e1s por la experiencia de negociar con el gobierno y salir de las tierras ocupadas, como ocurri\u00f3 en el 2005. Despu\u00e9s de nueve a\u00f1os de incumplimiento, los ind\u00edgenas volvieron a ocupar las fincas. En total los ind\u00edgenas han resistido a cerca de 400 intentos de desalojo y varios de ellos han sido asesinados. Los ind\u00edgenas tienen una determinaci\u00f3n y voluntad construida por varias generaciones, regada con su propia sangre y con experiencia propia en que solo por las v\u00edas de hecho han podido cultivar la tierra que les ha sido arrebatada por siglos. Ante esta nueva agresi\u00f3n del gobierno de turno, ahora vestido de pueblo, los ind\u00edgenas responden con firmeza:<\/p>\n\n\n\n<p class=\"has-black-color has-text-color\">&nbsp;\u201c<em>Nosotros y nosotras, proceso de liberaci\u00f3n de la Madre Tierra del norte del Cauca, le mandamos a decir al gran jefe que NO vamos a desalojar, que aqu\u00ed en estas tierras nos quedamos porque esta es nuestra casa para vivir y luchar\u201d.<\/em><\/p>\n\n\n\n<figure class=\"wp-block-image size-full\"><img loading=\"lazy\" decoding=\"async\" width=\"663\" height=\"282\" src=\"https:\/\/nuevademocracia.com.co\/wp-content\/uploads\/2022\/09\/Imagen2-1.png\" alt=\"\" class=\"wp-image-24764\" srcset=\"https:\/\/nuevademocracia.com.co\/wp-content\/uploads\/2022\/09\/Imagen2-1.png 663w, https:\/\/nuevademocracia.com.co\/wp-content\/uploads\/2022\/09\/Imagen2-1-300x128.png 300w\" sizes=\"auto, (max-width: 663px) 100vw, 663px\" \/><\/figure>\n\n\n\n<p><\/p>\n\n\n\n<p class=\"has-text-align-center has-black-color has-text-color\"><strong>Campesinos ocupan una finca en Dagua, Valle del Cauca<\/strong><\/p>\n\n\n\n<p class=\"has-black-color has-text-color\">M\u00e1s de 150 personas ocuparon el pasado 24 de agosto un predio de la Sociedad de Activos Especiales (SAE) en Dagua, Valle del Cauca. La SAE es la entidad encargada de administrar los bienes decomisados a los narcotraficantes, en este caso se trata de un predio que fue del grupo del narcotraficante Rodr\u00edguez Orejuela y que actualmente lo tiene en comodato (algo similar a un arriendo) la fundaci\u00f3n Paz animal. Es una finca que ya en el 2014 hab\u00eda sido ocupada por campesinos y desalojada violentamente por el ESMAD. Uno de los campesinos que ocup\u00f3 la finca manifest\u00f3 para el medio Blue Pac\u00edfico: <em>\u201cAlgunos nos pueden decir que nosotros no lo podemos hacer porque esto es predio privado. Pero esto no es predio privado, esto ya es del Estado, y el gobierno dice: todas las tierras ya decomisadas, del Estado, pasar\u00e1n al campesino para que cultive y produzca. Nosotros mismos vemos que un platanito vale mil o dos mil pesos, una libra de tomate tres mil, cuatro mil pesos, y si nosotros mismos cultivamos podemos sacar al pueblo a vender\u201d<\/em>, igualmente otro campesino declar\u00f3 en entrevista para El Tiempo: \u201c<em>Nosotros no nos podemos quedar cruzados de brazos esperando que alguien nos llegue a tocarnos la puerta a decir le vamos a entregar una escritura de esta finca para que usted trabaje, eso nunca va a suceder, nunca nos van a tener en cuenta. La decisi\u00f3n es de 350 familias que est\u00e1n buscando un sitio donde cultivar, donde sembrar\u2026 nos sentimos obligados a recuperar estos terrenos que por a\u00f1os est\u00e1n abandonados\u201d<\/em>.<\/p>\n\n\n\n<p><\/p>\n\n\n\n<p class=\"has-black-color has-text-color\">Los medios tambi\u00e9n intentaron difundir que los animales de la fundaci\u00f3n estaban en peligro, cuando incluso un concejal de Cali, Terry Hurtado, asegur\u00f3 en entrevista con el Tiempo que \u00a8<em>Lo que encontramos despu\u00e9s del recorrido es que los animales no han sido afectados, han sido respetados, hablando con las personas que est\u00e1n realizando la ocupaci\u00f3n, manifiestan no tener ning\u00fan inter\u00e9s, ninguna intenci\u00f3n en afectar a los animales, y se comprometen\u2026a que los animales no van a ser tocados, van a ser cuidados\u201d<\/em><\/p>\n\n\n\n<p class=\"has-black-color has-text-color\">Finalmente, ante la presi\u00f3n de los medios, los funcionarios del Estado y la Polic\u00eda, los campesinos abandonaron el predio y firmaron acuerdos para seguir el proceso por la v\u00eda jur\u00eddica, aunque advirtieron en entrevista con La Silla que <em>\u201csi en cinco o seis meses no han cumplido, ac\u00e1 estaremos de nuevo\u201d.<\/em><\/p>\n\n\n\n<figure class=\"wp-block-image size-full\"><img loading=\"lazy\" decoding=\"async\" width=\"999\" height=\"674\" src=\"https:\/\/nuevademocracia.com.co\/wp-content\/uploads\/2022\/09\/Imagen5.png\" alt=\"\" class=\"wp-image-24760\" srcset=\"https:\/\/nuevademocracia.com.co\/wp-content\/uploads\/2022\/09\/Imagen5.png 999w, https:\/\/nuevademocracia.com.co\/wp-content\/uploads\/2022\/09\/Imagen5-300x202.png 300w, https:\/\/nuevademocracia.com.co\/wp-content\/uploads\/2022\/09\/Imagen5-768x518.png 768w\" sizes=\"auto, (max-width: 999px) 100vw, 999px\" \/><\/figure>\n\n\n\n<p><\/p>\n\n\n\n<p class=\"has-text-align-center has-black-color has-text-color\"><strong>Firme resistencia del pueblo en toma por vivienda en el Cagu\u00e1n, Huila<\/strong><\/p>\n\n\n\n<p class=\"has-black-color has-text-color\">M\u00e1s de 5 millones de hogares colombianos tiene d\u00e9ficit habitacional. D\u00e9ficit habitacional que cada a\u00f1o crece, mientras 5 constructoras (Amarillo, Marval, Colpatria, Bol\u00edvar y Cusezar) han hecho millonarias fortunas construyendo casas de inter\u00e9s social. Actualmente, con una inflaci\u00f3n de precios de m\u00e1s del 10%, ha aumentado el n\u00famero de familias que tienen que elegir entre \u201ccomer o pagar arriendo\u201d.<\/p>\n\n\n\n<p class=\"has-black-color has-text-color\">Cerca de 500 personas ocuparon un lote en el Cagu\u00e1n (Huila) que llevaba d\u00e9cadas abandonado.&nbsp; Una de aquellas personas afirm\u00f3 en entrevista con Lucho noticias: <em>\u201cSomos personas humildes, personas trabajadoras que quieren salir adelante, y quieren tener un hogar para poder meter la cabeza de sus hijos\u201d<\/em>.&nbsp; Petro cerr\u00f3 el dialogo y les envi\u00f3 al ESMAD, ante lo cual el pueblo protagoniz\u00f3 una verdadera resistencia popular, mientras los medios de los ricos, como siempre lo han hecho, los tratan de criminales. Decenas de mujeres con sus rostros tapados armadas con palos, j\u00f3venes tirando piedras, se\u00f1ores armando hogueras para apaciguar los gases del ESMAD, resistieron por el derecho a la vivienda. Hoy estas familias siguen determinadas a luchar y expresaron para Blue radio: \u201c<em>Estamos muy decepcionados, en desacuerdo con la decisi\u00f3n que tom\u00f3 el presidente, porque la verdad hay mucha gente que necesitamos y que merecemos una vivienda digna<\/em>\u201d, mientras una madre cabeza de hogar reafirm\u00f3: \u201c<em>Si ellos llegan a la fuerza nosotros lo \u00fanico que vamos a hacer es resistir y eso ya ser\u00eda responsabilidad del presidente Gustavo Petro, que fue el que dio la orden que en 48 horas desaloj\u00e1ramos<\/em>\u201d.<\/p>\n\n\n\n<figure class=\"wp-block-image size-full\"><img loading=\"lazy\" decoding=\"async\" width=\"656\" height=\"829\" src=\"https:\/\/nuevademocracia.com.co\/wp-content\/uploads\/2022\/09\/Imagen6.png\" alt=\"\" class=\"wp-image-24761\" srcset=\"https:\/\/nuevademocracia.com.co\/wp-content\/uploads\/2022\/09\/Imagen6.png 656w, https:\/\/nuevademocracia.com.co\/wp-content\/uploads\/2022\/09\/Imagen6-237x300.png 237w\" sizes=\"auto, (max-width: 656px) 100vw, 656px\" \/><\/figure>\n\n\n\n<p><\/p>\n\n\n\n<p class=\"has-text-align-center has-black-color has-text-color\"><strong>Criminalizaci\u00f3n a la lucha por los derechos<\/strong><\/p>\n\n\n\n<p class=\"has-black-color has-text-color\">Acompa\u00f1ando la violencia en contra de las comunidades, similar a los gobiernos uribistas, el gobierno de Petro -de la mano con los medios- ha desatado una gran campa\u00f1a en contra de los \u201cinvasores de tierras\u201d. En rueda de prensa el ministro de defensa les puso a las comunidades un ultim\u00e1tum para desalojar en 48 horas y criminaliz\u00f3 al pueblo que lucha por sus derechos diciendo que \u201c<em>No tenemos evidencias para hacer esa afirmaci\u00f3n, pero tampoco descartamos que esto sea parte de una pol\u00edtica de organizaciones ilegales<\/em>\u201d.&nbsp; A su lado, la vicepresidenta Francia M\u00e1rquez, que viene desde las comunidades del Norte del Cauca y dice representar a \u201clos nadie\u201d, amenaz\u00f3 con abrir investigaciones en contra de la comunidad: \u201c<em>quienes quieren promover invasiones entorpecen la gesti\u00f3n del Gobierno y esto podr\u00eda redundar en que sean investigados por parte de las autoridades\u201d<\/em>. Por otro lado, el Defensor del Pueblo del gobierno de Petro culp\u00f3 al pueblo de la violencia y de ser el generador de los conflictos: \u201c<em>La Defensor\u00eda del Pueblo hace un llamado a quienes a trav\u00e9s de v\u00edas de hecho pretenden hacerse a la tenencia de la tierra, para que frenen este tipo de acciones arbitrarias, las cuales atentan contra los derechos de otros conciudadanos y desencadenan conflictos que pueden tornarse violentos<\/em>\u201d. Ahora resulta que de la nada, cientos de familias campesinas, ind\u00edgenas y trabajadoras decidieron hacer \u201cacciones arbitrarias\u201dque \u201cdesencadenan\u201d conflictos violentos tal vez como pol\u00edtica de \u201corganizaciones ilegales\u201d, que deben ser \u201cinvestigados\u201d y el ministro de defensa les da 48 horas. \u00bfno es esto criminalizaci\u00f3n a las comunidades? \u00bfNo es esto tratar la lucha por los derechos como un hecho de guerra? Dejemos nuevamente que el Petro candidato nos lo explique: <\/p>\n\n\n\n<figure class=\"wp-block-image size-full\"><img loading=\"lazy\" decoding=\"async\" width=\"969\" height=\"554\" src=\"https:\/\/nuevademocracia.com.co\/wp-content\/uploads\/2022\/09\/Imagen7.png\" alt=\"\" class=\"wp-image-24762\" srcset=\"https:\/\/nuevademocracia.com.co\/wp-content\/uploads\/2022\/09\/Imagen7.png 969w, https:\/\/nuevademocracia.com.co\/wp-content\/uploads\/2022\/09\/Imagen7-300x172.png 300w, https:\/\/nuevademocracia.com.co\/wp-content\/uploads\/2022\/09\/Imagen7-768x439.png 768w\" sizes=\"auto, (max-width: 969px) 100vw, 969px\" \/><\/figure>\n\n\n\n<p class=\"has-black-color has-text-color\">No parece el gobierno tener la misma mano dura con las familias Sarmiento, Iragorri (exministro de agricultura), y Lizarralde (otro exministro de agricultura de Santos) que la Contralor\u00eda General declar\u00f3 desde el 2017 que se hab\u00edan apropiado (\u00bfahora s\u00ed no usan el termino invadido?) de 123.000 hect\u00e1reas en Vichada, Meta y C\u00f3rdoba. Hasta el momento el gobierno no ha hecho ni una rueda de prensa por las 5.000 hect\u00e1reas en el Cesar que son reclamadas por campesinos y fueron declaradas propiedad de la naci\u00f3n pero que hoy est\u00e1n siendo invadidas por Eframovich y su empresa vinculada a la multinacional Sinergy Group; ni tampoco la vicepresidenta ha anunciado investigaciones por las tierras bald\u00edas invadidas \u201cde buena fe\u201d durante a\u00f1os por Uribe en su finca el Ub\u00e9rrimo. As\u00ed como estos hay cientos de casos en que las familias de los terratenientes y grandes burgueses han invadido bald\u00edos de la naci\u00f3n o han despojado \u201cde buena fe\u201d al campesinado.<\/p>\n\n\n\n<p><\/p>\n\n\n\n<p class=\"has-text-align-center has-black-color has-text-color\"><strong>El problema estructural de<\/strong> <strong>fondo<\/strong><\/p>\n\n\n\n<p class=\"has-black-color has-text-color\">La cuesti\u00f3n agraria y campesina es uno de los problemas b\u00e1sicos de la sociedad colombiana. El gran latifundio, tanto el improductivo como el \u201cproductivo\u201d al servicio del gran capital y de los imperialistas, son un lastre que no permite el desarrollo de nuestra naci\u00f3n y que tiene en la miseria a millones de masas. El 1% de las fincas ocupan el 81% de las tierras del pa\u00eds, mientras existen millones de campesinos pobres con muy poca tierra o sin tierra. Esta situaci\u00f3n viene desde que los espa\u00f1oles invadieron estas tierras y se las arrebataron violentamente a los ind\u00edgenas. Los criollos -hijos de los espa\u00f1oles- mantuvieron las tierras, sin repartirlas entre la naci\u00f3n que luch\u00f3 por la independencia:&nbsp;&nbsp; ind\u00edgenas, comunidades negras esclavas y campesinos pobres. En 200 a\u00f1os de rep\u00fablica, los gobiernos de turno han titulado los bald\u00edos de la naci\u00f3n a los terratenientes y gran burgues\u00eda, clases a las que sirve el viejo Estado. En estos dos siglos ha habido decenas de leyes publicitadas como \u201creformas agrarias\u201d que no han cambiado esta estructura y que incluso la ha profundizado en contra de los campesinos. Entre 5 y 6 millones de hect\u00e1reas de tierras fueron despojadas violentamente en las \u00faltimas d\u00e9cadas, principalmente por paramilitares en confabulaci\u00f3n con el Estado. En 10 a\u00f1os la ley de restituci\u00f3n de tierras solo ha fallado sobre 4% de los casos en todo el pa\u00eds. Los 3 millones de hect\u00e1reas que promete repartir el gobierno de Petro son si mucho la mitad de las tierras despojadas durante las \u00faltimas d\u00e9cadas y esta cifra est\u00e1 muy lejos de ser una democratizaci\u00f3n de la tierra.<\/p>\n\n\n\n<p class=\"has-black-color has-text-color\">Sin embargo, resulta ahora que los campesinos que ocupan tierra realizan acciones \u201carbitrarias\u201d, como dijo el ministro de defensa de Petro, o que son unos impacientes que \u201centorpecen\u201d la labor del gobierno, cuando los campesinos llevan dos siglos esperado promesas incumplidas de que les dar\u00e1n tierra . La nueva ministra de agricultura, Cecilia L\u00f3pez, sali\u00f3 a rechazar las invasiones y a criticar a los campesinos: <em>\u201cHay un tema b\u00e1sico, y es que tenemos que respetar nuestra Constituci\u00f3n, tenemos que hacerlo dentro del orden legal que existe en el pa\u00eds. Esto es un mensaje cr\u00edtico, no es invadiendo tierras, no. Tienen un gobierno comprometido con darle acceso a lo que se merecen para hacer estos proyectos locales agroindustriales, pero respetando la ley, respetando la institucionalidad<\/em>\u201d. El orden legal existente en el pa\u00eds que le pide a los campesinos respetar no es otro que el que ha negado el acceso de los campesinos a la tierra por siglos, el que legaliz\u00f3 las tierras de los espa\u00f1oles a los criollos, el que ha titulado las tierras bald\u00edas de la naci\u00f3n a los terratenientes, el que recientemente ha impedido la m\u00e1s b\u00e1sica restituci\u00f3n de tierras despojadas.&nbsp;<\/p>\n\n\n\n<p class=\"has-black-color has-text-color\">No es posible resolver el problema de la estructura agraria respetando la propiedad privada de los terratenientes ni respetando la \u201cinstitucionalidad\u201d, precisamente porque esta estructura agraria fue construida violentando y explotando a los campesinos, negros e ind\u00edgenas y mantenida por una institucionalidad al servicio de los grandes terratenientes y burgueses. Solo tomando las tierras del latifundio se puede democratizar la tierra y la sociedad. Como en Huila, Cauca, Valle del cauca y Cesar, tambi\u00e9n en otros departamentos los campesinos y trabajadores resisten en invasiones de tierra. Seg\u00fan Portafolio, solo en el Cauca hay 71 latifundios \u201cafectados\u201d por ocupaciones por parte de campesinos e ind\u00edgenas. Seg\u00fan cifras de un medio de comunicaci\u00f3n de los terratenientes, <em>Contexto ganadero<\/em>, en <em>\u201cColombia hay m\u00e1s de 50 invasiones y sin muchas opciones de recuperaci\u00f3n\u201d, <\/em>lo que quiere decir, para el pueblo, que en estos lugares est\u00e1 conquistando su derecho a la tierra y a una vivienda. Los dem\u00f3cratas consecuentes debemos rechazar las jugadas de este gobierno oportunista que trata de aislar y criminalizar la lucha popular; las masas trabajadoras y campesinas que luchan por vivienda y tierra para cultivar est\u00e1n hoy a la vanguardia del movimiento y la lucha popular y han emprendido el \u00fanico camino con el que pueden conquistar sus derechos y el \u00fanico camino que puede llevar a un desarrollo nacional y popular: \u00a1tomar todas las tierras del latifundio!<\/p>\n\n\n\n<figure class=\"wp-block-image size-full\"><img loading=\"lazy\" decoding=\"async\" width=\"717\" height=\"452\" src=\"https:\/\/nuevademocracia.com.co\/wp-content\/uploads\/2022\/09\/Imagen8.png\" alt=\"\" class=\"wp-image-24763\" srcset=\"https:\/\/nuevademocracia.com.co\/wp-content\/uploads\/2022\/09\/Imagen8.png 717w, https:\/\/nuevademocracia.com.co\/wp-content\/uploads\/2022\/09\/Imagen8-300x189.png 300w\" sizes=\"auto, (max-width: 717px) 100vw, 717px\" \/><\/figure>\n","protected":false},"excerpt":{"rendered":"<p>La criminalizaci\u00f3n y la violencia estatal han sido la respuesta del gobierno a las invasiones de tierras que se han dado en el pa\u00eds durante el \u00faltimo mes. \u00bfQui\u00e9nes son las comunidades \u201cinvasoras\u201d, por qu\u00e9 luchan y contra quienes?<\/p>\n","protected":false},"author":1,"featured_media":24765,"comment_status":"open","ping_status":"open","sticky":false,"template":"","format":"standard","meta":{"footnotes":""},"categories":[16,4,144],"tags":[21,42,5,18,41],"class_list":["post-24754","post","type-post","status-publish","format-standard","has-post-thumbnail","hentry","category-carrusel","category-colombia","category-lucha-por-la-tierra","tag-campesinos","tag-lucha-por-la-tierra","tag-petro","tag-protestas","tag-represion-estatal"],"blocksy_meta":[],"_links":{"self":[{"href":"https:\/\/nuevademocracia.com.co\/index.php?rest_route=\/wp\/v2\/posts\/24754","targetHints":{"allow":["GET"]}}],"collection":[{"href":"https:\/\/nuevademocracia.com.co\/index.php?rest_route=\/wp\/v2\/posts"}],"about":[{"href":"https:\/\/nuevademocracia.com.co\/index.php?rest_route=\/wp\/v2\/types\/post"}],"author":[{"embeddable":true,"href":"https:\/\/nuevademocracia.com.co\/index.php?rest_route=\/wp\/v2\/users\/1"}],"replies":[{"embeddable":true,"href":"https:\/\/nuevademocracia.com.co\/index.php?rest_route=%2Fwp%2Fv2%2Fcomments&post=24754"}],"version-history":[{"count":8,"href":"https:\/\/nuevademocracia.com.co\/index.php?rest_route=\/wp\/v2\/posts\/24754\/revisions"}],"predecessor-version":[{"id":24957,"href":"https:\/\/nuevademocracia.com.co\/index.php?rest_route=\/wp\/v2\/posts\/24754\/revisions\/24957"}],"wp:featuredmedia":[{"embeddable":true,"href":"https:\/\/nuevademocracia.com.co\/index.php?rest_route=\/wp\/v2\/media\/24765"}],"wp:attachment":[{"href":"https:\/\/nuevademocracia.com.co\/index.php?rest_route=%2Fwp%2Fv2%2Fmedia&parent=24754"}],"wp:term":[{"taxonomy":"category","embeddable":true,"href":"https:\/\/nuevademocracia.com.co\/index.php?rest_route=%2Fwp%2Fv2%2Fcategories&post=24754"},{"taxonomy":"post_tag","embeddable":true,"href":"https:\/\/nuevademocracia.com.co\/index.php?rest_route=%2Fwp%2Fv2%2Ftags&post=24754"}],"curies":[{"name":"wp","href":"https:\/\/api.w.org\/{rel}","templated":true}]}}