{"id":24779,"date":"2022-09-11T16:22:15","date_gmt":"2022-09-11T21:22:15","guid":{"rendered":"https:\/\/nuevademocracia.com.co\/?p=24779"},"modified":"2022-09-11T16:22:15","modified_gmt":"2022-09-11T21:22:15","slug":"video-accion-campana-doctor-ernesto-sernas-garcia-presentacion-con-vida-en-bogota","status":"publish","type":"post","link":"https:\/\/nuevademocracia.com.co\/?p=24779","title":{"rendered":"Video: acci\u00f3n campa\u00f1a \u00abDoctor Ernesto Sernas Garc\u00eda: \u00a1presentaci\u00f3n con vida!\u00bb en Bogot\u00e1"},"content":{"rendered":"\n<p class=\"has-black-color has-text-color\">El pasado 30 de agosto j\u00f3venes revolucionarios y activistas en la ciudad de Bogot\u00e1 realizaron una acci\u00f3n en la Universidad Pedag\u00f3gica Nacional en el marco de la campa\u00f1a internacional \u00abDoctor Ernesto Sernas Garc\u00eda: \u00a1presentaci\u00f3n con vida!\u00bb, impulsada por la organizaci\u00f3n democr\u00e1tica y popular mexicana Corriente del Pueblo Sol Rojo. En d\u00edas anteriores los compa\u00f1eros nos enviaron una foto de la acci\u00f3n, ahora nos comparten un video en donde realizan un discurso y reparten volantes mientras exhiben una tela sobre el tema de la campa\u00f1a. A continuaci\u00f3n compartimos el video de la acci\u00f3n: <\/p>\n\n\n\n<figure class=\"wp-block-embed is-type-video is-provider-youtube wp-block-embed-youtube wp-embed-aspect-16-9 wp-has-aspect-ratio\"><div class=\"wp-block-embed__wrapper\">\n<iframe loading=\"lazy\" title=\"Acci\u00f3n en Bogota (Colombia) campa\u00f1a &quot;Doctor Ernesto Sernas Garc\u00eda: \u00a1presentaci\u00f3n con vida!&quot;\" width=\"1290\" height=\"726\" src=\"https:\/\/www.youtube.com\/embed\/CiiTPU7KStE?feature=oembed\" frameborder=\"0\" allow=\"accelerometer; autoplay; clipboard-write; encrypted-media; gyroscope; picture-in-picture; web-share\" referrerpolicy=\"strict-origin-when-cross-origin\" allowfullscreen><\/iframe>\n<\/div><\/figure>\n","protected":false},"excerpt":{"rendered":"<p>El pasado 30 de agosto j\u00f3venes revolucionarios y activistas en la ciudad de Bogot\u00e1 realizaron una acci\u00f3n en la Universidad Pedag\u00f3gica Nacional en el marco de la campa\u00f1a internacional \u00abDoctor Ernesto Sernas Garc\u00eda: \u00a1presentaci\u00f3n con vida!\u00bb, impulsada por la organizaci\u00f3n democr\u00e1tica y popular mexicana Corriente del Pueblo Sol Rojo. En d\u00edas anteriores los compa\u00f1eros nos [&hellip;]<\/p>\n","protected":false},"author":1,"featured_media":24780,"comment_status":"open","ping_status":"open","sticky":false,"template":"","format":"standard","meta":{"footnotes":""},"categories":[16,31],"tags":[39,40,41],"class_list":["post-24779","post","type-post","status-publish","format-standard","has-post-thumbnail","hentry","category-carrusel","category-internacional","tag-internacionalismo","tag-mexico","tag-represion-estatal"],"blocksy_meta":[],"_links":{"self":[{"href":"https:\/\/nuevademocracia.com.co\/index.php?rest_route=\/wp\/v2\/posts\/24779","targetHints":{"allow":["GET"]}}],"collection":[{"href":"https:\/\/nuevademocracia.com.co\/index.php?rest_route=\/wp\/v2\/posts"}],"about":[{"href":"https:\/\/nuevademocracia.com.co\/index.php?rest_route=\/wp\/v2\/types\/post"}],"author":[{"embeddable":true,"href":"https:\/\/nuevademocracia.com.co\/index.php?rest_route=\/wp\/v2\/users\/1"}],"replies":[{"embeddable":true,"href":"https:\/\/nuevademocracia.com.co\/index.php?rest_route=%2Fwp%2Fv2%2Fcomments&post=24779"}],"version-history":[{"count":1,"href":"https:\/\/nuevademocracia.com.co\/index.php?rest_route=\/wp\/v2\/posts\/24779\/revisions"}],"predecessor-version":[{"id":24781,"href":"https:\/\/nuevademocracia.com.co\/index.php?rest_route=\/wp\/v2\/posts\/24779\/revisions\/24781"}],"wp:featuredmedia":[{"embeddable":true,"href":"https:\/\/nuevademocracia.com.co\/index.php?rest_route=\/wp\/v2\/media\/24780"}],"wp:attachment":[{"href":"https:\/\/nuevademocracia.com.co\/index.php?rest_route=%2Fwp%2Fv2%2Fmedia&parent=24779"}],"wp:term":[{"taxonomy":"category","embeddable":true,"href":"https:\/\/nuevademocracia.com.co\/index.php?rest_route=%2Fwp%2Fv2%2Fcategories&post=24779"},{"taxonomy":"post_tag","embeddable":true,"href":"https:\/\/nuevademocracia.com.co\/index.php?rest_route=%2Fwp%2Fv2%2Ftags&post=24779"}],"curies":[{"name":"wp","href":"https:\/\/api.w.org\/{rel}","templated":true}]}}