{"id":24782,"date":"2022-09-11T17:29:12","date_gmt":"2022-09-11T22:29:12","guid":{"rendered":"https:\/\/nuevademocracia.com.co\/?p=24782"},"modified":"2024-07-10T13:27:08","modified_gmt":"2024-07-10T18:27:08","slug":"acciones-en-solidaridad-con-la-lucha-por-la-tierra-en-el-pais","status":"publish","type":"post","link":"https:\/\/nuevademocracia.com.co\/?p=24782","title":{"rendered":"Acciones en solidaridad con la lucha por la tierra en el pa\u00eds"},"content":{"rendered":"\n<p class=\"has-black-color has-text-color\">J\u00f3venes activistas populares y revolucionarios de distintos lugares del pa\u00eds realizaron m\u00faltiples acciones expresando su respaldo y solidaridad con las luchas del campesinado y de los pueblos ind\u00edgenas y afro por tierra para vivir y trabajar. Elaboraci\u00f3n y colgadas de telas, pintas, discursos, quemas, carteles, videos, repartici\u00f3n de volantes informativos y un mitin fueron algunas de las actividades realizadas en ciudades como Medell\u00edn, Ibagu\u00e9 y Bogot\u00e1. <\/p>\n\n\n\n<figure class=\"wp-block-image size-full\"><img loading=\"lazy\" decoding=\"async\" width=\"985\" height=\"562\" src=\"https:\/\/nuevademocracia.com.co\/wp-content\/uploads\/2022\/09\/Mitin-05.jpg\" alt=\"\" class=\"wp-image-24803\" srcset=\"https:\/\/nuevademocracia.com.co\/wp-content\/uploads\/2022\/09\/Mitin-05.jpg 985w, https:\/\/nuevademocracia.com.co\/wp-content\/uploads\/2022\/09\/Mitin-05-300x171.jpg 300w, https:\/\/nuevademocracia.com.co\/wp-content\/uploads\/2022\/09\/Mitin-05-768x438.jpg 768w\" sizes=\"auto, (max-width: 985px) 100vw, 985px\" \/><\/figure>\n\n\n\n<p class=\"has-black-color has-text-color\">Estas acciones surgen como respuesta popular ante toda la ofensiva de criminalizaci\u00f3n y represi\u00f3n por parte del Estado encabezado por el nuevo gobierno oportunista de Gustavo Petro y Francia M\u00e1rquez, de grandes terratenientes como Lafaurie y de grandes medios de comunicaci\u00f3n como RCN y la revista Semana contra los luchadores por tierra, a quienes tildaron de \u201cinvasores\u201d, \u201cladrones\u201d, \u201croba-tierras\u201d y \u201ccriminales\u201d; adem\u00e1s de imponer un ultim\u00e1tum a las masas campesinas e ind\u00edgenas advirtiendo que si no sal\u00edan de las tierras voluntariamente en las pr\u00f3ximas 48 horas posteriores a sus declaraciones la fuerza p\u00fablica intervendr\u00eda.<\/p>\n\n\n\n<p class=\"has-black-color has-text-color\">Ante esta situaci\u00f3n, la respuesta de los distintos procesos ind\u00edgenas y campesinos que adelantan luchas para tomar, recuperar y liberar tierras pertenecientes al Estado o a grandes terratenientes, fue contundente. Los ind\u00edgenas organizados en el Proceso de Liberaci\u00f3n de la Madre Tierra adelantado en el Norte del Cauca afirmaron en una publicaci\u00f3n en su p\u00e1gina de Facebook: \u201c<em>Petro y Francia le cumplen a los ricos. Se cumplieron las 48 horas que nos hab\u00edan dado de plazo. Hoy el esmad dispara gases y el ej\u00e9rcito dispara balas contra la comunidad liberadora en el norte del Cauca. Ni Duque hab\u00eda sido tan eficiente. No nos han desalojado, no nos vamos a ir. Seguimos en resistencia liberando la Madre Tierra<\/em>\u201d. Mientras tanto los campesinos que adelantan procesos de recuperaci\u00f3n de tierras en Cesar respondieron en un video publicado en Instagram: \u201c<em>Somos campesinos del municipio de Astrea (Cesar) del proceso de Santa Mar\u00eda, no somos invasores, somos recuperadores de tierras<\/em>\u201d.<\/p>\n\n\n\n<figure class=\"wp-block-image size-full\"><img loading=\"lazy\" decoding=\"async\" width=\"1023\" height=\"450\" src=\"https:\/\/nuevademocracia.com.co\/wp-content\/uploads\/2022\/09\/Liberacion-denuncia.jpg\" alt=\"\" class=\"wp-image-24819\" srcset=\"https:\/\/nuevademocracia.com.co\/wp-content\/uploads\/2022\/09\/Liberacion-denuncia.jpg 1023w, https:\/\/nuevademocracia.com.co\/wp-content\/uploads\/2022\/09\/Liberacion-denuncia-300x132.jpg 300w, https:\/\/nuevademocracia.com.co\/wp-content\/uploads\/2022\/09\/Liberacion-denuncia-768x338.jpg 768w\" sizes=\"auto, (max-width: 1023px) 100vw, 1023px\" \/><\/figure>\n\n\n\n<p class=\"has-black-color has-text-color\">En la ciudad de Medell\u00edn el d\u00eda viernes 9 de septiembre se realiz\u00f3 un mitin en los alrededores de la Universidad de Antioquia (UdeA) con la participaci\u00f3n de alrededor de 60 personas, en el cual los manifestantes exhibieron una tela con el mensaje \u201c\u00a1Tierra para quien la trabaja!\u201d, entregaron peque\u00f1os volantes informativos denunciando la situaci\u00f3n en el campo, grabaron un video enviando un mensaje de solidaridad con quienes luchan por tierra en el pa\u00eds, agitaron consignas como \u201c\u00a1Tierra para quien la trabaja, lucha para recuperarla, hagamos en Colombia revoluci\u00f3n agraria!\u201d, bloquearon de manera intermitente algunas v\u00edas importantes del sector y culminaron la jornada de solidaridad con una quema simb\u00f3lica de una tela que representaba la concentraci\u00f3n de tierras y los terratenientes del pa\u00eds en la que se pod\u00edan leer nombres de diversos terratenientes como Ardila Lulle, Jos\u00e9 Felix Lafaurie, Maria Fernanda Cabal, \u00c1lvaro Uribe, entre otros y un mensaje en la parte superior que dec\u00eda \u201cMuerte al latifundio\u201d. El equipo de Nueva Democracia particip\u00f3 del mitin y elabor\u00f3 el siguiente video:<\/p>\n\n\n\n<figure class=\"wp-block-embed is-type-video is-provider-youtube wp-block-embed-youtube wp-embed-aspect-16-9 wp-has-aspect-ratio\"><div class=\"wp-block-embed__wrapper\">\n<iframe loading=\"lazy\" title=\"Mitin en solidaridad con las tomas de tierras en Medell\u00edn (9 de septiembre 2022)\" width=\"1290\" height=\"726\" src=\"https:\/\/www.youtube.com\/embed\/x8R3G5xeG4I?feature=oembed\" frameborder=\"0\" allow=\"accelerometer; autoplay; clipboard-write; encrypted-media; gyroscope; picture-in-picture; web-share\" referrerpolicy=\"strict-origin-when-cross-origin\" allowfullscreen><\/iframe>\n<\/div><\/figure>\n\n\n\n<figure class=\"wp-block-gallery has-nested-images columns-default is-cropped wp-block-gallery-1 is-layout-flex wp-block-gallery-is-layout-flex\">\n<figure class=\"wp-block-image size-large\"><img loading=\"lazy\" decoding=\"async\" width=\"836\" height=\"1024\" data-id=\"24820\" src=\"https:\/\/nuevademocracia.com.co\/wp-content\/uploads\/2022\/09\/flyer-836x1024.jpg\" alt=\"\" class=\"wp-image-24820\" srcset=\"https:\/\/nuevademocracia.com.co\/wp-content\/uploads\/2022\/09\/flyer-836x1024.jpg 836w, https:\/\/nuevademocracia.com.co\/wp-content\/uploads\/2022\/09\/flyer-245x300.jpg 245w, https:\/\/nuevademocracia.com.co\/wp-content\/uploads\/2022\/09\/flyer-768x941.jpg 768w, https:\/\/nuevademocracia.com.co\/wp-content\/uploads\/2022\/09\/flyer.jpg 1080w\" sizes=\"auto, (max-width: 836px) 100vw, 836px\" \/><\/figure>\n\n\n\n<figure class=\"wp-block-image size-large\"><img loading=\"lazy\" decoding=\"async\" width=\"995\" height=\"549\" data-id=\"24799\" src=\"https:\/\/nuevademocracia.com.co\/wp-content\/uploads\/2022\/09\/Mitin-01.jpg\" alt=\"\" class=\"wp-image-24799\" srcset=\"https:\/\/nuevademocracia.com.co\/wp-content\/uploads\/2022\/09\/Mitin-01.jpg 995w, https:\/\/nuevademocracia.com.co\/wp-content\/uploads\/2022\/09\/Mitin-01-300x166.jpg 300w, https:\/\/nuevademocracia.com.co\/wp-content\/uploads\/2022\/09\/Mitin-01-768x424.jpg 768w\" sizes=\"auto, (max-width: 995px) 100vw, 995px\" \/><\/figure>\n\n\n\n<figure class=\"wp-block-image size-large\"><img loading=\"lazy\" decoding=\"async\" width=\"979\" height=\"566\" data-id=\"24801\" src=\"https:\/\/nuevademocracia.com.co\/wp-content\/uploads\/2022\/09\/Mitin-02.jpg\" alt=\"\" class=\"wp-image-24801\" srcset=\"https:\/\/nuevademocracia.com.co\/wp-content\/uploads\/2022\/09\/Mitin-02.jpg 979w, https:\/\/nuevademocracia.com.co\/wp-content\/uploads\/2022\/09\/Mitin-02-300x173.jpg 300w, https:\/\/nuevademocracia.com.co\/wp-content\/uploads\/2022\/09\/Mitin-02-768x444.jpg 768w\" sizes=\"auto, (max-width: 979px) 100vw, 979px\" \/><\/figure>\n\n\n\n<figure class=\"wp-block-image size-large\"><img loading=\"lazy\" decoding=\"async\" width=\"872\" height=\"564\" data-id=\"24800\" src=\"https:\/\/nuevademocracia.com.co\/wp-content\/uploads\/2022\/09\/Mitin-03.jpg\" alt=\"\" class=\"wp-image-24800\" srcset=\"https:\/\/nuevademocracia.com.co\/wp-content\/uploads\/2022\/09\/Mitin-03.jpg 872w, https:\/\/nuevademocracia.com.co\/wp-content\/uploads\/2022\/09\/Mitin-03-300x194.jpg 300w, https:\/\/nuevademocracia.com.co\/wp-content\/uploads\/2022\/09\/Mitin-03-768x497.jpg 768w\" sizes=\"auto, (max-width: 872px) 100vw, 872px\" \/><\/figure>\n\n\n\n<figure class=\"wp-block-image size-large\"><img loading=\"lazy\" decoding=\"async\" width=\"953\" height=\"555\" data-id=\"24802\" src=\"https:\/\/nuevademocracia.com.co\/wp-content\/uploads\/2022\/09\/Mitin-04.jpg\" alt=\"\" class=\"wp-image-24802\" srcset=\"https:\/\/nuevademocracia.com.co\/wp-content\/uploads\/2022\/09\/Mitin-04.jpg 953w, https:\/\/nuevademocracia.com.co\/wp-content\/uploads\/2022\/09\/Mitin-04-300x175.jpg 300w, https:\/\/nuevademocracia.com.co\/wp-content\/uploads\/2022\/09\/Mitin-04-768x447.jpg 768w\" sizes=\"auto, (max-width: 953px) 100vw, 953px\" \/><\/figure>\n\n\n\n<figure class=\"wp-block-image size-large\"><img loading=\"lazy\" decoding=\"async\" width=\"988\" height=\"549\" data-id=\"24809\" src=\"https:\/\/nuevademocracia.com.co\/wp-content\/uploads\/2022\/09\/Mitin-06.jpg\" alt=\"\" class=\"wp-image-24809\" srcset=\"https:\/\/nuevademocracia.com.co\/wp-content\/uploads\/2022\/09\/Mitin-06.jpg 988w, https:\/\/nuevademocracia.com.co\/wp-content\/uploads\/2022\/09\/Mitin-06-300x167.jpg 300w, https:\/\/nuevademocracia.com.co\/wp-content\/uploads\/2022\/09\/Mitin-06-768x427.jpg 768w\" sizes=\"auto, (max-width: 988px) 100vw, 988px\" \/><\/figure>\n\n\n\n<figure class=\"wp-block-image size-large\"><img loading=\"lazy\" decoding=\"async\" width=\"990\" height=\"556\" data-id=\"24806\" src=\"https:\/\/nuevademocracia.com.co\/wp-content\/uploads\/2022\/09\/Mitin-07.jpg\" alt=\"\" class=\"wp-image-24806\" srcset=\"https:\/\/nuevademocracia.com.co\/wp-content\/uploads\/2022\/09\/Mitin-07.jpg 990w, https:\/\/nuevademocracia.com.co\/wp-content\/uploads\/2022\/09\/Mitin-07-300x168.jpg 300w, https:\/\/nuevademocracia.com.co\/wp-content\/uploads\/2022\/09\/Mitin-07-768x431.jpg 768w\" sizes=\"auto, (max-width: 990px) 100vw, 990px\" \/><\/figure>\n\n\n\n<figure class=\"wp-block-image size-large\"><img loading=\"lazy\" decoding=\"async\" width=\"991\" height=\"553\" data-id=\"24804\" src=\"https:\/\/nuevademocracia.com.co\/wp-content\/uploads\/2022\/09\/Mitin-08.jpg\" alt=\"\" class=\"wp-image-24804\" srcset=\"https:\/\/nuevademocracia.com.co\/wp-content\/uploads\/2022\/09\/Mitin-08.jpg 991w, https:\/\/nuevademocracia.com.co\/wp-content\/uploads\/2022\/09\/Mitin-08-300x167.jpg 300w, https:\/\/nuevademocracia.com.co\/wp-content\/uploads\/2022\/09\/Mitin-08-768x429.jpg 768w\" sizes=\"auto, (max-width: 991px) 100vw, 991px\" \/><\/figure>\n\n\n\n<figure class=\"wp-block-image size-large\"><img loading=\"lazy\" decoding=\"async\" width=\"985\" height=\"554\" data-id=\"24811\" src=\"https:\/\/nuevademocracia.com.co\/wp-content\/uploads\/2022\/09\/Mitin-09.jpg\" alt=\"\" class=\"wp-image-24811\" srcset=\"https:\/\/nuevademocracia.com.co\/wp-content\/uploads\/2022\/09\/Mitin-09.jpg 985w, https:\/\/nuevademocracia.com.co\/wp-content\/uploads\/2022\/09\/Mitin-09-300x169.jpg 300w, https:\/\/nuevademocracia.com.co\/wp-content\/uploads\/2022\/09\/Mitin-09-768x432.jpg 768w\" sizes=\"auto, (max-width: 985px) 100vw, 985px\" \/><\/figure>\n\n\n\n<figure class=\"wp-block-image size-large\"><img loading=\"lazy\" decoding=\"async\" width=\"991\" height=\"542\" data-id=\"24812\" src=\"https:\/\/nuevademocracia.com.co\/wp-content\/uploads\/2022\/09\/Mitin-10.jpg\" alt=\"\" class=\"wp-image-24812\" srcset=\"https:\/\/nuevademocracia.com.co\/wp-content\/uploads\/2022\/09\/Mitin-10.jpg 991w, https:\/\/nuevademocracia.com.co\/wp-content\/uploads\/2022\/09\/Mitin-10-300x164.jpg 300w, https:\/\/nuevademocracia.com.co\/wp-content\/uploads\/2022\/09\/Mitin-10-768x420.jpg 768w\" sizes=\"auto, (max-width: 991px) 100vw, 991px\" \/><\/figure>\n\n\n\n<figure class=\"wp-block-image size-large\"><img loading=\"lazy\" decoding=\"async\" width=\"978\" height=\"556\" data-id=\"24810\" src=\"https:\/\/nuevademocracia.com.co\/wp-content\/uploads\/2022\/09\/Mitin-11.jpg\" alt=\"\" class=\"wp-image-24810\" srcset=\"https:\/\/nuevademocracia.com.co\/wp-content\/uploads\/2022\/09\/Mitin-11.jpg 978w, https:\/\/nuevademocracia.com.co\/wp-content\/uploads\/2022\/09\/Mitin-11-300x171.jpg 300w, https:\/\/nuevademocracia.com.co\/wp-content\/uploads\/2022\/09\/Mitin-11-768x437.jpg 768w\" sizes=\"auto, (max-width: 978px) 100vw, 978px\" \/><\/figure>\n\n\n\n<figure class=\"wp-block-image size-large\"><img loading=\"lazy\" decoding=\"async\" width=\"1002\" height=\"561\" data-id=\"24813\" src=\"https:\/\/nuevademocracia.com.co\/wp-content\/uploads\/2022\/09\/Mitin-12.jpg\" alt=\"\" class=\"wp-image-24813\" srcset=\"https:\/\/nuevademocracia.com.co\/wp-content\/uploads\/2022\/09\/Mitin-12.jpg 1002w, https:\/\/nuevademocracia.com.co\/wp-content\/uploads\/2022\/09\/Mitin-12-300x168.jpg 300w, https:\/\/nuevademocracia.com.co\/wp-content\/uploads\/2022\/09\/Mitin-12-768x430.jpg 768w\" sizes=\"auto, (max-width: 1002px) 100vw, 1002px\" \/><\/figure>\n\n\n\n<figure class=\"wp-block-image size-large\"><img loading=\"lazy\" decoding=\"async\" width=\"1000\" height=\"564\" data-id=\"24807\" src=\"https:\/\/nuevademocracia.com.co\/wp-content\/uploads\/2022\/09\/Mitin-13.jpg\" alt=\"\" class=\"wp-image-24807\" srcset=\"https:\/\/nuevademocracia.com.co\/wp-content\/uploads\/2022\/09\/Mitin-13.jpg 1000w, https:\/\/nuevademocracia.com.co\/wp-content\/uploads\/2022\/09\/Mitin-13-300x169.jpg 300w, https:\/\/nuevademocracia.com.co\/wp-content\/uploads\/2022\/09\/Mitin-13-768x433.jpg 768w\" sizes=\"auto, (max-width: 1000px) 100vw, 1000px\" \/><\/figure>\n\n\n\n<figure class=\"wp-block-image size-large\"><img loading=\"lazy\" decoding=\"async\" width=\"982\" height=\"555\" data-id=\"24805\" src=\"https:\/\/nuevademocracia.com.co\/wp-content\/uploads\/2022\/09\/Mitin-14.jpg\" alt=\"\" class=\"wp-image-24805\" srcset=\"https:\/\/nuevademocracia.com.co\/wp-content\/uploads\/2022\/09\/Mitin-14.jpg 982w, https:\/\/nuevademocracia.com.co\/wp-content\/uploads\/2022\/09\/Mitin-14-300x170.jpg 300w, https:\/\/nuevademocracia.com.co\/wp-content\/uploads\/2022\/09\/Mitin-14-768x434.jpg 768w\" sizes=\"auto, (max-width: 982px) 100vw, 982px\" \/><\/figure>\n\n\n\n<figure class=\"wp-block-image size-large\"><img loading=\"lazy\" decoding=\"async\" width=\"989\" height=\"563\" data-id=\"24808\" src=\"https:\/\/nuevademocracia.com.co\/wp-content\/uploads\/2022\/09\/Mitin-15.jpg\" alt=\"\" class=\"wp-image-24808\" srcset=\"https:\/\/nuevademocracia.com.co\/wp-content\/uploads\/2022\/09\/Mitin-15.jpg 989w, https:\/\/nuevademocracia.com.co\/wp-content\/uploads\/2022\/09\/Mitin-15-300x171.jpg 300w, https:\/\/nuevademocracia.com.co\/wp-content\/uploads\/2022\/09\/Mitin-15-768x437.jpg 768w\" sizes=\"auto, (max-width: 989px) 100vw, 989px\" \/><\/figure>\n<\/figure>\n\n\n\n<p><\/p>\n\n\n\n<p class=\"has-black-color has-text-color\">D\u00edas antes apareci\u00f3 al interior de la UdeA una tela con el mensaje \u201cPetro y Francia ordenan desalojo para que el terrateniente viva sabroso, \u00a1Abajo el gobierno oportunista! \u00a1Tierra para quien la trabaja!\u201d y pintas con frases como \u201cviva la lucha campesina\u201d y \u201capoyo total a las invasiones de tierra\u201d. En varias asambleas estudiantiles de la universidad activistas realizaron intervenciones denunciando en\u00e9rgicamente la represi\u00f3n ejercida por el gobierno de turno contra las comunidades ind\u00edgenas y campesinas, llamando a impulsar una contra-campa\u00f1a desde las ciudades en defensa de las tomas de tierras.<\/p>\n\n\n\n<figure class=\"wp-block-gallery has-nested-images columns-default is-cropped wp-block-gallery-2 is-layout-flex wp-block-gallery-is-layout-flex\">\n<figure class=\"wp-block-image size-large\"><img loading=\"lazy\" decoding=\"async\" width=\"1024\" height=\"768\" data-id=\"24789\" src=\"https:\/\/nuevademocracia.com.co\/wp-content\/uploads\/2022\/09\/Tierras-Udea-3-1-1024x768.jpg\" alt=\"\" class=\"wp-image-24789\" srcset=\"https:\/\/nuevademocracia.com.co\/wp-content\/uploads\/2022\/09\/Tierras-Udea-3-1-1024x768.jpg 1024w, https:\/\/nuevademocracia.com.co\/wp-content\/uploads\/2022\/09\/Tierras-Udea-3-1-300x225.jpg 300w, https:\/\/nuevademocracia.com.co\/wp-content\/uploads\/2022\/09\/Tierras-Udea-3-1-768x576.jpg 768w, https:\/\/nuevademocracia.com.co\/wp-content\/uploads\/2022\/09\/Tierras-Udea-3-1-1536x1152.jpg 1536w, https:\/\/nuevademocracia.com.co\/wp-content\/uploads\/2022\/09\/Tierras-Udea-3-1-2048x1536.jpg 2048w\" sizes=\"auto, (max-width: 1024px) 100vw, 1024px\" \/><\/figure>\n\n\n\n<figure class=\"wp-block-image size-large\"><img loading=\"lazy\" decoding=\"async\" width=\"1024\" height=\"768\" data-id=\"24788\" src=\"https:\/\/nuevademocracia.com.co\/wp-content\/uploads\/2022\/09\/Tierras-Udea-5-1-1024x768.jpg\" alt=\"\" class=\"wp-image-24788\" srcset=\"https:\/\/nuevademocracia.com.co\/wp-content\/uploads\/2022\/09\/Tierras-Udea-5-1-1024x768.jpg 1024w, https:\/\/nuevademocracia.com.co\/wp-content\/uploads\/2022\/09\/Tierras-Udea-5-1-300x225.jpg 300w, https:\/\/nuevademocracia.com.co\/wp-content\/uploads\/2022\/09\/Tierras-Udea-5-1-768x576.jpg 768w, https:\/\/nuevademocracia.com.co\/wp-content\/uploads\/2022\/09\/Tierras-Udea-5-1-1536x1152.jpg 1536w, https:\/\/nuevademocracia.com.co\/wp-content\/uploads\/2022\/09\/Tierras-Udea-5-1.jpg 2022w\" sizes=\"auto, (max-width: 1024px) 100vw, 1024px\" \/><\/figure>\n\n\n\n<figure class=\"wp-block-image size-large\"><img loading=\"lazy\" decoding=\"async\" width=\"1024\" height=\"768\" data-id=\"24790\" src=\"https:\/\/nuevademocracia.com.co\/wp-content\/uploads\/2022\/09\/Tierras-Udea-6-1-1024x768.jpg\" alt=\"\" class=\"wp-image-24790\" srcset=\"https:\/\/nuevademocracia.com.co\/wp-content\/uploads\/2022\/09\/Tierras-Udea-6-1-1024x768.jpg 1024w, https:\/\/nuevademocracia.com.co\/wp-content\/uploads\/2022\/09\/Tierras-Udea-6-1-300x225.jpg 300w, https:\/\/nuevademocracia.com.co\/wp-content\/uploads\/2022\/09\/Tierras-Udea-6-1-768x576.jpg 768w, https:\/\/nuevademocracia.com.co\/wp-content\/uploads\/2022\/09\/Tierras-Udea-6-1-1536x1152.jpg 1536w, https:\/\/nuevademocracia.com.co\/wp-content\/uploads\/2022\/09\/Tierras-Udea-6-1-2048x1536.jpg 2048w\" sizes=\"auto, (max-width: 1024px) 100vw, 1024px\" \/><\/figure>\n\n\n\n<figure class=\"wp-block-image size-large\"><img loading=\"lazy\" decoding=\"async\" width=\"1024\" height=\"768\" data-id=\"24791\" src=\"https:\/\/nuevademocracia.com.co\/wp-content\/uploads\/2022\/09\/Tierras-Udea-7-1-1024x768.jpg\" alt=\"\" class=\"wp-image-24791\" srcset=\"https:\/\/nuevademocracia.com.co\/wp-content\/uploads\/2022\/09\/Tierras-Udea-7-1-1024x768.jpg 1024w, https:\/\/nuevademocracia.com.co\/wp-content\/uploads\/2022\/09\/Tierras-Udea-7-1-300x225.jpg 300w, https:\/\/nuevademocracia.com.co\/wp-content\/uploads\/2022\/09\/Tierras-Udea-7-1-768x576.jpg 768w, https:\/\/nuevademocracia.com.co\/wp-content\/uploads\/2022\/09\/Tierras-Udea-7-1-1536x1152.jpg 1536w, https:\/\/nuevademocracia.com.co\/wp-content\/uploads\/2022\/09\/Tierras-Udea-7-1-2048x1536.jpg 2048w\" sizes=\"auto, (max-width: 1024px) 100vw, 1024px\" \/><\/figure>\n\n\n\n<figure class=\"wp-block-image size-large\"><img loading=\"lazy\" decoding=\"async\" width=\"1024\" height=\"576\" data-id=\"24792\" src=\"https:\/\/nuevademocracia.com.co\/wp-content\/uploads\/2022\/09\/vlcsnap-2022-09-07-15h51m42s805-1024x576.png\" alt=\"\" class=\"wp-image-24792\" srcset=\"https:\/\/nuevademocracia.com.co\/wp-content\/uploads\/2022\/09\/vlcsnap-2022-09-07-15h51m42s805-1024x576.png 1024w, https:\/\/nuevademocracia.com.co\/wp-content\/uploads\/2022\/09\/vlcsnap-2022-09-07-15h51m42s805-300x169.png 300w, https:\/\/nuevademocracia.com.co\/wp-content\/uploads\/2022\/09\/vlcsnap-2022-09-07-15h51m42s805-768x432.png 768w, https:\/\/nuevademocracia.com.co\/wp-content\/uploads\/2022\/09\/vlcsnap-2022-09-07-15h51m42s805-1536x864.png 1536w, https:\/\/nuevademocracia.com.co\/wp-content\/uploads\/2022\/09\/vlcsnap-2022-09-07-15h51m42s805-2048x1152.png 2048w\" sizes=\"auto, (max-width: 1024px) 100vw, 1024px\" \/><\/figure>\n\n\n\n<figure class=\"wp-block-image size-large\"><img loading=\"lazy\" decoding=\"async\" width=\"1024\" height=\"576\" data-id=\"24793\" src=\"https:\/\/nuevademocracia.com.co\/wp-content\/uploads\/2022\/09\/vlcsnap-2022-09-07-15h52m43s879-1024x576.png\" alt=\"\" class=\"wp-image-24793\" srcset=\"https:\/\/nuevademocracia.com.co\/wp-content\/uploads\/2022\/09\/vlcsnap-2022-09-07-15h52m43s879-1024x576.png 1024w, https:\/\/nuevademocracia.com.co\/wp-content\/uploads\/2022\/09\/vlcsnap-2022-09-07-15h52m43s879-300x169.png 300w, https:\/\/nuevademocracia.com.co\/wp-content\/uploads\/2022\/09\/vlcsnap-2022-09-07-15h52m43s879-768x432.png 768w, https:\/\/nuevademocracia.com.co\/wp-content\/uploads\/2022\/09\/vlcsnap-2022-09-07-15h52m43s879-1536x864.png 1536w, https:\/\/nuevademocracia.com.co\/wp-content\/uploads\/2022\/09\/vlcsnap-2022-09-07-15h52m43s879-2048x1152.png 2048w\" sizes=\"auto, (max-width: 1024px) 100vw, 1024px\" \/><\/figure>\n\n\n\n<figure class=\"wp-block-image size-large\"><img loading=\"lazy\" decoding=\"async\" width=\"1024\" height=\"576\" data-id=\"24794\" src=\"https:\/\/nuevademocracia.com.co\/wp-content\/uploads\/2022\/09\/vlcsnap-2022-09-07-15h53m35s760-1024x576.png\" alt=\"\" class=\"wp-image-24794\" srcset=\"https:\/\/nuevademocracia.com.co\/wp-content\/uploads\/2022\/09\/vlcsnap-2022-09-07-15h53m35s760-1024x576.png 1024w, https:\/\/nuevademocracia.com.co\/wp-content\/uploads\/2022\/09\/vlcsnap-2022-09-07-15h53m35s760-300x169.png 300w, https:\/\/nuevademocracia.com.co\/wp-content\/uploads\/2022\/09\/vlcsnap-2022-09-07-15h53m35s760-768x432.png 768w, https:\/\/nuevademocracia.com.co\/wp-content\/uploads\/2022\/09\/vlcsnap-2022-09-07-15h53m35s760-1536x864.png 1536w, https:\/\/nuevademocracia.com.co\/wp-content\/uploads\/2022\/09\/vlcsnap-2022-09-07-15h53m35s760-2048x1152.png 2048w\" sizes=\"auto, (max-width: 1024px) 100vw, 1024px\" \/><\/figure>\n<\/figure>\n\n\n\n<p><\/p>\n\n\n\n<p class=\"has-black-color has-text-color\">Tambi\u00e9n en Medell\u00edn, activistas de la Organizac\u00ed\u00f3n Estudiantil del Polit\u00e9cnico Jaime Isaza Cadavid ubicado al sur de la ciudad, realizaron una tela que posteriormente colgaron en las instalaciones de la instituci\u00f3n con el mensaje \u201cPetro y Francia ordenan desalojo pa&#8217; que el terrateniente viva sabroso, \u00a1Viva la liberaci\u00f3n de la madre tierra!\u201d.<\/p>\n\n\n\n<figure class=\"wp-block-gallery has-nested-images columns-default is-cropped wp-block-gallery-3 is-layout-flex wp-block-gallery-is-layout-flex\">\n<figure class=\"wp-block-image size-large\"><img loading=\"lazy\" decoding=\"async\" width=\"480\" height=\"360\" data-id=\"24795\" src=\"https:\/\/nuevademocracia.com.co\/wp-content\/uploads\/2022\/09\/Poli-1.jpg\" alt=\"\" class=\"wp-image-24795\" srcset=\"https:\/\/nuevademocracia.com.co\/wp-content\/uploads\/2022\/09\/Poli-1.jpg 480w, https:\/\/nuevademocracia.com.co\/wp-content\/uploads\/2022\/09\/Poli-1-300x225.jpg 300w\" sizes=\"auto, (max-width: 480px) 100vw, 480px\" \/><\/figure>\n\n\n\n<figure class=\"wp-block-image size-large\"><img loading=\"lazy\" decoding=\"async\" width=\"480\" height=\"360\" data-id=\"24796\" src=\"https:\/\/nuevademocracia.com.co\/wp-content\/uploads\/2022\/09\/Poli-2.jpg\" alt=\"\" class=\"wp-image-24796\" srcset=\"https:\/\/nuevademocracia.com.co\/wp-content\/uploads\/2022\/09\/Poli-2.jpg 480w, https:\/\/nuevademocracia.com.co\/wp-content\/uploads\/2022\/09\/Poli-2-300x225.jpg 300w\" sizes=\"auto, (max-width: 480px) 100vw, 480px\" \/><\/figure>\n<\/figure>\n\n\n\n<p><\/p>\n\n\n\n<p class=\"has-black-color has-text-color\">En la ciudad de Ibagu\u00e9, activistas del colectivo RIE Ibagu\u00e9 elaboraron y colgaron una tela en las instalaciones de la Universidad de Tolima (UT) con el mensaje: \u201cEl gobierno de turno ordena el desalojo pa&#8217; que el terrateniente viva sabroso, \u00a1Tierra pa&#8217; quien la trabaja!\u201d.<\/p>\n\n\n\n<figure class=\"wp-block-gallery has-nested-images columns-default is-cropped wp-block-gallery-4 is-layout-flex wp-block-gallery-is-layout-flex\">\n<figure class=\"wp-block-image size-large\"><img loading=\"lazy\" decoding=\"async\" width=\"480\" height=\"270\" data-id=\"24797\" src=\"https:\/\/nuevademocracia.com.co\/wp-content\/uploads\/2022\/09\/UT-1.jpg\" alt=\"\" class=\"wp-image-24797\" srcset=\"https:\/\/nuevademocracia.com.co\/wp-content\/uploads\/2022\/09\/UT-1.jpg 480w, https:\/\/nuevademocracia.com.co\/wp-content\/uploads\/2022\/09\/UT-1-300x169.jpg 300w\" sizes=\"auto, (max-width: 480px) 100vw, 480px\" \/><\/figure>\n\n\n\n<figure class=\"wp-block-image size-large\"><img loading=\"lazy\" decoding=\"async\" width=\"480\" height=\"270\" data-id=\"24798\" src=\"https:\/\/nuevademocracia.com.co\/wp-content\/uploads\/2022\/09\/UT-2.jpg\" alt=\"\" class=\"wp-image-24798\" srcset=\"https:\/\/nuevademocracia.com.co\/wp-content\/uploads\/2022\/09\/UT-2.jpg 480w, https:\/\/nuevademocracia.com.co\/wp-content\/uploads\/2022\/09\/UT-2-300x169.jpg 300w\" sizes=\"auto, (max-width: 480px) 100vw, 480px\" \/><\/figure>\n<\/figure>\n\n\n\n<p><\/p>\n\n\n\n<p class=\"has-black-color has-text-color\">Finalmente, en la ciudad de Bogot\u00e1, estudiantes de la Universidad Pedag\u00f3gica Nacional realizaron un video donde denuncian los desalojos ordenados por el nuevo gobierno de Petro y Francia M\u00e1rquez, expresando su solidaridad con el pueblo que lucha por tierra a lo largo del pa\u00eds. <\/p>\n\n\n\n<figure class=\"wp-block-embed is-type-video is-provider-youtube wp-block-embed-youtube wp-embed-aspect-16-9 wp-has-aspect-ratio\"><div class=\"wp-block-embed__wrapper\">\n<iframe loading=\"lazy\" title=\"Video en solidaridad con las tomas de tierras en la Universidad Pedag\u00f3gica Nacional de Bogot\u00e1\" width=\"1290\" height=\"726\" src=\"https:\/\/www.youtube.com\/embed\/QNNemK_4rRk?feature=oembed\" frameborder=\"0\" allow=\"accelerometer; autoplay; clipboard-write; encrypted-media; gyroscope; picture-in-picture; web-share\" referrerpolicy=\"strict-origin-when-cross-origin\" allowfullscreen><\/iframe>\n<\/div><\/figure>\n","protected":false},"excerpt":{"rendered":"<p>J\u00f3venes activistas populares y revolucionarios de distintos lugares del pa\u00eds realizaron m\u00faltiples acciones expresando su respaldo y solidaridad con las luchas del campesinado y de los pueblos ind\u00edgenas y afro por tierra para vivir y trabajar. Elaboraci\u00f3n y colgadas de telas, pintas, discursos, quemas, carteles, videos, repartici\u00f3n de volantes informativos y un mitin fueron algunas [&hellip;]<\/p>\n","protected":false},"author":1,"featured_media":24814,"comment_status":"open","ping_status":"open","sticky":false,"template":"","format":"standard","meta":{"footnotes":""},"categories":[16,4,144],"tags":[21,28,5,18,41],"class_list":["post-24782","post","type-post","status-publish","format-standard","has-post-thumbnail","hentry","category-carrusel","category-colombia","category-lucha-por-la-tierra","tag-campesinos","tag-juventud","tag-petro","tag-protestas","tag-represion-estatal"],"blocksy_meta":[],"_links":{"self":[{"href":"https:\/\/nuevademocracia.com.co\/index.php?rest_route=\/wp\/v2\/posts\/24782","targetHints":{"allow":["GET"]}}],"collection":[{"href":"https:\/\/nuevademocracia.com.co\/index.php?rest_route=\/wp\/v2\/posts"}],"about":[{"href":"https:\/\/nuevademocracia.com.co\/index.php?rest_route=\/wp\/v2\/types\/post"}],"author":[{"embeddable":true,"href":"https:\/\/nuevademocracia.com.co\/index.php?rest_route=\/wp\/v2\/users\/1"}],"replies":[{"embeddable":true,"href":"https:\/\/nuevademocracia.com.co\/index.php?rest_route=%2Fwp%2Fv2%2Fcomments&post=24782"}],"version-history":[{"count":3,"href":"https:\/\/nuevademocracia.com.co\/index.php?rest_route=\/wp\/v2\/posts\/24782\/revisions"}],"predecessor-version":[{"id":24821,"href":"https:\/\/nuevademocracia.com.co\/index.php?rest_route=\/wp\/v2\/posts\/24782\/revisions\/24821"}],"wp:featuredmedia":[{"embeddable":true,"href":"https:\/\/nuevademocracia.com.co\/index.php?rest_route=\/wp\/v2\/media\/24814"}],"wp:attachment":[{"href":"https:\/\/nuevademocracia.com.co\/index.php?rest_route=%2Fwp%2Fv2%2Fmedia&parent=24782"}],"wp:term":[{"taxonomy":"category","embeddable":true,"href":"https:\/\/nuevademocracia.com.co\/index.php?rest_route=%2Fwp%2Fv2%2Fcategories&post=24782"},{"taxonomy":"post_tag","embeddable":true,"href":"https:\/\/nuevademocracia.com.co\/index.php?rest_route=%2Fwp%2Fv2%2Ftags&post=24782"}],"curies":[{"name":"wp","href":"https:\/\/api.w.org\/{rel}","templated":true}]}}