{"id":24822,"date":"2022-09-17T16:08:35","date_gmt":"2022-09-17T21:08:35","guid":{"rendered":"https:\/\/nuevademocracia.com.co\/?p=24822"},"modified":"2022-09-17T16:09:58","modified_gmt":"2022-09-17T21:09:58","slug":"el-estudiantado-del-alzate-avendano-en-pie-de-lucha-por-infraestructura-digna","status":"publish","type":"post","link":"https:\/\/nuevademocracia.com.co\/?p=24822","title":{"rendered":"El estudiantado del Alzate Avenda\u00f1o en pie de lucha por infraestructura digna"},"content":{"rendered":"\n<p class=\"has-black-color has-text-color\">El pasado mi\u00e9rcoles 14 de septiembre se realiz\u00f3 una marcha en la ciudad de Medell\u00edn convocada por estudiantes secundaristas de la Instituci\u00f3n Educativa Gilberto Alzate Avenda\u00f1o, ubicada en el barrio Aranjuez. En la edici\u00f3n anterior de Nueva Democracia informamos a nuestros lectores de las denuncias y la lucha que vienen impulsando los estudiantes de este colegio ante los graves problemas de infraestructura que aquejan a su instituci\u00f3n y al 90% de las instituciones educativas de car\u00e1cter p\u00fablico en la ciudad.<\/p>\n\n\n\n<figure class=\"wp-block-gallery has-nested-images columns-default is-cropped wp-block-gallery-1 is-layout-flex wp-block-gallery-is-layout-flex\">\n<figure class=\"wp-block-image size-large\"><img loading=\"lazy\" decoding=\"async\" width=\"1024\" height=\"576\" data-id=\"24823\" src=\"https:\/\/nuevademocracia.com.co\/wp-content\/uploads\/2022\/09\/Imagen-fija001-1024x576.jpg\" alt=\"\" class=\"wp-image-24823\" srcset=\"https:\/\/nuevademocracia.com.co\/wp-content\/uploads\/2022\/09\/Imagen-fija001-1024x576.jpg 1024w, https:\/\/nuevademocracia.com.co\/wp-content\/uploads\/2022\/09\/Imagen-fija001-300x169.jpg 300w, https:\/\/nuevademocracia.com.co\/wp-content\/uploads\/2022\/09\/Imagen-fija001-768x432.jpg 768w, https:\/\/nuevademocracia.com.co\/wp-content\/uploads\/2022\/09\/Imagen-fija001.jpg 1281w\" sizes=\"auto, (max-width: 1024px) 100vw, 1024px\" \/><\/figure>\n\n\n\n<figure class=\"wp-block-image size-large\"><img loading=\"lazy\" decoding=\"async\" width=\"1024\" height=\"576\" data-id=\"24828\" src=\"https:\/\/nuevademocracia.com.co\/wp-content\/uploads\/2022\/09\/Imagen-fija002-1024x576.jpg\" alt=\"\" class=\"wp-image-24828\" srcset=\"https:\/\/nuevademocracia.com.co\/wp-content\/uploads\/2022\/09\/Imagen-fija002-1024x576.jpg 1024w, https:\/\/nuevademocracia.com.co\/wp-content\/uploads\/2022\/09\/Imagen-fija002-300x169.jpg 300w, https:\/\/nuevademocracia.com.co\/wp-content\/uploads\/2022\/09\/Imagen-fija002-768x432.jpg 768w, https:\/\/nuevademocracia.com.co\/wp-content\/uploads\/2022\/09\/Imagen-fija002.jpg 1281w\" sizes=\"auto, (max-width: 1024px) 100vw, 1024px\" \/><\/figure>\n\n\n\n<figure class=\"wp-block-image size-large\"><img loading=\"lazy\" decoding=\"async\" width=\"1024\" height=\"576\" data-id=\"24824\" src=\"https:\/\/nuevademocracia.com.co\/wp-content\/uploads\/2022\/09\/Imagen-fija003-1024x576.jpg\" alt=\"\" class=\"wp-image-24824\" srcset=\"https:\/\/nuevademocracia.com.co\/wp-content\/uploads\/2022\/09\/Imagen-fija003-1024x576.jpg 1024w, https:\/\/nuevademocracia.com.co\/wp-content\/uploads\/2022\/09\/Imagen-fija003-300x169.jpg 300w, https:\/\/nuevademocracia.com.co\/wp-content\/uploads\/2022\/09\/Imagen-fija003-768x432.jpg 768w, https:\/\/nuevademocracia.com.co\/wp-content\/uploads\/2022\/09\/Imagen-fija003.jpg 1281w\" sizes=\"auto, (max-width: 1024px) 100vw, 1024px\" \/><\/figure>\n\n\n\n<figure class=\"wp-block-image size-large\"><img loading=\"lazy\" decoding=\"async\" width=\"1024\" height=\"576\" data-id=\"24825\" src=\"https:\/\/nuevademocracia.com.co\/wp-content\/uploads\/2022\/09\/Imagen-fija004-1024x576.jpg\" alt=\"\" class=\"wp-image-24825\" srcset=\"https:\/\/nuevademocracia.com.co\/wp-content\/uploads\/2022\/09\/Imagen-fija004-1024x576.jpg 1024w, https:\/\/nuevademocracia.com.co\/wp-content\/uploads\/2022\/09\/Imagen-fija004-300x169.jpg 300w, https:\/\/nuevademocracia.com.co\/wp-content\/uploads\/2022\/09\/Imagen-fija004-768x432.jpg 768w, https:\/\/nuevademocracia.com.co\/wp-content\/uploads\/2022\/09\/Imagen-fija004.jpg 1281w\" sizes=\"auto, (max-width: 1024px) 100vw, 1024px\" \/><\/figure>\n\n\n\n<figure class=\"wp-block-image size-large\"><img loading=\"lazy\" decoding=\"async\" width=\"1024\" height=\"576\" data-id=\"24827\" src=\"https:\/\/nuevademocracia.com.co\/wp-content\/uploads\/2022\/09\/Imagen-fija005-1024x576.jpg\" alt=\"\" class=\"wp-image-24827\" srcset=\"https:\/\/nuevademocracia.com.co\/wp-content\/uploads\/2022\/09\/Imagen-fija005-1024x576.jpg 1024w, https:\/\/nuevademocracia.com.co\/wp-content\/uploads\/2022\/09\/Imagen-fija005-300x169.jpg 300w, https:\/\/nuevademocracia.com.co\/wp-content\/uploads\/2022\/09\/Imagen-fija005-768x432.jpg 768w, https:\/\/nuevademocracia.com.co\/wp-content\/uploads\/2022\/09\/Imagen-fija005.jpg 1281w\" sizes=\"auto, (max-width: 1024px) 100vw, 1024px\" \/><\/figure>\n\n\n\n<figure class=\"wp-block-image size-large\"><img loading=\"lazy\" decoding=\"async\" width=\"1024\" height=\"576\" data-id=\"24826\" src=\"https:\/\/nuevademocracia.com.co\/wp-content\/uploads\/2022\/09\/Imagen-fija008-1024x576.jpg\" alt=\"\" class=\"wp-image-24826\" srcset=\"https:\/\/nuevademocracia.com.co\/wp-content\/uploads\/2022\/09\/Imagen-fija008-1024x576.jpg 1024w, https:\/\/nuevademocracia.com.co\/wp-content\/uploads\/2022\/09\/Imagen-fija008-300x169.jpg 300w, https:\/\/nuevademocracia.com.co\/wp-content\/uploads\/2022\/09\/Imagen-fija008-768x432.jpg 768w, https:\/\/nuevademocracia.com.co\/wp-content\/uploads\/2022\/09\/Imagen-fija008.jpg 1281w\" sizes=\"auto, (max-width: 1024px) 100vw, 1024px\" \/><\/figure>\n\n\n\n<figure class=\"wp-block-image size-large\"><img loading=\"lazy\" decoding=\"async\" width=\"1024\" height=\"576\" data-id=\"24829\" src=\"https:\/\/nuevademocracia.com.co\/wp-content\/uploads\/2022\/09\/Imagen-fija010-1024x576.jpg\" alt=\"\" class=\"wp-image-24829\" srcset=\"https:\/\/nuevademocracia.com.co\/wp-content\/uploads\/2022\/09\/Imagen-fija010-1024x576.jpg 1024w, https:\/\/nuevademocracia.com.co\/wp-content\/uploads\/2022\/09\/Imagen-fija010-300x169.jpg 300w, https:\/\/nuevademocracia.com.co\/wp-content\/uploads\/2022\/09\/Imagen-fija010-768x432.jpg 768w, https:\/\/nuevademocracia.com.co\/wp-content\/uploads\/2022\/09\/Imagen-fija010.jpg 1281w\" sizes=\"auto, (max-width: 1024px) 100vw, 1024px\" \/><\/figure>\n\n\n\n<figure class=\"wp-block-image size-large\"><img loading=\"lazy\" decoding=\"async\" width=\"1024\" height=\"576\" data-id=\"24830\" src=\"https:\/\/nuevademocracia.com.co\/wp-content\/uploads\/2022\/09\/Imagen-fija012-1024x576.jpg\" alt=\"\" class=\"wp-image-24830\" srcset=\"https:\/\/nuevademocracia.com.co\/wp-content\/uploads\/2022\/09\/Imagen-fija012-1024x576.jpg 1024w, https:\/\/nuevademocracia.com.co\/wp-content\/uploads\/2022\/09\/Imagen-fija012-300x169.jpg 300w, https:\/\/nuevademocracia.com.co\/wp-content\/uploads\/2022\/09\/Imagen-fija012-768x432.jpg 768w, https:\/\/nuevademocracia.com.co\/wp-content\/uploads\/2022\/09\/Imagen-fija012.jpg 1281w\" sizes=\"auto, (max-width: 1024px) 100vw, 1024px\" \/><\/figure>\n<\/figure>\n\n\n\n<p class=\"has-black-color has-text-color\">Tras el plant\u00f3n y la movilizaci\u00f3n promovida por los estudiantes el pasado mes de agosto, en el que participaron tambi\u00e9n profesores y padres de familia, funcionarios de Secretar\u00eda de educaci\u00f3n se comprometieron a que \u201cen una semana o a m\u00e1s tardar en 15 d\u00edas comenzaban las obras en el colegio\u201d. Pues bien, tras pasar m\u00e1s de un mes sin respuestas y con una nueva mentira m\u00e1s sumada al largo historial de incumplimientos y negligencias por parte de los distintos gobiernos de turno (tanto el del reaccionario Federico Guti\u00e9rrez entre 2016 y 2019 como el del populista Daniel Quintero desde el 2020 hasta la fecha), el estudiantado tom\u00f3 la decisi\u00f3n de llamar nuevamente a movilizarse en defensa de la educaci\u00f3n p\u00fablica y con la exigencia de soluciones concretas e inmediatas a los severos da\u00f1os en las instalaciones de la instituci\u00f3n. <\/p>\n\n\n\n<p class=\"has-black-color has-text-color\">Durante la jornada de movilizaci\u00f3n, en la que participaron alrededor de 100 personas, se elaboraron carteles, se distribuyeron volantes informativos y se realizaron discursos denunciando la situaci\u00f3n. Adem\u00e1s de los estudiantes del colegio, participaron tambi\u00e9n algunas profesoras, estudiantes universitarios y j\u00f3venes populares solidarios con la lucha emprendida por los secundaristas. Al llegar al punto de destino, las oficinas de la Secretar\u00eda de Educaci\u00f3n ubicadas en el centro de la ciudad, los j\u00f3venes realizaron una empapelada de sus instalaciones y posteriormente pintaron sus paredes con mensajes como \u201c\u00bfy la plata?\u201d o \u201c\u00a1soluciones ya!\u201d, adem\u00e1s de poner sus huellas y cantar consignas como parte de la presi\u00f3n hacia esta negligente instituci\u00f3n estatal.<\/p>\n\n\n\n<figure class=\"wp-block-gallery has-nested-images columns-default is-cropped wp-block-gallery-2 is-layout-flex wp-block-gallery-is-layout-flex\">\n<figure class=\"wp-block-image size-large\"><img loading=\"lazy\" decoding=\"async\" width=\"1024\" height=\"576\" data-id=\"24831\" src=\"https:\/\/nuevademocracia.com.co\/wp-content\/uploads\/2022\/09\/Imagen-fija006-1024x576.jpg\" alt=\"\" class=\"wp-image-24831\" srcset=\"https:\/\/nuevademocracia.com.co\/wp-content\/uploads\/2022\/09\/Imagen-fija006-1024x576.jpg 1024w, https:\/\/nuevademocracia.com.co\/wp-content\/uploads\/2022\/09\/Imagen-fija006-300x169.jpg 300w, https:\/\/nuevademocracia.com.co\/wp-content\/uploads\/2022\/09\/Imagen-fija006-768x432.jpg 768w, https:\/\/nuevademocracia.com.co\/wp-content\/uploads\/2022\/09\/Imagen-fija006.jpg 1281w\" sizes=\"auto, (max-width: 1024px) 100vw, 1024px\" \/><\/figure>\n\n\n\n<figure class=\"wp-block-image size-large\"><img loading=\"lazy\" decoding=\"async\" width=\"1024\" height=\"576\" data-id=\"24832\" src=\"https:\/\/nuevademocracia.com.co\/wp-content\/uploads\/2022\/09\/Imagen-fija007-1024x576.jpg\" alt=\"\" class=\"wp-image-24832\" srcset=\"https:\/\/nuevademocracia.com.co\/wp-content\/uploads\/2022\/09\/Imagen-fija007-1024x576.jpg 1024w, https:\/\/nuevademocracia.com.co\/wp-content\/uploads\/2022\/09\/Imagen-fija007-300x169.jpg 300w, https:\/\/nuevademocracia.com.co\/wp-content\/uploads\/2022\/09\/Imagen-fija007-768x432.jpg 768w, https:\/\/nuevademocracia.com.co\/wp-content\/uploads\/2022\/09\/Imagen-fija007.jpg 1281w\" sizes=\"auto, (max-width: 1024px) 100vw, 1024px\" \/><\/figure>\n\n\n\n<figure class=\"wp-block-image size-large\"><img loading=\"lazy\" decoding=\"async\" width=\"1024\" height=\"576\" data-id=\"24833\" src=\"https:\/\/nuevademocracia.com.co\/wp-content\/uploads\/2022\/09\/Imagen-fija011-1024x576.jpg\" alt=\"\" class=\"wp-image-24833\" srcset=\"https:\/\/nuevademocracia.com.co\/wp-content\/uploads\/2022\/09\/Imagen-fija011-1024x576.jpg 1024w, https:\/\/nuevademocracia.com.co\/wp-content\/uploads\/2022\/09\/Imagen-fija011-300x169.jpg 300w, https:\/\/nuevademocracia.com.co\/wp-content\/uploads\/2022\/09\/Imagen-fija011-768x432.jpg 768w, https:\/\/nuevademocracia.com.co\/wp-content\/uploads\/2022\/09\/Imagen-fija011.jpg 1281w\" sizes=\"auto, (max-width: 1024px) 100vw, 1024px\" \/><\/figure>\n\n\n\n<figure class=\"wp-block-image size-large\"><img loading=\"lazy\" decoding=\"async\" width=\"1024\" height=\"576\" data-id=\"24835\" src=\"https:\/\/nuevademocracia.com.co\/wp-content\/uploads\/2022\/09\/Imagen-fija013-1024x576.jpg\" alt=\"\" class=\"wp-image-24835\" srcset=\"https:\/\/nuevademocracia.com.co\/wp-content\/uploads\/2022\/09\/Imagen-fija013-1024x576.jpg 1024w, https:\/\/nuevademocracia.com.co\/wp-content\/uploads\/2022\/09\/Imagen-fija013-300x169.jpg 300w, https:\/\/nuevademocracia.com.co\/wp-content\/uploads\/2022\/09\/Imagen-fija013-768x432.jpg 768w, https:\/\/nuevademocracia.com.co\/wp-content\/uploads\/2022\/09\/Imagen-fija013.jpg 1281w\" sizes=\"auto, (max-width: 1024px) 100vw, 1024px\" \/><\/figure>\n\n\n\n<figure class=\"wp-block-image size-large\"><img loading=\"lazy\" decoding=\"async\" width=\"1024\" height=\"576\" data-id=\"24837\" src=\"https:\/\/nuevademocracia.com.co\/wp-content\/uploads\/2022\/09\/Imagen-fija014-1024x576.jpg\" alt=\"\" class=\"wp-image-24837\" srcset=\"https:\/\/nuevademocracia.com.co\/wp-content\/uploads\/2022\/09\/Imagen-fija014-1024x576.jpg 1024w, https:\/\/nuevademocracia.com.co\/wp-content\/uploads\/2022\/09\/Imagen-fija014-300x169.jpg 300w, https:\/\/nuevademocracia.com.co\/wp-content\/uploads\/2022\/09\/Imagen-fija014-768x432.jpg 768w, https:\/\/nuevademocracia.com.co\/wp-content\/uploads\/2022\/09\/Imagen-fija014.jpg 1281w\" sizes=\"auto, (max-width: 1024px) 100vw, 1024px\" \/><\/figure>\n\n\n\n<figure class=\"wp-block-image size-large\"><img loading=\"lazy\" decoding=\"async\" width=\"1024\" height=\"576\" data-id=\"24834\" src=\"https:\/\/nuevademocracia.com.co\/wp-content\/uploads\/2022\/09\/Imagen-fija015-1024x576.jpg\" alt=\"\" class=\"wp-image-24834\" srcset=\"https:\/\/nuevademocracia.com.co\/wp-content\/uploads\/2022\/09\/Imagen-fija015-1024x576.jpg 1024w, https:\/\/nuevademocracia.com.co\/wp-content\/uploads\/2022\/09\/Imagen-fija015-300x169.jpg 300w, https:\/\/nuevademocracia.com.co\/wp-content\/uploads\/2022\/09\/Imagen-fija015-768x432.jpg 768w, https:\/\/nuevademocracia.com.co\/wp-content\/uploads\/2022\/09\/Imagen-fija015.jpg 1281w\" sizes=\"auto, (max-width: 1024px) 100vw, 1024px\" \/><\/figure>\n\n\n\n<figure class=\"wp-block-image size-large\"><img loading=\"lazy\" decoding=\"async\" width=\"1024\" height=\"576\" data-id=\"24836\" src=\"https:\/\/nuevademocracia.com.co\/wp-content\/uploads\/2022\/09\/Imagen-fija017-1024x576.jpg\" alt=\"\" class=\"wp-image-24836\" srcset=\"https:\/\/nuevademocracia.com.co\/wp-content\/uploads\/2022\/09\/Imagen-fija017-1024x576.jpg 1024w, https:\/\/nuevademocracia.com.co\/wp-content\/uploads\/2022\/09\/Imagen-fija017-300x169.jpg 300w, https:\/\/nuevademocracia.com.co\/wp-content\/uploads\/2022\/09\/Imagen-fija017-768x432.jpg 768w, https:\/\/nuevademocracia.com.co\/wp-content\/uploads\/2022\/09\/Imagen-fija017.jpg 1280w\" sizes=\"auto, (max-width: 1024px) 100vw, 1024px\" \/><\/figure>\n<\/figure>\n\n\n\n<p class=\"has-black-color has-text-color\">La jornada culmin\u00f3 con una nueva tanda de promesas para la comunidad educativa, entre ellas que para el d\u00eda siguiente se iniciar\u00eda una parte de las obras y que para enero de 2023 comenzar\u00edan en pleno las obras de remodelaci\u00f3n del colegio. Algunos j\u00f3venes llamaron a no bajar la guardia y estar atentos al cumplimiento estricto de los compromisos por parte de la administraci\u00f3n local, advirtiendo que estar\u00e1n nuevamente en las calles y presionando en caso de que esta incumpla nuevamente su palabra. Para el cierre de esta publicaci\u00f3n nuevamente la Secretar\u00eda de educaci\u00f3n hab\u00eda incumplido su palabra, planteando ahora que las obras comenzar\u00edan el pr\u00f3ximo 23 de septiembre, reafirmando as\u00ed su negligencia y completo desinter\u00e9s hacia el estudiantado. Por otro lado, el sindicato de docentes directivos USDIDEA public\u00f3 un reaccionario y policial comunicado criminalizando a los j\u00f3venes por lo acontecido en la Secretar\u00eda de educaci\u00f3n e instando a que la polic\u00eda los investigue y judicialice, mientras que ocultaron las causas de fondo por las que los estudiantes salieron a las calles. Algunos estudiantes expresaron su rechazo a estos dos hechos y anunciaron que pr\u00f3ximamente emprender\u00e1n acciones al respecto, destacando que su lucha por una educaci\u00f3n p\u00fablica digna y de calidad contin\u00faa.  <\/p>\n\n\n\n<figure class=\"wp-block-embed is-type-video is-provider-youtube wp-block-embed-youtube wp-embed-aspect-16-9 wp-has-aspect-ratio\"><div class=\"wp-block-embed__wrapper\">\n<iframe loading=\"lazy\" title=\"En colegios da\u00f1ados piden que se invierta r\u00e1pido plata para arreglos | El Colombiano\" width=\"1290\" height=\"726\" src=\"https:\/\/www.youtube.com\/embed\/7OlxJf4lJ34?feature=oembed\" frameborder=\"0\" allow=\"accelerometer; autoplay; clipboard-write; encrypted-media; gyroscope; picture-in-picture; web-share\" referrerpolicy=\"strict-origin-when-cross-origin\" allowfullscreen><\/iframe>\n<\/div><\/figure>\n\n\n\n<p class=\"has-text-align-center has-black-color has-text-color\"> <em>Video publicado en el medio monop\u00f3lico regional El Colombiano <\/em>sobre la lucha de los secundaristas<\/p>\n\n\n\n<p><\/p>\n","protected":false},"excerpt":{"rendered":"<p>El pasado mi\u00e9rcoles 14 de septiembre se realiz\u00f3 una marcha en la ciudad de Medell\u00edn convocada por estudiantes secundaristas de la Instituci\u00f3n Educativa Gilberto Alzate Avenda\u00f1o, ubicada en el barrio Aranjuez. En la edici\u00f3n anterior de Nueva Democracia informamos a nuestros lectores de las denuncias y la lucha que vienen impulsando los estudiantes de este [&hellip;]<\/p>\n","protected":false},"author":1,"featured_media":24838,"comment_status":"open","ping_status":"open","sticky":false,"template":"","format":"standard","meta":{"footnotes":""},"categories":[16,4],"tags":[44,30,28,43,18],"class_list":["post-24822","post","type-post","status-publish","format-standard","has-post-thumbnail","hentry","category-carrusel","category-colombia","tag-criminalizacion-a-la-protesta","tag-crisis-colegios","tag-juventud","tag-movimiento-estudiantil","tag-protestas"],"blocksy_meta":[],"_links":{"self":[{"href":"https:\/\/nuevademocracia.com.co\/index.php?rest_route=\/wp\/v2\/posts\/24822","targetHints":{"allow":["GET"]}}],"collection":[{"href":"https:\/\/nuevademocracia.com.co\/index.php?rest_route=\/wp\/v2\/posts"}],"about":[{"href":"https:\/\/nuevademocracia.com.co\/index.php?rest_route=\/wp\/v2\/types\/post"}],"author":[{"embeddable":true,"href":"https:\/\/nuevademocracia.com.co\/index.php?rest_route=\/wp\/v2\/users\/1"}],"replies":[{"embeddable":true,"href":"https:\/\/nuevademocracia.com.co\/index.php?rest_route=%2Fwp%2Fv2%2Fcomments&post=24822"}],"version-history":[{"count":2,"href":"https:\/\/nuevademocracia.com.co\/index.php?rest_route=\/wp\/v2\/posts\/24822\/revisions"}],"predecessor-version":[{"id":24842,"href":"https:\/\/nuevademocracia.com.co\/index.php?rest_route=\/wp\/v2\/posts\/24822\/revisions\/24842"}],"wp:featuredmedia":[{"embeddable":true,"href":"https:\/\/nuevademocracia.com.co\/index.php?rest_route=\/wp\/v2\/media\/24838"}],"wp:attachment":[{"href":"https:\/\/nuevademocracia.com.co\/index.php?rest_route=%2Fwp%2Fv2%2Fmedia&parent=24822"}],"wp:term":[{"taxonomy":"category","embeddable":true,"href":"https:\/\/nuevademocracia.com.co\/index.php?rest_route=%2Fwp%2Fv2%2Fcategories&post=24822"},{"taxonomy":"post_tag","embeddable":true,"href":"https:\/\/nuevademocracia.com.co\/index.php?rest_route=%2Fwp%2Fv2%2Ftags&post=24822"}],"curies":[{"name":"wp","href":"https:\/\/api.w.org\/{rel}","templated":true}]}}