{"id":24845,"date":"2022-09-20T18:40:25","date_gmt":"2022-09-20T23:40:25","guid":{"rendered":"https:\/\/nuevademocracia.com.co\/?p=24845"},"modified":"2022-09-20T18:41:16","modified_gmt":"2022-09-20T23:41:16","slug":"bogota-accion-en-solidaridad-con-la-guerra-popular-en-la-india","status":"publish","type":"post","link":"https:\/\/nuevademocracia.com.co\/?p=24845","title":{"rendered":"Bogot\u00e1: acci\u00f3n en solidaridad con la Guerra Popular en la India"},"content":{"rendered":"\n<p class=\"has-black-color has-text-color\">Compartimos con nuestros lectores el siguiente mensaje y las fotos que llegaron a nuestro correo: \u00abRevolucionarios anti-imperialistas colombianos nos unimos al llamamiento realizado por el Partido Comunista de la India (Maoista) para impulsar una semana de acci\u00f3n entre el 13 y el 19 de septiembre en rechazo a los prisioneros pol\u00edticos y la fuerte represi\u00f3n y persecuci\u00f3n del viejo y reaccionario Estado indio al movimiento revolucionario, democr\u00e1tico y popular que se viene desarrollando impetuosamente en este pa\u00eds. Nos solidarizamos con el pueblo indio y con la Guerra Popular en curso que se viene impulsando en este pa\u00eds dirigida por el PCI(M), por ello nos sumamos a esta campa\u00f1a internacional pegando unos carteles en las instalaciones de la Universidad Pedag\u00f3gica Nacional con la frase: \u00a1APOYAR LA GUERRA POPULAR EN LA INDIA! \u00a1ABAJO EL GENOCIDA ESTADO INDIANO! \u00a1VIVA LA RESISTENCIA POPULAR!\u00bb.<\/p>\n\n\n\n<figure class=\"wp-block-image size-large\"><img loading=\"lazy\" decoding=\"async\" width=\"1024\" height=\"768\" src=\"https:\/\/nuevademocracia.com.co\/wp-content\/uploads\/2022\/09\/India-sept1-1024x768.jpg\" alt=\"\" class=\"wp-image-24846\" srcset=\"https:\/\/nuevademocracia.com.co\/wp-content\/uploads\/2022\/09\/India-sept1-1024x768.jpg 1024w, https:\/\/nuevademocracia.com.co\/wp-content\/uploads\/2022\/09\/India-sept1-300x225.jpg 300w, https:\/\/nuevademocracia.com.co\/wp-content\/uploads\/2022\/09\/India-sept1-768x576.jpg 768w, https:\/\/nuevademocracia.com.co\/wp-content\/uploads\/2022\/09\/India-sept1-1536x1152.jpg 1536w, https:\/\/nuevademocracia.com.co\/wp-content\/uploads\/2022\/09\/India-sept1-2048x1536.jpg 2048w\" sizes=\"auto, (max-width: 1024px) 100vw, 1024px\" \/><\/figure>\n\n\n\n<p> <\/p>\n\n\n\n<figure class=\"wp-block-image size-large\"><img loading=\"lazy\" decoding=\"async\" width=\"1024\" height=\"768\" src=\"https:\/\/nuevademocracia.com.co\/wp-content\/uploads\/2022\/09\/India-sept2-1024x768.jpg\" alt=\"\" class=\"wp-image-24847\" srcset=\"https:\/\/nuevademocracia.com.co\/wp-content\/uploads\/2022\/09\/India-sept2-1024x768.jpg 1024w, https:\/\/nuevademocracia.com.co\/wp-content\/uploads\/2022\/09\/India-sept2-300x225.jpg 300w, https:\/\/nuevademocracia.com.co\/wp-content\/uploads\/2022\/09\/India-sept2-768x576.jpg 768w, https:\/\/nuevademocracia.com.co\/wp-content\/uploads\/2022\/09\/India-sept2-1536x1152.jpg 1536w, https:\/\/nuevademocracia.com.co\/wp-content\/uploads\/2022\/09\/India-sept2-2048x1536.jpg 2048w\" sizes=\"auto, (max-width: 1024px) 100vw, 1024px\" \/><\/figure>\n\n\n\n<figure class=\"wp-block-image size-large\"><img loading=\"lazy\" decoding=\"async\" width=\"1024\" height=\"768\" src=\"https:\/\/nuevademocracia.com.co\/wp-content\/uploads\/2022\/09\/India-sept3-1024x768.jpg\" alt=\"\" class=\"wp-image-24848\" srcset=\"https:\/\/nuevademocracia.com.co\/wp-content\/uploads\/2022\/09\/India-sept3-1024x768.jpg 1024w, https:\/\/nuevademocracia.com.co\/wp-content\/uploads\/2022\/09\/India-sept3-300x225.jpg 300w, https:\/\/nuevademocracia.com.co\/wp-content\/uploads\/2022\/09\/India-sept3-768x576.jpg 768w, https:\/\/nuevademocracia.com.co\/wp-content\/uploads\/2022\/09\/India-sept3-1536x1152.jpg 1536w, https:\/\/nuevademocracia.com.co\/wp-content\/uploads\/2022\/09\/India-sept3-2048x1536.jpg 2048w\" sizes=\"auto, (max-width: 1024px) 100vw, 1024px\" \/><\/figure>\n\n\n\n<figure class=\"wp-block-image size-large\"><img loading=\"lazy\" decoding=\"async\" width=\"1024\" height=\"768\" src=\"https:\/\/nuevademocracia.com.co\/wp-content\/uploads\/2022\/09\/India-sept4-1024x768.jpg\" alt=\"\" class=\"wp-image-24849\" srcset=\"https:\/\/nuevademocracia.com.co\/wp-content\/uploads\/2022\/09\/India-sept4-1024x768.jpg 1024w, https:\/\/nuevademocracia.com.co\/wp-content\/uploads\/2022\/09\/India-sept4-300x225.jpg 300w, https:\/\/nuevademocracia.com.co\/wp-content\/uploads\/2022\/09\/India-sept4-768x576.jpg 768w, https:\/\/nuevademocracia.com.co\/wp-content\/uploads\/2022\/09\/India-sept4-1536x1152.jpg 1536w, https:\/\/nuevademocracia.com.co\/wp-content\/uploads\/2022\/09\/India-sept4-2048x1536.jpg 2048w\" sizes=\"auto, (max-width: 1024px) 100vw, 1024px\" \/><\/figure>\n","protected":false},"excerpt":{"rendered":"<p>Compartimos con nuestros lectores el siguiente mensaje y las fotos que llegaron a nuestro correo: \u00abRevolucionarios anti-imperialistas colombianos nos unimos al llamamiento realizado por el Partido Comunista de la India (Maoista) para impulsar una semana de acci\u00f3n entre el 13 y el 19 de septiembre en rechazo a los prisioneros pol\u00edticos y la fuerte represi\u00f3n [&hellip;]<\/p>\n","protected":false},"author":1,"featured_media":24846,"comment_status":"open","ping_status":"open","sticky":false,"template":"","format":"standard","meta":{"footnotes":""},"categories":[16,31],"tags":[37,39,41],"class_list":["post-24845","post","type-post","status-publish","format-standard","has-post-thumbnail","hentry","category-carrusel","category-internacional","tag-india","tag-internacionalismo","tag-represion-estatal"],"blocksy_meta":[],"_links":{"self":[{"href":"https:\/\/nuevademocracia.com.co\/index.php?rest_route=\/wp\/v2\/posts\/24845","targetHints":{"allow":["GET"]}}],"collection":[{"href":"https:\/\/nuevademocracia.com.co\/index.php?rest_route=\/wp\/v2\/posts"}],"about":[{"href":"https:\/\/nuevademocracia.com.co\/index.php?rest_route=\/wp\/v2\/types\/post"}],"author":[{"embeddable":true,"href":"https:\/\/nuevademocracia.com.co\/index.php?rest_route=\/wp\/v2\/users\/1"}],"replies":[{"embeddable":true,"href":"https:\/\/nuevademocracia.com.co\/index.php?rest_route=%2Fwp%2Fv2%2Fcomments&post=24845"}],"version-history":[{"count":2,"href":"https:\/\/nuevademocracia.com.co\/index.php?rest_route=\/wp\/v2\/posts\/24845\/revisions"}],"predecessor-version":[{"id":24851,"href":"https:\/\/nuevademocracia.com.co\/index.php?rest_route=\/wp\/v2\/posts\/24845\/revisions\/24851"}],"wp:featuredmedia":[{"embeddable":true,"href":"https:\/\/nuevademocracia.com.co\/index.php?rest_route=\/wp\/v2\/media\/24846"}],"wp:attachment":[{"href":"https:\/\/nuevademocracia.com.co\/index.php?rest_route=%2Fwp%2Fv2%2Fmedia&parent=24845"}],"wp:term":[{"taxonomy":"category","embeddable":true,"href":"https:\/\/nuevademocracia.com.co\/index.php?rest_route=%2Fwp%2Fv2%2Fcategories&post=24845"},{"taxonomy":"post_tag","embeddable":true,"href":"https:\/\/nuevademocracia.com.co\/index.php?rest_route=%2Fwp%2Fv2%2Ftags&post=24845"}],"curies":[{"name":"wp","href":"https:\/\/api.w.org\/{rel}","templated":true}]}}