{"id":24867,"date":"2022-09-25T12:00:00","date_gmt":"2022-09-25T17:00:00","guid":{"rendered":"https:\/\/nuevademocracia.com.co\/?p=24867"},"modified":"2022-09-27T17:48:39","modified_gmt":"2022-09-27T22:48:39","slug":"los-luchadores-exigen-la-libertad-de-los-presos-politicos-del-gran-paro-nacional","status":"publish","type":"post","link":"https:\/\/nuevademocracia.com.co\/?p=24867","title":{"rendered":"Los luchadores exigen la libertad de los presos pol\u00edticos del Gran Paro Nacional"},"content":{"rendered":"\n<p class=\"has-black-color has-text-color\">Bajo la consigna de \u201cLuchar no es un crimen\u201d, organizaciones y colectivos que tuvieron parte activa en las manifestaciones del Gran Levantamiento Popular del a\u00f1o pasado exigen la libertad de los m\u00e1s de 300 detenidos pol\u00edticos que seg\u00fan las declaraciones de Diego Molano, exministro de defensa, ha dejado hasta ahora la acci\u00f3n de los entes represivos nacionales contra la lucha popular. De entre estos m\u00e1s de 300 detenidos ya se cuenta con la primera v\u00edctima mortal, Jonathan Sabogal, joven que particip\u00f3 en las revueltas populares del a\u00f1o pasado en la ciudad de Cali y que sin haber recibido ning\u00fan juicio ni sentencia, llevaba ya varios meses privado de la libertad. Al igual que Sabogal, decenas de otros luchadores detenidos, enfrentan la privaci\u00f3n de su libertad sin haber sido condenados a trav\u00e9s de un juicio.<\/p>\n\n\n\n<p class=\"has-black-color has-text-color\">Los detenidos de La Primera L\u00ednea se enfrentan a acusaciones como tortura agravada, secuestro simple, da\u00f1o en bien ajeno, hurto calificado e incluso terrorismo. Sin embargo en numerosos casos, al analizar los hechos, estas acusaciones se quedan sin piso. Veamos algunos ejemplos: siete j\u00f3venes de Quind\u00edo tuvieron que ser puestos en libertad porque la Fiscal\u00eda no pudo presentar material probatorio suficiente. En las audiencias en Bogot\u00e1 se ha presentado material probatorio del cual no pueden garantizar su cadena de custodia. A un grupo de j\u00f3venes detenidos en Suba se les acusa de haber incinerado un bus del Sistema Integrado de Transporte en un incidente ocurrido en el Humedal Tibabuyes, sin embargo existen v\u00eddeos donde se muestra como los agentes del EMAD estaban solos en el veh\u00edculo cuando ocurrieron estos hechos; esos v\u00eddeos fueron precisamente grabados y difundidos por los j\u00f3venes hoy acusados.<\/p>\n\n\n\n<p class=\"has-black-color has-text-color\">Son conocidos los casos de \u201cEl narrador\u201d, joven detenido en la ciudad de Medell\u00edn y de \u201cRetazos Clown\u201d joven detenido en Huila, quienes en las protestas se dedicaban a documentar y hacer <em>en vivos<\/em> de los hechos que se estaban desarrollando. Varias de las acusaciones contra estos dos j\u00f3venes est\u00e1n relacionadas con los v\u00eddeos por ellos difundidos. En el caso del \u00abEl Narrador\u00bb, si bien hoy ya se encuentra en libertad, todav\u00eda contin\u00faan los procesos judiciales abiertos. <\/p>\n\n\n\n<p class=\"has-black-color has-text-color\">Si pudi\u00e9ramos analizar caso por caso probablemente encontrar\u00edamos un sinn\u00famero de irregularidades como las anteriormente se\u00f1aladas; de hecho, hay muchas m\u00e1s denuncias y reclamos frente a las acusaciones contra detenidos e imputados (como Kevin en el Huila o Karen Villa y otros j\u00f3venes en Engativ\u00e1). Defensores de derechos humanos, miembros de brigadas m\u00e9dicas, comunicadores sociales y manifestantes son las principales categor\u00edas de los miembros que hoy se encuentran detenidos.<\/p>\n\n\n\n<p class=\"has-black-color has-text-color\">Realmente lo que se observa es un af\u00e1n de criminalizar el derecho a la protesta popular y de intimidar a quien se atreva a levantar su voz. El delito de estos j\u00f3venes ciertamente puede resumirse en uno s\u00f3lo: haber sido capaces de enfrentarse de forma valiente y combativa, desde las distintas labores que cumplieron en las revueltas del a\u00f1o pasado, contra un viejo orden de miseria y represi\u00f3n. Con sus hechos defienden la m\u00e1xima de que: \u00a1Luchar no es un crimen, es un derecho sagrado de los pueblos que viven bajo opresi\u00f3n! Hoy un sinn\u00famero de organizaciones y personas contin\u00faa levantando su voz y exigiendo la liberaci\u00f3n de los presos por luchar.<\/p>\n","protected":false},"excerpt":{"rendered":"<p>Bajo la consigna de \u201cLuchar no es un crimen\u201d, organizaciones y colectivos que tuvieron parte activa en las manifestaciones del Gran Levantamiento Popular del a\u00f1o pasado exigen la libertad de los m\u00e1s de 300 detenidos pol\u00edticos que seg\u00fan las declaraciones de Diego Molano, exministro de defensa, ha dejado hasta ahora la acci\u00f3n de los entes represivos nacionales contra la lucha popular. <\/p>\n","protected":false},"author":1,"featured_media":24922,"comment_status":"open","ping_status":"open","sticky":false,"template":"","format":"standard","meta":{"footnotes":""},"categories":[4],"tags":[44,28,48,41],"class_list":["post-24867","post","type-post","status-publish","format-standard","has-post-thumbnail","hentry","category-colombia","tag-criminalizacion-a-la-protesta","tag-juventud","tag-presos-politicos","tag-represion-estatal"],"blocksy_meta":[],"_links":{"self":[{"href":"https:\/\/nuevademocracia.com.co\/index.php?rest_route=\/wp\/v2\/posts\/24867","targetHints":{"allow":["GET"]}}],"collection":[{"href":"https:\/\/nuevademocracia.com.co\/index.php?rest_route=\/wp\/v2\/posts"}],"about":[{"href":"https:\/\/nuevademocracia.com.co\/index.php?rest_route=\/wp\/v2\/types\/post"}],"author":[{"embeddable":true,"href":"https:\/\/nuevademocracia.com.co\/index.php?rest_route=\/wp\/v2\/users\/1"}],"replies":[{"embeddable":true,"href":"https:\/\/nuevademocracia.com.co\/index.php?rest_route=%2Fwp%2Fv2%2Fcomments&post=24867"}],"version-history":[{"count":2,"href":"https:\/\/nuevademocracia.com.co\/index.php?rest_route=\/wp\/v2\/posts\/24867\/revisions"}],"predecessor-version":[{"id":24925,"href":"https:\/\/nuevademocracia.com.co\/index.php?rest_route=\/wp\/v2\/posts\/24867\/revisions\/24925"}],"wp:featuredmedia":[{"embeddable":true,"href":"https:\/\/nuevademocracia.com.co\/index.php?rest_route=\/wp\/v2\/media\/24922"}],"wp:attachment":[{"href":"https:\/\/nuevademocracia.com.co\/index.php?rest_route=%2Fwp%2Fv2%2Fmedia&parent=24867"}],"wp:term":[{"taxonomy":"category","embeddable":true,"href":"https:\/\/nuevademocracia.com.co\/index.php?rest_route=%2Fwp%2Fv2%2Fcategories&post=24867"},{"taxonomy":"post_tag","embeddable":true,"href":"https:\/\/nuevademocracia.com.co\/index.php?rest_route=%2Fwp%2Fv2%2Ftags&post=24867"}],"curies":[{"name":"wp","href":"https:\/\/api.w.org\/{rel}","templated":true}]}}