{"id":24873,"date":"2022-09-25T12:14:46","date_gmt":"2022-09-25T17:14:46","guid":{"rendered":"https:\/\/nuevademocracia.com.co\/?p=24873"},"modified":"2024-08-05T14:29:18","modified_gmt":"2024-08-05T19:29:18","slug":"protestas-en-la-universidad-de-antioquia-contra-la-violencia-de-genero","status":"publish","type":"post","link":"https:\/\/nuevademocracia.com.co\/?p=24873","title":{"rendered":"Protestas en la Universidad de Antioquia contra la violencia de g\u00e9nero \u00a0"},"content":{"rendered":"\n<p class=\"has-black-color has-text-color\">Estudiantes de diferentes carreras han denunciado actos de violencia de g\u00e9nero al interior de la universidad por parte de algunos profesores. Las denuncias comenzaron en la Facultad de Derecho y Ciencias Pol\u00edticas a inicios del mes de agosto. D\u00edas despu\u00e9s, estudiantes de otras facultades decidieron tambi\u00e9n denunciar m\u00e1s casos de abusos, acoso y violencia sexual, por parte de diferentes profesores, al interior de sus respectivas carreras. Estas denuncias han despertado una oleada de protestas, manifestaciones y espacios asamblearios para luchar contra el acoso y la violencia sexual al interior de la universidad. Desde hace varias semanas la universidad se encuentra en Asamblea Permanente, lo cual implica el cese de actividades acad\u00e9micas. Adem\u00e1s de los debates en asambleas generales y de facultad, se han realizado varios plantones en la calle Barranquilla donde han ejercido presi\u00f3n bloqueando una importante v\u00eda de la ciudad por horas, y al mismo tiempo han informado sobre la problem\u00e1tica a los transe\u00fantes y personas que circulan en diversos veh\u00edculos. En uno de esos plantones una moto de agentes de tr\u00e1nsito fue incinerada.<\/p>\n\n\n\n<p class=\"has-black-color has-text-color\">La respuesta de la Universidad ha sido activar sus protocolos frente a estos casos, pero los estudiantes denuncian que dichos protocolos no funcionan y los casos quedan impunes, afirman que lo m\u00e1ximo que ha ofrecido la Universidad a las j\u00f3venes que denuncian es una cita con una sic\u00f3loga. La principal exigencia de las estudiantes son procesos disciplinarios contra los docentes denunciados y que se les aparte de sus funciones. Tambi\u00e9n piden que la universidad brinde abogados que permitan entablar denuncias penales contra los abusadores, dado que la gran mayor\u00eda de ellas no cuenta con recursos para ello. Otra exigencia es que los protocolos frente a estos casos sean construidos democr\u00e1ticamente teniendo en cuenta a las estudiantes, y no que sea un protocolo burocr\u00e1tico de la administraci\u00f3n. Dado que estas exigencias no han sido resueltas, durante agosto y lo que va de septiembre se ha vivido una activa lucha al interior de la universidad.<\/p>\n\n\n\n<figure class=\"wp-block-image aligncenter size-full\"><img loading=\"lazy\" decoding=\"async\" width=\"332\" height=\"364\" src=\"https:\/\/nuevademocracia.com.co\/wp-content\/uploads\/2022\/09\/image-1.png\" alt=\"\" class=\"wp-image-24875\" srcset=\"https:\/\/nuevademocracia.com.co\/wp-content\/uploads\/2022\/09\/image-1.png 332w, https:\/\/nuevademocracia.com.co\/wp-content\/uploads\/2022\/09\/image-1-274x300.png 274w\" sizes=\"auto, (max-width: 332px) 100vw, 332px\" \/><\/figure>\n\n\n\n<figure class=\"wp-block-image aligncenter size-full\"><img loading=\"lazy\" decoding=\"async\" width=\"522\" height=\"384\" src=\"https:\/\/nuevademocracia.com.co\/wp-content\/uploads\/2022\/09\/image-2.png\" alt=\"\" class=\"wp-image-24876\" srcset=\"https:\/\/nuevademocracia.com.co\/wp-content\/uploads\/2022\/09\/image-2.png 522w, https:\/\/nuevademocracia.com.co\/wp-content\/uploads\/2022\/09\/image-2-300x221.png 300w\" sizes=\"auto, (max-width: 522px) 100vw, 522px\" \/><\/figure>\n\n\n\n<figure class=\"wp-block-image aligncenter size-full\"><img loading=\"lazy\" decoding=\"async\" width=\"671\" height=\"567\" src=\"https:\/\/nuevademocracia.com.co\/wp-content\/uploads\/2022\/09\/image-3.png\" alt=\"\" class=\"wp-image-24877\" srcset=\"https:\/\/nuevademocracia.com.co\/wp-content\/uploads\/2022\/09\/image-3.png 671w, https:\/\/nuevademocracia.com.co\/wp-content\/uploads\/2022\/09\/image-3-300x254.png 300w\" sizes=\"auto, (max-width: 671px) 100vw, 671px\" \/><figcaption><mark style=\"background-color:rgba(0, 0, 0, 0)\" class=\"has-inline-color has-black-color\">Foto tomada del Instagram: @dazaponti<\/mark><\/figcaption><\/figure>\n\n\n\n<figure class=\"wp-block-image size-full\"><img loading=\"lazy\" decoding=\"async\" width=\"757\" height=\"618\" src=\"https:\/\/nuevademocracia.com.co\/wp-content\/uploads\/2022\/09\/image-4.png\" alt=\"\" class=\"wp-image-24878\" srcset=\"https:\/\/nuevademocracia.com.co\/wp-content\/uploads\/2022\/09\/image-4.png 757w, https:\/\/nuevademocracia.com.co\/wp-content\/uploads\/2022\/09\/image-4-300x245.png 300w\" sizes=\"auto, (max-width: 757px) 100vw, 757px\" \/><\/figure>\n","protected":false},"excerpt":{"rendered":"<p>Estudiantes de diferentes carreras han denunciado actos de violencia de g\u00e9nero al interior de la universidad por parte de algunos profesores. Las denuncias comenzaron en la Facultad de Derecho y Ciencias Pol\u00edticas a inicios del mes de agosto. D\u00edas despu\u00e9s, estudiantes de otras facultades decidieron tambi\u00e9n denunciar m\u00e1s casos de abusos, acoso y violencia sexual, [&hellip;]<\/p>\n","protected":false},"author":1,"featured_media":24878,"comment_status":"open","ping_status":"open","sticky":false,"template":"","format":"standard","meta":{"footnotes":""},"categories":[4,115],"tags":[27,43,25],"class_list":["post-24873","post","type-post","status-publish","format-standard","has-post-thumbnail","hentry","category-colombia","category-mujer","tag-explotacion-mujeres","tag-movimiento-estudiantil","tag-mujer"],"blocksy_meta":[],"_links":{"self":[{"href":"https:\/\/nuevademocracia.com.co\/index.php?rest_route=\/wp\/v2\/posts\/24873","targetHints":{"allow":["GET"]}}],"collection":[{"href":"https:\/\/nuevademocracia.com.co\/index.php?rest_route=\/wp\/v2\/posts"}],"about":[{"href":"https:\/\/nuevademocracia.com.co\/index.php?rest_route=\/wp\/v2\/types\/post"}],"author":[{"embeddable":true,"href":"https:\/\/nuevademocracia.com.co\/index.php?rest_route=\/wp\/v2\/users\/1"}],"replies":[{"embeddable":true,"href":"https:\/\/nuevademocracia.com.co\/index.php?rest_route=%2Fwp%2Fv2%2Fcomments&post=24873"}],"version-history":[{"count":1,"href":"https:\/\/nuevademocracia.com.co\/index.php?rest_route=\/wp\/v2\/posts\/24873\/revisions"}],"predecessor-version":[{"id":24879,"href":"https:\/\/nuevademocracia.com.co\/index.php?rest_route=\/wp\/v2\/posts\/24873\/revisions\/24879"}],"wp:featuredmedia":[{"embeddable":true,"href":"https:\/\/nuevademocracia.com.co\/index.php?rest_route=\/wp\/v2\/media\/24878"}],"wp:attachment":[{"href":"https:\/\/nuevademocracia.com.co\/index.php?rest_route=%2Fwp%2Fv2%2Fmedia&parent=24873"}],"wp:term":[{"taxonomy":"category","embeddable":true,"href":"https:\/\/nuevademocracia.com.co\/index.php?rest_route=%2Fwp%2Fv2%2Fcategories&post=24873"},{"taxonomy":"post_tag","embeddable":true,"href":"https:\/\/nuevademocracia.com.co\/index.php?rest_route=%2Fwp%2Fv2%2Ftags&post=24873"}],"curies":[{"name":"wp","href":"https:\/\/api.w.org\/{rel}","templated":true}]}}