{"id":24888,"date":"2022-09-25T12:28:50","date_gmt":"2022-09-25T17:28:50","guid":{"rendered":"https:\/\/nuevademocracia.com.co\/?p=24888"},"modified":"2024-07-10T13:26:28","modified_gmt":"2024-07-10T18:26:28","slug":"actualidad-de-la-resistencia-del-pueblo-palestino","status":"publish","type":"post","link":"https:\/\/nuevademocracia.com.co\/?p=24888","title":{"rendered":"Actualidad de la resistencia del pueblo palestino"},"content":{"rendered":"\n<p class=\"has-black-color has-text-color\">A principios de agosto se presentaron tres d\u00edas de enfrentamientos armados entre el grupo Yihad Isl\u00e1mica Palestina (YIP) y el Estado de Israel. Seg\u00fan el Ministro de Salud palestino, los bombardeos de Israel dejaron 43 palestinos muertos, entre ellos 15 ni\u00f1os, y m\u00e1s de 300 personas heridas.<\/p>\n\n\n\n<p class=\"has-black-color has-text-color\">El domingo 7 de agosto, luego de la confrontaci\u00f3n, miles de palestinos salieron a las calles para realizar los funerales de las personas muertas, entre ellos Khaled Mansour, un alto mando de la YIP.<\/p>\n\n\n\n<figure class=\"wp-block-image aligncenter size-full\"><img loading=\"lazy\" decoding=\"async\" width=\"421\" height=\"231\" src=\"https:\/\/nuevademocracia.com.co\/wp-content\/uploads\/2022\/09\/image-6.png\" alt=\"\" class=\"wp-image-24889\" srcset=\"https:\/\/nuevademocracia.com.co\/wp-content\/uploads\/2022\/09\/image-6.png 421w, https:\/\/nuevademocracia.com.co\/wp-content\/uploads\/2022\/09\/image-6-300x165.png 300w\" sizes=\"auto, (max-width: 421px) 100vw, 421px\" \/><figcaption><strong><em><mark style=\"background-color:rgba(0, 0, 0, 0)\" class=\"has-inline-color has-black-color\">Funerales masivos de las personas muertas en los recientes bombardeos de Israel sobre Palestina<\/mark><\/em><\/strong><\/figcaption><\/figure>\n\n\n\n<p class=\"has-black-color has-text-color\">Israel asegura que todos sus ataques son contra blancos militares, y no contra la poblaci\u00f3n civil, pero ONGs y periodistas han reportado lo contrario, lo cual es confirmado por los 15 ni\u00f1os asesinados por Israel.<\/p>\n\n\n\n<p class=\"has-black-color has-text-color\">Un caso reciente, que caus\u00f3 rechazo a nivel mundial, ocurri\u00f3 en mayo de este a\u00f1o, cuando el ej\u00e9rcito israel\u00ed asesin\u00f3 a la periodista Sherine Abu Aqla, quien informaba sobre una redada de las fuerzas israel\u00edes en Cisjordania, asesinato que fue negado por el Estado de Israel, quien asegura que los disparos proven\u00edan de manifestantes palestinos. Sin embargo, Ali Samoudi, reportero acompa\u00f1ante de Sherine, ratifica que el ataque provino desde el ej\u00e9rcito de Israel: \u00ab\u00cdbamos a filmar la operaci\u00f3n del Ej\u00e9rcito israel\u00ed y de repente nos dispararon sin pedirnos que nos fu\u00e9ramos o que dej\u00e1ramos de filmar. La primera bala me alcanz\u00f3 a m\u00ed y la segunda bala a Sherine\u00bb. \u00abNo hubo resistencia militar palestina en absoluto en la escena\u00bb.<\/p>\n\n\n\n<p class=\"has-black-color has-text-color\">Mientras exista la ocupaci\u00f3n e invasi\u00f3n israel\u00ed contra Palestina, el pueblo palestino continuar\u00e1 resistiendo de diversas formas.<\/p>\n\n\n\n<figure class=\"wp-block-image aligncenter size-full\"><img loading=\"lazy\" decoding=\"async\" width=\"417\" height=\"250\" src=\"https:\/\/nuevademocracia.com.co\/wp-content\/uploads\/2022\/09\/image-7.png\" alt=\"\" class=\"wp-image-24890\" srcset=\"https:\/\/nuevademocracia.com.co\/wp-content\/uploads\/2022\/09\/image-7.png 417w, https:\/\/nuevademocracia.com.co\/wp-content\/uploads\/2022\/09\/image-7-300x180.png 300w\" sizes=\"auto, (max-width: 417px) 100vw, 417px\" \/><figcaption><strong><em><mark style=\"background-color:rgba(0, 0, 0, 0)\" class=\"has-inline-color has-black-color\">Bombardeos en Palestina por parte del genocida Estado de Israel<\/mark><\/em><\/strong><\/figcaption><\/figure>\n","protected":false},"excerpt":{"rendered":"<p>A principios de agosto se presentaron tres d\u00edas de enfrentamientos armados entre el grupo Yihad Isl\u00e1mica Palestina (YIP) y el Estado de Israel. Seg\u00fan el Ministro de Salud palestino, los bombardeos de Israel dejaron 43 palestinos muertos, entre ellos 15 ni\u00f1os, y m\u00e1s de 300 personas heridas. El domingo 7 de agosto, luego de la [&hellip;]<\/p>\n","protected":false},"author":1,"featured_media":24889,"comment_status":"open","ping_status":"open","sticky":false,"template":"","format":"standard","meta":{"footnotes":""},"categories":[31,135],"tags":[32,51,41],"class_list":["post-24888","post","type-post","status-publish","format-standard","has-post-thumbnail","hentry","category-internacional","category-resistencia-palestina","tag-imperialismo","tag-palestina","tag-represion-estatal"],"blocksy_meta":[],"_links":{"self":[{"href":"https:\/\/nuevademocracia.com.co\/index.php?rest_route=\/wp\/v2\/posts\/24888","targetHints":{"allow":["GET"]}}],"collection":[{"href":"https:\/\/nuevademocracia.com.co\/index.php?rest_route=\/wp\/v2\/posts"}],"about":[{"href":"https:\/\/nuevademocracia.com.co\/index.php?rest_route=\/wp\/v2\/types\/post"}],"author":[{"embeddable":true,"href":"https:\/\/nuevademocracia.com.co\/index.php?rest_route=\/wp\/v2\/users\/1"}],"replies":[{"embeddable":true,"href":"https:\/\/nuevademocracia.com.co\/index.php?rest_route=%2Fwp%2Fv2%2Fcomments&post=24888"}],"version-history":[{"count":2,"href":"https:\/\/nuevademocracia.com.co\/index.php?rest_route=\/wp\/v2\/posts\/24888\/revisions"}],"predecessor-version":[{"id":24913,"href":"https:\/\/nuevademocracia.com.co\/index.php?rest_route=\/wp\/v2\/posts\/24888\/revisions\/24913"}],"wp:featuredmedia":[{"embeddable":true,"href":"https:\/\/nuevademocracia.com.co\/index.php?rest_route=\/wp\/v2\/media\/24889"}],"wp:attachment":[{"href":"https:\/\/nuevademocracia.com.co\/index.php?rest_route=%2Fwp%2Fv2%2Fmedia&parent=24888"}],"wp:term":[{"taxonomy":"category","embeddable":true,"href":"https:\/\/nuevademocracia.com.co\/index.php?rest_route=%2Fwp%2Fv2%2Fcategories&post=24888"},{"taxonomy":"post_tag","embeddable":true,"href":"https:\/\/nuevademocracia.com.co\/index.php?rest_route=%2Fwp%2Fv2%2Ftags&post=24888"}],"curies":[{"name":"wp","href":"https:\/\/api.w.org\/{rel}","templated":true}]}}