{"id":24893,"date":"2022-09-25T12:31:00","date_gmt":"2022-09-25T17:31:00","guid":{"rendered":"https:\/\/nuevademocracia.com.co\/?p=24893"},"modified":"2022-09-25T12:41:15","modified_gmt":"2022-09-25T17:41:15","slug":"a-un-ano-del-asesinato-del-presidente-gonzalo","status":"publish","type":"post","link":"https:\/\/nuevademocracia.com.co\/?p=24893","title":{"rendered":"A un a\u00f1o del asesinato del Presidente Gonzalo \u00a0"},"content":{"rendered":"\n<figure class=\"wp-block-image aligncenter size-full\"><img loading=\"lazy\" decoding=\"async\" width=\"416\" height=\"302\" src=\"https:\/\/nuevademocracia.com.co\/wp-content\/uploads\/2022\/09\/image-8.png\" alt=\"\" class=\"wp-image-24894\" srcset=\"https:\/\/nuevademocracia.com.co\/wp-content\/uploads\/2022\/09\/image-8.png 416w, https:\/\/nuevademocracia.com.co\/wp-content\/uploads\/2022\/09\/image-8-300x218.png 300w\" sizes=\"auto, (max-width: 416px) 100vw, 416px\" \/><\/figure>\n\n\n\n<p class=\"has-black-color has-text-color\">El Presidente Gonzalo (Abimael Guzm\u00e1n Reynoso) naci\u00f3 el 3 de diciembre de 1934 en Mollendo en la regi\u00f3n de Arequipa, Per\u00fa; fue un gran revolucionario y comunista, jefatura del Partido Comunista de Per\u00fa (PCP) y de la revoluci\u00f3n peruana. Bajo su gu\u00eda, el PCP y el pueblo peruano fueron conquistando y construyendo el nuevo poder a trav\u00e9s de la guerra popular, destruyendo el latifundio y repartiendo tierra al campesinado, creando y desarrollando bases de apoyo y expulsando al imperialismo.<\/p>\n\n\n\n<p class=\"has-black-color has-text-color\">Por su gran influencia pol\u00edtica e ideol\u00f3gica en el pueblo peruano y en los pueblos de todo el mundo, el viejo Estado peruano y el imperialismo (por medio de la CIA de los Estados Unidos) cometieron todo tipo de atrocidades, como masacres, torturas, desapariciones y encarcelamientos con tal de frenar y apagar la lucha revolucionaria que lleva a cabo el pueblo peruano desde 1980 bajo la direcci\u00f3n del PCP y del Presidente Gonzalo. Es as\u00ed como el 12 de septiembre de 1992, la reacci\u00f3n peruana con ayuda de la CIA detienen al Presidente Gonzalo y lo llevan a la prisi\u00f3n de m\u00e1xima seguridad en la Base Naval del Callao; d\u00edas despu\u00e9s de su captura, el 24 de septiembre, en un intento de mostrarlo derrotado y humillado ante el pueblo, presentaron al Presidente Gonzalo con un traje de rayas y metido en una jaula. Pero, su plan fall\u00f3; con pu\u00f1o en alto agit\u00f3 un hist\u00f3rico discurso, diciendo que su captura era solo \u201c\u00a1un recodo en el camino!\u201d y llamando a continuar en la lucha revolucionaria por la conquista del poder.<\/p>\n\n\n\n<p class=\"has-black-color has-text-color\">En el transcurso de los siguientes 29 a\u00f1os se le sentenci\u00f3 a dos cadenas perpetuas y lo mantuvieron en aislamiento total, donde no ten\u00eda contacto con ninguna persona m\u00e1s all\u00e1 de sus carceleros. Durante este tiempo permaneci\u00f3 firme en su convicci\u00f3n por la revoluci\u00f3n y nunca reneg\u00f3 de la lucha revolucionaria que lleva el pueblo peruano y otros pueblos del mundo. Es el 11 de septiembre de 2021 cuando el viejo Estado peruano, encabezado por el reaccionario Pedro Castillo junto con representantes del imperialismo, culminaron su plan de aniquilamiento f\u00edsico, asesinando al Presidente Gonzalo, pues durante todo ese tiempo estuvo sometido a las condiciones m\u00e1s inhumanas de tortura y a una total falta de atenci\u00f3n m\u00e9dica que llevaron a que le diera c\u00e1ncer en la piel que hizo met\u00e1stasis.<\/p>\n\n\n\n<p class=\"has-black-color has-text-color\">Con el anuncio del asesinato del Presidente Gonzalo, miles de campesinos, obreros, mujeres, j\u00f3venes y estudiantes alrededor del mundo salieron a homenajear su vida, su entrega y su pensamiento, pues el Presidente Gonzalo vive en la revoluci\u00f3n peruana y en las revoluciones que todos los pueblos del mundo realizar\u00e1n confluyendo en un solo torrente que barrer\u00e1 al imperialismo y la reacci\u00f3n de la faz de la tierra.<\/p>\n","protected":false},"excerpt":{"rendered":"<p>El Presidente Gonzalo (Abimael Guzm\u00e1n Reynoso) naci\u00f3 el 3 de diciembre de 1934 en Mollendo en la regi\u00f3n de Arequipa, Per\u00fa; fue un gran revolucionario y comunista, jefatura del Partido Comunista de Per\u00fa (PCP) y de la revoluci\u00f3n peruana. Bajo su gu\u00eda, el PCP y el pueblo peruano fueron conquistando y construyendo el nuevo poder [&hellip;]<\/p>\n","protected":false},"author":1,"featured_media":24894,"comment_status":"open","ping_status":"open","sticky":false,"template":"","format":"standard","meta":{"footnotes":""},"categories":[16,31],"tags":[52,48,41],"class_list":["post-24893","post","type-post","status-publish","format-standard","has-post-thumbnail","hentry","category-carrusel","category-internacional","tag-presidente-gonzalo","tag-presos-politicos","tag-represion-estatal"],"blocksy_meta":[],"_links":{"self":[{"href":"https:\/\/nuevademocracia.com.co\/index.php?rest_route=\/wp\/v2\/posts\/24893","targetHints":{"allow":["GET"]}}],"collection":[{"href":"https:\/\/nuevademocracia.com.co\/index.php?rest_route=\/wp\/v2\/posts"}],"about":[{"href":"https:\/\/nuevademocracia.com.co\/index.php?rest_route=\/wp\/v2\/types\/post"}],"author":[{"embeddable":true,"href":"https:\/\/nuevademocracia.com.co\/index.php?rest_route=\/wp\/v2\/users\/1"}],"replies":[{"embeddable":true,"href":"https:\/\/nuevademocracia.com.co\/index.php?rest_route=%2Fwp%2Fv2%2Fcomments&post=24893"}],"version-history":[{"count":2,"href":"https:\/\/nuevademocracia.com.co\/index.php?rest_route=\/wp\/v2\/posts\/24893\/revisions"}],"predecessor-version":[{"id":24904,"href":"https:\/\/nuevademocracia.com.co\/index.php?rest_route=\/wp\/v2\/posts\/24893\/revisions\/24904"}],"wp:featuredmedia":[{"embeddable":true,"href":"https:\/\/nuevademocracia.com.co\/index.php?rest_route=\/wp\/v2\/media\/24894"}],"wp:attachment":[{"href":"https:\/\/nuevademocracia.com.co\/index.php?rest_route=%2Fwp%2Fv2%2Fmedia&parent=24893"}],"wp:term":[{"taxonomy":"category","embeddable":true,"href":"https:\/\/nuevademocracia.com.co\/index.php?rest_route=%2Fwp%2Fv2%2Fcategories&post=24893"},{"taxonomy":"post_tag","embeddable":true,"href":"https:\/\/nuevademocracia.com.co\/index.php?rest_route=%2Fwp%2Fv2%2Ftags&post=24893"}],"curies":[{"name":"wp","href":"https:\/\/api.w.org\/{rel}","templated":true}]}}