{"id":24896,"date":"2022-09-25T12:40:28","date_gmt":"2022-09-25T17:40:28","guid":{"rendered":"https:\/\/nuevademocracia.com.co\/?p=24896"},"modified":"2022-09-25T12:40:28","modified_gmt":"2022-09-25T17:40:28","slug":"donde-hay-opresion-habra-rebelion-los-pueblos-del-mundo-se-siguen-levantando","status":"publish","type":"post","link":"https:\/\/nuevademocracia.com.co\/?p=24896","title":{"rendered":"Donde hay opresi\u00f3n, habr\u00e1 rebeli\u00f3n: los pueblos del mundo se siguen levantando"},"content":{"rendered":"\n<p class=\"has-black-color has-text-color\">El creciente descontento popular a nivel mundial producto del alto costo de vida y las precarias condiciones en que vive la gran mayor\u00eda de la poblaci\u00f3n se ha traducido en multitudinarias y combativas protestas sociales a lo largo y ancho del planeta. La pandemia del Covid-19 y la guerra de agresi\u00f3n imperialista en Ucrania han develado y agudizado las profundas desigualdades sociales previamente existentes, por m\u00e1s que algunos economistas y analistas pol\u00edticos burgueses quieran ocultar la realidad sembrando la idea de que en estas coyunturas se origina la grave crisis que atraviesa el mundo hoy. Tras el agitado a\u00f1o de 2019, con intensas protestas -especialmente en Am\u00e9rica Latina-, no llegar\u00eda la calma para los gobiernos reaccionarios: los a\u00f1os 2020 y 2021 ratificar\u00edan la situaci\u00f3n revolucionaria en desarrollo desigual que atraviesa el mundo entero, expresando las maduras condiciones objetivas para el impulso de transformaciones revolucionarias en la presente \u00e9poca.<\/p>\n\n\n\n<p class=\"has-black-color has-text-color\">Tras 8 meses transcurridos en este 2022, las masas han expresado una y otra vez, en diversos lugares del mundo y con distinto grado de intensidad, su profundo anhelo de cambio. A pesar de la fuerte represi\u00f3n, de los enga\u00f1os y el populismo a trav\u00e9s de promesas como los \u201cgobiernos progresistas\u201d, las \u201creformas estructurales\u201d y las \u201cnuevas constituciones\u201d, los pueblos se han seguido levantando en poderosas tempestades que sacuden los cimientos de la vieja sociedad. A continuaci\u00f3n, compartimos con nuestros lectores algunas de estas luchas populares acontecidas en lo que va del a\u00f1o, a partir de traducciones nuestras de art\u00edculos recientemente publicados en el peri\u00f3dico <em>A Nova Democracia<\/em> de Brasil:<\/p>\n\n\n\n<p class=\"has-black-color has-text-color\"><strong>Hait\u00ed:<\/strong> el pasado 22 de agosto, el d\u00eda en que se conmemoran las heroicas luchas independentistas de los esclavos liderados por Toussaint-Louverture y Jean Jacques Dessantines hace 231 a\u00f1os (1791) siendo ejemplo para las naciones de toda Am\u00e9rica en su lucha contra el yugo colonial, el pueblo en Hait\u00ed se levant\u00f3 nuevamente contra las cadenas que atan a esta valerosa naci\u00f3n y que la han condenado por siglos al hambre y la miseria. En esta ocasi\u00f3n las protestas se han desencadenado por la carest\u00eda general, el alto costo de vida desatado por la inflaci\u00f3n y la inseguridad, exigiendo soluciones concretas a la crisis y la renuncia del primer ministro Ariel Henry. Para el 26 de agosto la represi\u00f3n estatal hab\u00eda dejado un saldo de 3 personas asesinadas y m\u00e1s de 19 heridos. En \u00faltima instancia, su lucha es contra las tres grandes monta\u00f1as que oprimen al pueblo haitiano y a los pueblos oprimidos del mundo entero: el imperialismo, el latifundio y el capitalismo burocr\u00e1tico.<\/p>\n\n\n\n<figure class=\"wp-block-image aligncenter size-full\"><img loading=\"lazy\" decoding=\"async\" width=\"420\" height=\"283\" src=\"https:\/\/nuevademocracia.com.co\/wp-content\/uploads\/2022\/09\/image-9.png\" alt=\"\" class=\"wp-image-24897\" srcset=\"https:\/\/nuevademocracia.com.co\/wp-content\/uploads\/2022\/09\/image-9.png 420w, https:\/\/nuevademocracia.com.co\/wp-content\/uploads\/2022\/09\/image-9-300x202.png 300w\" sizes=\"auto, (max-width: 420px) 100vw, 420px\" \/><figcaption><strong><mark style=\"background-color:rgba(0, 0, 0, 0)\" class=\"has-inline-color has-black-color\"><em>Manifestantes durante las protestas del pasado 22 de agosto en Puerto Pr\u00edncipe, capital de Hait\u00ed. Foto: agencia AP<\/em><\/mark><\/strong><\/figcaption><\/figure>\n\n\n\n<p class=\"has-black-color has-text-color\"><strong>Sud\u00e1n:<\/strong> el pueblo sudan\u00e9s contin\u00faa resistiendo en las calles tras el golpe militar del a\u00f1o pasado liderado por el general Abdel Fattah al-Burhan (apoyado por los imperialistas yanquis) y la descarada intervenci\u00f3n en el pa\u00eds por parte de la Organizaci\u00f3n de las Naciones Unidas (ONU). En furia contra la crisis general, las masas han destruido predios gubernamentales, confiscaron grandes supermercados, bloquearon v\u00edas y acamparon al frente de los cuarteles generales en protestas ocurridas durante el 21 de mayo. Adem\u00e1s, el pasado 1 de junio, cientos de masas protestaron al frente de una sede de la ONU en la ciudad de Khartoum, contra el papel de esta organizaci\u00f3n en la crisis pol\u00edtica del pa\u00eds.<\/p>\n\n\n\n<figure class=\"wp-block-image aligncenter size-full\"><img loading=\"lazy\" decoding=\"async\" width=\"636\" height=\"348\" src=\"https:\/\/nuevademocracia.com.co\/wp-content\/uploads\/2022\/09\/image-10.png\" alt=\"\" class=\"wp-image-24898\" srcset=\"https:\/\/nuevademocracia.com.co\/wp-content\/uploads\/2022\/09\/image-10.png 636w, https:\/\/nuevademocracia.com.co\/wp-content\/uploads\/2022\/09\/image-10-300x164.png 300w\" sizes=\"auto, (max-width: 636px) 100vw, 636px\" \/><figcaption><strong><em><mark style=\"background-color:rgba(0, 0, 0, 0)\" class=\"has-inline-color has-black-color\">El pueblo sudan\u00e9s se moviliza el pasado 30 de julio contra el nuevo gobierno militar en Port Sudan. Foto: agencia Reuters<\/mark><\/em><\/strong><\/figcaption><\/figure>\n\n\n\n<p class=\"has-black-color has-text-color\"><strong>India:<\/strong> en los d\u00edas 16 y 22 de agosto, miles de campesinos de diversas regiones de la India realizaron masivas protestas contra el primer ministro fascista Narendra Modi y los latifundistas de las grandes corporaciones agroindustriales. Las protestas ocurrieron en Nueva Delhi, capital de la India, y en Himachal Pradesh, en el norte del pa\u00eds. Fueron exigidos subsidios para los productos agr\u00edcolas, cancelaci\u00f3n de las deudas de los campesinos pobres, pago de sus derechos, la salida de la India de la Organizaci\u00f3n Mundial del Comercio (OMC) y la cancelaci\u00f3n de todos los acuerdos de libre comercio firmados, entre otras reivindicaciones. Miles de campesinos de regiones como Punjab, Haryana y Uttar Pradesh se desplazaron hasta la capital de la India para exigir subsidios m\u00ednimos para todos los productos agr\u00edcolas, a pesar de los intentos del Estado por impedir su llegada al punto de concentraci\u00f3n de las manifestaciones.<\/p>\n\n\n\n<figure class=\"wp-block-image aligncenter size-full\"><img loading=\"lazy\" decoding=\"async\" width=\"639\" height=\"339\" src=\"https:\/\/nuevademocracia.com.co\/wp-content\/uploads\/2022\/09\/image-11.png\" alt=\"\" class=\"wp-image-24899\" srcset=\"https:\/\/nuevademocracia.com.co\/wp-content\/uploads\/2022\/09\/image-11.png 639w, https:\/\/nuevademocracia.com.co\/wp-content\/uploads\/2022\/09\/image-11-300x159.png 300w\" sizes=\"auto, (max-width: 639px) 100vw, 639px\" \/><figcaption><strong><em><mark style=\"background-color:rgba(0, 0, 0, 0)\" class=\"has-inline-color has-black-color\">Campesinos en la India protestan contra el gobierno de Modi y rompen el cerco impuesto por la polic\u00eda para evitar que lleguen a la capital, Nueva Delhi. Foto: agencia Reuters<\/mark><\/em><\/strong><\/figcaption><\/figure>\n\n\n\n<p class=\"has-black-color has-text-color\"><strong>Sri Lanka:<\/strong> el pasado 9 de julio las masas incendiaron la casa y tomaron la residencia gubernamental del pol\u00edtico Ranil Wickremesinghe, quien es el nuevo primer ministro del pa\u00eds. Los manifestantes, en revuelta contra las precarias condiciones de vida del pueblo, tambi\u00e9n tomaron el palacio presidencial en Colombo, capital del pa\u00eds. Las masas en rebeli\u00f3n continuaron ocupando el palacio presidencial hasta el d\u00eda 11 de julio, cuando el presidente reaccionario Gotabaya Rajapaska anunci\u00f3 que renunciar\u00eda al cargo y el presidente interino expresara su disposici\u00f3n a negociar con el pueblo, quien ha resistido valerosamente a pesar de la feroz represi\u00f3n desatada por el gobierno reaccionario con decretos que permiten el uso de armas de fuego contra los manifestantes dejando al menos 8 muertos en las recientes jornadas de protestas.<\/p>\n\n\n\n<figure class=\"wp-block-image aligncenter size-full\"><img loading=\"lazy\" decoding=\"async\" width=\"417\" height=\"279\" src=\"https:\/\/nuevademocracia.com.co\/wp-content\/uploads\/2022\/09\/image-12.png\" alt=\"\" class=\"wp-image-24900\" srcset=\"https:\/\/nuevademocracia.com.co\/wp-content\/uploads\/2022\/09\/image-12.png 417w, https:\/\/nuevademocracia.com.co\/wp-content\/uploads\/2022\/09\/image-12-300x201.png 300w\" sizes=\"auto, (max-width: 417px) 100vw, 417px\" \/><figcaption><strong><em><mark style=\"background-color:rgba(0, 0, 0, 0)\" class=\"has-inline-color has-black-color\">Manifestantes confrontan a militares en las afueras del palacio presidencial en Colombo (Sri Lanka) el pasado 22 de julio. Foto: agencia AP<\/mark><\/em><\/strong><\/figcaption><\/figure>\n\n\n\n<p class=\"has-black-color has-text-color\"><strong>Panam\u00e1:<\/strong> en los inicios de julio del presente a\u00f1o se desat\u00f3 en Panam\u00e1 la mayor rebeli\u00f3n popular en las \u00faltimas 3 d\u00e9cadas en el pa\u00eds. Las masas protestaron contra el aumento del precio de los combustibles, los alimentos y los medicamentos. Durante la rebeli\u00f3n, los manifestantes bloquearon todas las v\u00edas de acceso que van en direcci\u00f3n a la capital y bloquearon la v\u00eda Panamericana, la principal que atraviesa el pa\u00eds y se conecta con Costa Rica. Estas son las mayores protestas en el pa\u00eds desde 1989, cuando el pueblo luch\u00f3 por el fin del r\u00e9gimen militar.<\/p>\n\n\n\n<figure class=\"wp-block-image aligncenter size-full\"><img loading=\"lazy\" decoding=\"async\" width=\"419\" height=\"577\" src=\"https:\/\/nuevademocracia.com.co\/wp-content\/uploads\/2022\/09\/image-13.png\" alt=\"\" class=\"wp-image-24901\" srcset=\"https:\/\/nuevademocracia.com.co\/wp-content\/uploads\/2022\/09\/image-13.png 419w, https:\/\/nuevademocracia.com.co\/wp-content\/uploads\/2022\/09\/image-13-218x300.png 218w\" sizes=\"auto, (max-width: 419px) 100vw, 419px\" \/><figcaption><strong><em><mark style=\"background-color:rgba(0, 0, 0, 0)\" class=\"has-inline-color has-black-color\">Panam\u00e1. Sindicatos de profesores se movilizan el pasado 12 de julio en el marco del paro nacional contra las medidas antipopulares impuestas por el gobierno reaccionario de Cortizo. Foto: agencia AP<\/mark><\/em><\/strong><\/figcaption><\/figure>\n\n\n\n<p class=\"has-black-color has-text-color\"><strong>Inglaterra:<\/strong> en el seno de los pa\u00edses imperialistas tambi\u00e9n se est\u00e1 sintiendo con rigor el peso de la crisis. Un ejemplo de esto es Inglaterra, donde se ha desatado una oleada de huelgas que han sacudido todo el pa\u00eds desde inicios del a\u00f1o y que se han extendido hasta agosto, apodada como el \u201cVerano del descontento\u201d. Las protestas son a ra\u00edz del elevado costo de vida actual, donde se ha alcanzado la mayor tasa de inflaci\u00f3n en 40 a\u00f1os (10,1% en julio). Por este motivo, sindicatos de diversas ramas productivas del pa\u00eds han decidido paralizar la producci\u00f3n sum\u00e1ndose a la huelga general, tales como trabajadores y profesionales de sectores como los ferrocarriles, abogados, autobuses, metro, telecomunicaciones, servicio postal, limpieza, estibadores, entre otros. Adem\u00e1s otros sectores se encuentran ad portas de sumarse al paro nacional como los enfermeros y los bomberos. En una entrevista para un medio ingl\u00e9s, Mick Lynch, quien se desempe\u00f1a como secretario general del Sindicato Nacional de Trabajadores Ferroviarios, Mar\u00edtimos y del Transporte (RMT) afirm\u00f3: \u201cnuestro mensaje debe ser este: volvi\u00f3 la clase trabajadora. (\u2026) nos negamos a ser d\u00f3ciles, nos negamos a ser humillados, nos negamos a esperar a los pol\u00edticos y legisladores y nos negamos a seguir siendo pobres\u201d.<\/p>\n\n\n\n<figure class=\"wp-block-image aligncenter size-full\"><img loading=\"lazy\" decoding=\"async\" width=\"418\" height=\"210\" src=\"https:\/\/nuevademocracia.com.co\/wp-content\/uploads\/2022\/09\/image-14.png\" alt=\"\" class=\"wp-image-24902\" srcset=\"https:\/\/nuevademocracia.com.co\/wp-content\/uploads\/2022\/09\/image-14.png 418w, https:\/\/nuevademocracia.com.co\/wp-content\/uploads\/2022\/09\/image-14-300x151.png 300w\" sizes=\"auto, (max-width: 418px) 100vw, 418px\" \/><figcaption><strong><em><mark style=\"background-color:rgba(0, 0, 0, 0)\" class=\"has-inline-color has-black-color\">Huelga de trabajadores portuarios en Felixstowe (Inglaterra) durante el mes de agosto. Foto: PA media<\/mark><\/em><\/strong><\/figcaption><\/figure>\n","protected":false},"excerpt":{"rendered":"<p>El creciente descontento popular a nivel mundial producto del alto costo de vida y las precarias condiciones en que vive la gran mayor\u00eda de la poblaci\u00f3n se ha traducido en multitudinarias y combativas protestas sociales a lo largo y ancho del planeta. La pandemia del Covid-19 y la guerra de agresi\u00f3n imperialista en Ucrania han [&hellip;]<\/p>\n","protected":false},"author":1,"featured_media":24899,"comment_status":"open","ping_status":"open","sticky":false,"template":"","format":"standard","meta":{"footnotes":""},"categories":[16,31],"tags":[54,32,37,56,39,53,18,41,57,55],"class_list":["post-24896","post","type-post","status-publish","format-standard","has-post-thumbnail","hentry","category-carrusel","category-internacional","tag-haiti","tag-imperialismo","tag-india","tag-inglaterra","tag-internacionalismo","tag-panama","tag-protestas","tag-represion-estatal","tag-sri-lanka","tag-sudan"],"blocksy_meta":[],"_links":{"self":[{"href":"https:\/\/nuevademocracia.com.co\/index.php?rest_route=\/wp\/v2\/posts\/24896","targetHints":{"allow":["GET"]}}],"collection":[{"href":"https:\/\/nuevademocracia.com.co\/index.php?rest_route=\/wp\/v2\/posts"}],"about":[{"href":"https:\/\/nuevademocracia.com.co\/index.php?rest_route=\/wp\/v2\/types\/post"}],"author":[{"embeddable":true,"href":"https:\/\/nuevademocracia.com.co\/index.php?rest_route=\/wp\/v2\/users\/1"}],"replies":[{"embeddable":true,"href":"https:\/\/nuevademocracia.com.co\/index.php?rest_route=%2Fwp%2Fv2%2Fcomments&post=24896"}],"version-history":[{"count":1,"href":"https:\/\/nuevademocracia.com.co\/index.php?rest_route=\/wp\/v2\/posts\/24896\/revisions"}],"predecessor-version":[{"id":24903,"href":"https:\/\/nuevademocracia.com.co\/index.php?rest_route=\/wp\/v2\/posts\/24896\/revisions\/24903"}],"wp:featuredmedia":[{"embeddable":true,"href":"https:\/\/nuevademocracia.com.co\/index.php?rest_route=\/wp\/v2\/media\/24899"}],"wp:attachment":[{"href":"https:\/\/nuevademocracia.com.co\/index.php?rest_route=%2Fwp%2Fv2%2Fmedia&parent=24896"}],"wp:term":[{"taxonomy":"category","embeddable":true,"href":"https:\/\/nuevademocracia.com.co\/index.php?rest_route=%2Fwp%2Fv2%2Fcategories&post=24896"},{"taxonomy":"post_tag","embeddable":true,"href":"https:\/\/nuevademocracia.com.co\/index.php?rest_route=%2Fwp%2Fv2%2Ftags&post=24896"}],"curies":[{"name":"wp","href":"https:\/\/api.w.org\/{rel}","templated":true}]}}