{"id":24905,"date":"2022-09-25T12:50:44","date_gmt":"2022-09-25T17:50:44","guid":{"rendered":"https:\/\/nuevademocracia.com.co\/?p=24905"},"modified":"2022-09-25T12:50:44","modified_gmt":"2022-09-25T17:50:44","slug":"chile-el-pueblo-reacciona-contra-los-ataques-del-gobierno-antipueblo-de-boric","status":"publish","type":"post","link":"https:\/\/nuevademocracia.com.co\/?p=24905","title":{"rendered":"Chile: el pueblo reacciona contra los ataques del gobierno antipueblo de Boric*"},"content":{"rendered":"\n<p class=\"has-black-color has-text-color\"><strong><em>*Basado en la traducci\u00f3n de algunos fragmentos de un art\u00edculo publicado en el peri\u00f3dico A Nova Democracia (Brasil) el pasado 18 de agosto.<\/em><\/strong><\/p>\n\n\n\n<p class=\"has-black-color has-text-color\">Cinco meses despu\u00e9s de que el presidente oportunista de Chile, Gabriel Boric, se posesionara, diversas protestas estremecieron el pa\u00eds contra las medidas reaccionarias y anti-pueblo promovidas por la joven cr\u00eda del oportunismo y el revisionismo chileno. En las ciudades, vendedores ambulantes se levantaron contra la represi\u00f3n de los agentes policiales que cumpl\u00edan una operaci\u00f3n de erradicaci\u00f3n del comercio ambulante en la capital Santiago. Protestas de estudiantes y trabajadores de la educaci\u00f3n denunciando el desmonte de las universidades, las p\u00e9simas condiciones de trabajo, los bajos salarios y las mensualidades en las universidades p\u00fablicas, exigiendo la liberaci\u00f3n de los presos pol\u00edtico de las manifestaciones de 2019-2020. En el campo, mapuches se movilizaron contra la dominaci\u00f3n del latifundio y la intervenci\u00f3n militar en la regi\u00f3n centro-sur del pa\u00eds, decretada en el 2021 y prorrogada por Boric.<\/p>\n\n\n\n<figure class=\"wp-block-image aligncenter size-full\"><img loading=\"lazy\" decoding=\"async\" width=\"904\" height=\"543\" src=\"https:\/\/nuevademocracia.com.co\/wp-content\/uploads\/2022\/09\/Chile-01.jpg\" alt=\"\" class=\"wp-image-24906\" srcset=\"https:\/\/nuevademocracia.com.co\/wp-content\/uploads\/2022\/09\/Chile-01.jpg 904w, https:\/\/nuevademocracia.com.co\/wp-content\/uploads\/2022\/09\/Chile-01-300x180.jpg 300w, https:\/\/nuevademocracia.com.co\/wp-content\/uploads\/2022\/09\/Chile-01-768x461.jpg 768w\" sizes=\"auto, (max-width: 904px) 100vw, 904px\" \/><figcaption><strong><em><mark style=\"background-color:rgba(0, 0, 0, 0)\" class=\"has-inline-color has-black-color\">En los 6 meses transcurridos desde el inicio del gobierno de Boric en Chile no se han detenido las protestas de diversos sectores populares. Foto: A Nova Democracia<\/mark><\/em><\/strong><\/figcaption><\/figure>\n\n\n\n<p class=\"has-black-color has-text-color\">Se cae la m\u00e1scara de \u201cdefensor del pueblo\u201d que Boric usaba (cuando actuaba en el movimiento popular como un oportunista electorero) para enga\u00f1ar a cada sector que hoy se est\u00e1 movilizando en Chile. En 2016, en dos casos diferentes de represi\u00f3n a los vendedores ambulantes, Boric dio declaraciones vac\u00edas de censura a la postura represiva del viejo Estado chileno en relaci\u00f3n a los trabajadores, pr\u00e1ctica que ahora \u00e9l contin\u00faa. En relaci\u00f3n a los estudiantes, Boric utiliz\u00f3, durante la campa\u00f1a, su pasado de \u201cactivista\u201d estudiantil y presidente de la Federaci\u00f3n de Estudiantes de Chile para venderse como cercano al sector de la educaci\u00f3n.<\/p>\n\n\n\n<p class=\"has-black-color has-text-color\">En su periodo de \u201cactivista\u201d amarillo, con todo, Boric prest\u00f3 un papel fundamental en el apaciguamiento de las protestas y apuntando a la salida de la rebeli\u00f3n por la \u201cv\u00eda institucional\u201d y la \u201cnueva constituci\u00f3n\u201d. Camino burocr\u00e1tico que, lejos de solucionar esos males, solamente fortalece la estructura caduca del viejo Estado chileno, aparato de represi\u00f3n de las masas populares al servicio de las clases dominantes chilenas, tan solo que bajo una nueva apariencia.<\/p>\n\n\n\n<figure class=\"wp-block-image aligncenter size-large is-resized\"><img loading=\"lazy\" decoding=\"async\" src=\"https:\/\/nuevademocracia.com.co\/wp-content\/uploads\/2022\/09\/Chile-02-1024x573.jpg\" alt=\"\" class=\"wp-image-24908\" width=\"840\" height=\"470\" srcset=\"https:\/\/nuevademocracia.com.co\/wp-content\/uploads\/2022\/09\/Chile-02-1024x573.jpg 1024w, https:\/\/nuevademocracia.com.co\/wp-content\/uploads\/2022\/09\/Chile-02-300x168.jpg 300w, https:\/\/nuevademocracia.com.co\/wp-content\/uploads\/2022\/09\/Chile-02-768x429.jpg 768w, https:\/\/nuevademocracia.com.co\/wp-content\/uploads\/2022\/09\/Chile-02.jpg 1064w\" sizes=\"auto, (max-width: 840px) 100vw, 840px\" \/><figcaption><strong><em><mark style=\"background-color:rgba(0, 0, 0, 0)\" class=\"has-inline-color has-black-color\">Cartel exhibido por manifestantes durante las protestas desatadas en septiembre en Santiago de Chile. Foto: Diario U Chile<\/mark><\/em><\/strong><\/figcaption><\/figure>\n\n\n\n<p class=\"has-black-color has-text-color\">Finalmente, en cuanto a los Mapuche, Boric visit\u00f3 unidades territoriales de ese pueblo en 2016 y se pint\u00f3 en sucesivas ocasiones como contrario a la militarizaci\u00f3n de esas zonas y abierto al di\u00e1logo, inclusiva con la CAM.<\/p>\n\n\n\n<p class=\"has-black-color has-text-color\">Ahora, Boric desaloja y aprisiona vendedores ambulantes que trabajan sin estar \u201cdebidamente regulados\u201d por el viejo Estado; mantiene la explotaci\u00f3n de los trabajadores de la educaci\u00f3n y el desmonte y privatizaci\u00f3n de las universidades; y profundiza la intervenci\u00f3n militar en las zonas Mapuche, en el centro-sur del pa\u00eds. Bajo su gesti\u00f3n, est\u00e1 reservado, para cada uno de estos sectores, la brutal represi\u00f3n en caso de la rebeli\u00f3n popular, sea con el uso de carabineros o de las fuerzas armadas chilenas. Las masas, a su vez, en el campo y en la ciudad, siguen luchando por sus derechos m\u00e1s b\u00e1sicos.<\/p>\n\n\n\n<figure class=\"wp-block-image aligncenter size-full\"><img loading=\"lazy\" decoding=\"async\" width=\"950\" height=\"534\" src=\"https:\/\/nuevademocracia.com.co\/wp-content\/uploads\/2022\/09\/Chile-04.jpeg\" alt=\"\" class=\"wp-image-24909\" srcset=\"https:\/\/nuevademocracia.com.co\/wp-content\/uploads\/2022\/09\/Chile-04.jpeg 950w, https:\/\/nuevademocracia.com.co\/wp-content\/uploads\/2022\/09\/Chile-04-300x169.jpeg 300w, https:\/\/nuevademocracia.com.co\/wp-content\/uploads\/2022\/09\/Chile-04-768x432.jpeg 768w\" sizes=\"auto, (max-width: 950px) 100vw, 950px\" \/><figcaption><strong><em><mark style=\"background-color:rgba(0, 0, 0, 0)\" class=\"has-inline-color has-black-color\">Tela cargada durante manifestaci\u00f3n exigiendo la libertad a todos los presos capturados durante la revuelta popular de 2019\u00a0 Foto: El Tiempo<\/mark><\/em><\/strong><\/figcaption><\/figure>\n\n\n\n<p class=\"has-black-color has-text-color\">Tras el fracaso en el plebiscito de salida de la nueva constituci\u00f3n liderada por el gobierno de Boric, la juventud chilena se ha levantado nuevamente. Desde los primeros d\u00edas de septiembre estudiantes secundaristas y universitarios se han movilizado exigiendo soluciones a los m\u00faltiples problemas que afectan a la educaci\u00f3n p\u00fablica (mala alimentaci\u00f3n, costos del transporte, infraestructura en mal estado, por acceso universal, contra la violencia de g\u00e9nero, etc); reivindicando la libertad a los presos y presas de la revuelta popular iniciada en el 2019 y tambi\u00e9n a los activistas de la comunidad Mapuche detenidos en medio de la lucha por la tierra; y finalmente exigiendo un nuevo proceso constituyente donde realmente se garanticen los derechos del pueblo trabajador y no se concilie con los sectores m\u00e1s reaccionarios de la sociedad chilena. En las sucesivas manifestaciones se han presentado acciones combativas por parte de la juventud, tales como evasiones masivas en las estaciones del metro de Santiago y enfrentamientos contra las fuerzas de los carabineros, una de las m\u00e1s sanguinarias e impopulares instituciones en este pa\u00eds, famosa por su violenta represi\u00f3n contra la protesta popular.<\/p>\n\n\n\n<figure class=\"wp-block-gallery has-nested-images columns-default is-cropped wp-block-gallery-1 is-layout-flex wp-block-gallery-is-layout-flex\">\n<figure class=\"wp-block-image size-large\"><img loading=\"lazy\" decoding=\"async\" width=\"828\" height=\"552\" data-id=\"24910\" src=\"https:\/\/nuevademocracia.com.co\/wp-content\/uploads\/2022\/09\/Chile-05.jpg\" alt=\"\" class=\"wp-image-24910\" srcset=\"https:\/\/nuevademocracia.com.co\/wp-content\/uploads\/2022\/09\/Chile-05.jpg 828w, https:\/\/nuevademocracia.com.co\/wp-content\/uploads\/2022\/09\/Chile-05-300x200.jpg 300w, https:\/\/nuevademocracia.com.co\/wp-content\/uploads\/2022\/09\/Chile-05-768x512.jpg 768w\" sizes=\"auto, (max-width: 828px) 100vw, 828px\" \/><figcaption><strong><em><mark style=\"background-color:rgba(0, 0, 0, 0)\" class=\"has-inline-color has-white-color\">&#8211;\u00a0\u00a0\u00a0\u00a0\u00a0\u00a0\u00a0\u00a0\u00a0 Marcha secundarista pasa frente al Palacio de la Moneda en Chile. Foto: EFE<\/mark><\/em><\/strong><\/figcaption><\/figure>\n\n\n\n<figure class=\"wp-block-image size-large\"><img loading=\"lazy\" decoding=\"async\" width=\"848\" height=\"622\" data-id=\"24911\" src=\"https:\/\/nuevademocracia.com.co\/wp-content\/uploads\/2022\/09\/Chile-06.jpg\" alt=\"\" class=\"wp-image-24911\" srcset=\"https:\/\/nuevademocracia.com.co\/wp-content\/uploads\/2022\/09\/Chile-06.jpg 848w, https:\/\/nuevademocracia.com.co\/wp-content\/uploads\/2022\/09\/Chile-06-300x220.jpg 300w, https:\/\/nuevademocracia.com.co\/wp-content\/uploads\/2022\/09\/Chile-06-768x563.jpg 768w\" sizes=\"auto, (max-width: 848px) 100vw, 848px\" \/><figcaption><strong><em><mark style=\"background-color:rgba(0, 0, 0, 0)\" class=\"has-inline-color has-white-color\">En una nueva jornada de protestas, j\u00f3venes secundaristas realizaron evasiones masivas en m\u00faltiples estaciones del Metro de Santiago y se sentaron en el borde de los andenes, obligando a detener servicios. Foto: Portavoz Noticias<\/mark><\/em><\/strong><\/figcaption><\/figure>\n<\/figure>\n\n\n\n<p class=\"has-black-color has-text-color\">M\u00e1s all\u00e1 de las promesas del nuevo gobierno \u201cprogresista\u201d y de las ilusiones en una nueva constituci\u00f3n, la juventud y el pueblo chileno se han continuado movilizando activamente por la defensa de sus derechos. Su experiencia misma les ha mostrado, con el gobierno de Salvador Allende y su posterior derrocamiento mediante el golpe de Estado de 1973, los l\u00edmites de las v\u00edas institucionales y la necesidad de organizarse y construir m\u00e1s all\u00e1 de estas.<\/p>\n\n\n\n<figure class=\"wp-block-image aligncenter size-full\"><img loading=\"lazy\" decoding=\"async\" width=\"845\" height=\"559\" src=\"https:\/\/nuevademocracia.com.co\/wp-content\/uploads\/2022\/09\/Chile-03.jpg\" alt=\"\" class=\"wp-image-24907\" srcset=\"https:\/\/nuevademocracia.com.co\/wp-content\/uploads\/2022\/09\/Chile-03.jpg 845w, https:\/\/nuevademocracia.com.co\/wp-content\/uploads\/2022\/09\/Chile-03-300x198.jpg 300w, https:\/\/nuevademocracia.com.co\/wp-content\/uploads\/2022\/09\/Chile-03-768x508.jpg 768w\" sizes=\"auto, (max-width: 845px) 100vw, 845px\" \/><figcaption><strong><em><mark style=\"background-color:rgba(0, 0, 0, 0)\" class=\"has-inline-color has-black-color\">Tela cargada por estudiantes durante manifestaci\u00f3n, con el mensaje: \u201cCon o sin constituci\u00f3n contin\u00faa la lucha del pueblo trabajador. Organizaci\u00f3n popular e insurrecci\u00f3n\u201d. Foto: RFI<\/mark><\/em><\/strong><\/figcaption><\/figure>\n","protected":false},"excerpt":{"rendered":"<p>*Basado en la traducci\u00f3n de algunos fragmentos de un art\u00edculo publicado en el peri\u00f3dico A Nova Democracia (Brasil) el pasado 18 de agosto. Cinco meses despu\u00e9s de que el presidente oportunista de Chile, Gabriel Boric, se posesionara, diversas protestas estremecieron el pa\u00eds contra las medidas reaccionarias y anti-pueblo promovidas por la joven cr\u00eda del oportunismo [&hellip;]<\/p>\n","protected":false},"author":1,"featured_media":24908,"comment_status":"open","ping_status":"open","sticky":false,"template":"","format":"standard","meta":{"footnotes":""},"categories":[31],"tags":[58,44,28,18,41],"class_list":["post-24905","post","type-post","status-publish","format-standard","has-post-thumbnail","hentry","category-internacional","tag-chile","tag-criminalizacion-a-la-protesta","tag-juventud","tag-protestas","tag-represion-estatal"],"blocksy_meta":[],"_links":{"self":[{"href":"https:\/\/nuevademocracia.com.co\/index.php?rest_route=\/wp\/v2\/posts\/24905","targetHints":{"allow":["GET"]}}],"collection":[{"href":"https:\/\/nuevademocracia.com.co\/index.php?rest_route=\/wp\/v2\/posts"}],"about":[{"href":"https:\/\/nuevademocracia.com.co\/index.php?rest_route=\/wp\/v2\/types\/post"}],"author":[{"embeddable":true,"href":"https:\/\/nuevademocracia.com.co\/index.php?rest_route=\/wp\/v2\/users\/1"}],"replies":[{"embeddable":true,"href":"https:\/\/nuevademocracia.com.co\/index.php?rest_route=%2Fwp%2Fv2%2Fcomments&post=24905"}],"version-history":[{"count":1,"href":"https:\/\/nuevademocracia.com.co\/index.php?rest_route=\/wp\/v2\/posts\/24905\/revisions"}],"predecessor-version":[{"id":24912,"href":"https:\/\/nuevademocracia.com.co\/index.php?rest_route=\/wp\/v2\/posts\/24905\/revisions\/24912"}],"wp:featuredmedia":[{"embeddable":true,"href":"https:\/\/nuevademocracia.com.co\/index.php?rest_route=\/wp\/v2\/media\/24908"}],"wp:attachment":[{"href":"https:\/\/nuevademocracia.com.co\/index.php?rest_route=%2Fwp%2Fv2%2Fmedia&parent=24905"}],"wp:term":[{"taxonomy":"category","embeddable":true,"href":"https:\/\/nuevademocracia.com.co\/index.php?rest_route=%2Fwp%2Fv2%2Fcategories&post=24905"},{"taxonomy":"post_tag","embeddable":true,"href":"https:\/\/nuevademocracia.com.co\/index.php?rest_route=%2Fwp%2Fv2%2Ftags&post=24905"}],"curies":[{"name":"wp","href":"https:\/\/api.w.org\/{rel}","templated":true}]}}