{"id":24930,"date":"2022-10-08T11:45:41","date_gmt":"2022-10-08T16:45:41","guid":{"rendered":"https:\/\/nuevademocracia.com.co\/?p=24930"},"modified":"2022-10-08T11:45:41","modified_gmt":"2022-10-08T16:45:41","slug":"iran-rebelion-popular-tras-el-asesinato-de-mahsa-amini-por-parte-de-la-policia-de-la-moral","status":"publish","type":"post","link":"https:\/\/nuevademocracia.com.co\/?p=24930","title":{"rendered":"Ir\u00e1n: rebeli\u00f3n popular tras el asesinato de Mahsa Amini por parte de la polic\u00eda de la moral"},"content":{"rendered":"\n<p class=\"has-black-color has-text-color\">El pasado 14 de septiembre la polic\u00eda de la moral de Ir\u00e1n asesin\u00f3 a la joven de 22 a\u00f1os Mahsa Amini, de origen kurdo, por llevar mal puesto el Hiyab o velo isl\u00e1mico con el que se cubren el cabello; tortur\u00e1ndola mientras era trasladada al centro de detenci\u00f3n. Ya en la comisar\u00eda, la joven cay\u00f3 inconsciente y fue llevada a un hospital en donde permaneci\u00f3 2 d\u00edas en coma y luego falleci\u00f3. A ra\u00edz de esto, desde el d\u00eda siguiente y durante m\u00e1s de tres semanas, el pueblo iran\u00ed de al menos 100 ciudades sali\u00f3 a las calles a protestar por el asesinato de la joven.<\/p>\n\n\n\n<p class=\"has-black-color has-text-color\">Las protestas iniciaron el 17 de septiembre en Teher\u00e1n, la capital del pa\u00eds isl\u00e1mico, frente al hospital donde falleci\u00f3 la joven. Al d\u00eda siguiente la rebeli\u00f3n popular se comenz\u00f3 a expandir por todo el pa\u00eds, exigiendo justicia por el asesinato de Mahsa Amini, denunciando la gran opresi\u00f3n que recae sobre las mujeres, y exigiendo tambi\u00e9n la renuncia del reaccionario l\u00edder supremo del pa\u00eds desde 1989, Al\u00ed Jamenei.<\/p>\n\n\n\n<figure class=\"wp-block-image aligncenter size-full\"><img loading=\"lazy\" decoding=\"async\" width=\"960\" height=\"720\" src=\"https:\/\/nuevademocracia.com.co\/wp-content\/uploads\/2022\/10\/Iran-01.jpg\" alt=\"\" class=\"wp-image-24931\" srcset=\"https:\/\/nuevademocracia.com.co\/wp-content\/uploads\/2022\/10\/Iran-01.jpg 960w, https:\/\/nuevademocracia.com.co\/wp-content\/uploads\/2022\/10\/Iran-01-300x225.jpg 300w, https:\/\/nuevademocracia.com.co\/wp-content\/uploads\/2022\/10\/Iran-01-768x576.jpg 768w\" sizes=\"auto, (max-width: 960px) 100vw, 960px\" \/><figcaption><em><mark style=\"background-color:rgba(0, 0, 0, 0)\" class=\"has-inline-color has-black-color\">Moto de polic\u00eda incendiada durante las protestas en contra del asesinato de Mahsa Amini, en Teher\u00e1n, Ir\u00e1n, septiembre 19. Foto: agencia Reuters.<\/mark><\/em><\/figcaption><\/figure>\n\n\n\n<p class=\"has-black-color has-text-color\">El viejo Estado burocr\u00e1tico latifundista iran\u00ed moviliz\u00f3 todas sus fuerzas represivas para tratar de aplastar la lucha de las masas. Tanto as\u00ed que un alto mando de las fuerzas armadas de Ir\u00e1n dio la orden de asesinar a los manifestantes, a \u201cconfrontarlos sin misericordia\u201d; y el ministro de inteligencia envi\u00f3 un mensaje a todos los usuarios de tel\u00e9fonos m\u00f3viles se\u00f1alando que cualquiera que participara de las protestas ser\u00eda castigado bajo la ley Shar\u00eda. Hasta la actualidad, seg\u00fan organismos como la ONG Iran Human Rights (IHR) m\u00e1s de 92 iran\u00edes han sido asesinados a manos de las fuerzas de represi\u00f3n del viejo Estado teocr\u00e1tico, y al menos 1.200 personas han sido aprisionadas por protestar.<\/p>\n\n\n\n<p class=\"has-black-color has-text-color\">Ir\u00e1n, pa\u00eds de Asia occidental, funciona bajo una forma de gobierno teocr\u00e1tico, en el que se considera que la autoridad pol\u00edtica proviene de dios, por lo que el poder religioso influencia en gran medida el funcionamiento del Estado; de esta forma hace parte de uno de los pocos pa\u00edses que aplica de forma estricta la ley isl\u00e1mica Shar\u00eda, que es usada por este r\u00e9gimen para imponer la m\u00e1xima represi\u00f3n y control al pueblo partiendo de la mistificaci\u00f3n de la religi\u00f3n, haciendo que esta sea incuestionable. Esta ley oprime m\u00e1s a las mujeres populares, haciendo que sean consideradas como una propiedad del hombre, limit\u00e1ndolas a no poder hacer nada sin su aprobaci\u00f3n en el mundo laboral, acad\u00e9mico y en el matrimonio; y haciendo que las mujeres sigan de forma estricta un c\u00f3digo de vestir oblig\u00e1ndolas a usar el velo que les cubre el pelo sin excepciones.<\/p>\n\n\n\n<p class=\"has-black-color has-text-color\">Es por esto que las mujeres iran\u00edes y de varios pa\u00edses del mundo han quemado su velo, y hasta se han cortado el cabello, como forma de protesta contra esas leyes opresivas a las que est\u00e1n sometidas, como un acto que simboliza ir rompiendo las cadenas que las oprimen, que las asesinan. As\u00ed como tambi\u00e9n, han llenado las calles de m\u00e1s de 156 ciudades del pa\u00eds de forma combativa, en muchos casos construyendo barricadas para resistir a la represi\u00f3n, con ayuda de piedras y molotovs; apoyadas por los hombres, por el sector educativo en varias universidades, y por estudiantes que han protestado en los colegios y bloqueado las calles, con consignas como \u201cMujer, vida, libertad\u201d y \u201cMuerte al dictador\u201d.<\/p>\n\n\n\n<figure class=\"wp-block-image aligncenter size-large\"><img loading=\"lazy\" decoding=\"async\" width=\"1024\" height=\"824\" src=\"https:\/\/nuevademocracia.com.co\/wp-content\/uploads\/2022\/10\/Iran-04-1024x824.jpg\" alt=\"\" class=\"wp-image-24933\" srcset=\"https:\/\/nuevademocracia.com.co\/wp-content\/uploads\/2022\/10\/Iran-04-1024x824.jpg 1024w, https:\/\/nuevademocracia.com.co\/wp-content\/uploads\/2022\/10\/Iran-04-300x241.jpg 300w, https:\/\/nuevademocracia.com.co\/wp-content\/uploads\/2022\/10\/Iran-04-768x618.jpg 768w, https:\/\/nuevademocracia.com.co\/wp-content\/uploads\/2022\/10\/Iran-04.jpg 1079w\" sizes=\"auto, (max-width: 1024px) 100vw, 1024px\" \/><figcaption><em><mark style=\"background-color:rgba(0, 0, 0, 0)\" class=\"has-inline-color has-black-color\">Estudiantes secundaristas muestran su rechazo al l\u00edder supremo de Ir\u00e1n Al\u00ed Jamenei, por el asesinato de Mahsa Amini. Foto: Twitter.<\/mark><\/em><\/figcaption><\/figure>\n\n\n\n<p class=\"has-black-color has-text-color\">La indignaci\u00f3n del pueblo iran\u00ed y su hist\u00f3rica lucha ha hecho eco y ha despertado la solidaridad internacional en al menos 159 ciudades de todo el mundo en las que ha habido manifestaciones de apoyo. De estas, cabe destacar las protestas realizadas principalmente por mujeres en Afganist\u00e1n, quienes tambi\u00e9n viven bajo un r\u00e9gimen muy opresivo con la ley isl\u00e1mica Shar\u00eda, moviliz\u00e1ndose bajo las consignas de \u201cIr\u00e1n se ha levantado, ahora nos toca a nosotras\u201d y \u201cDe Kabul a Ir\u00e1n, di no a la dictadura\u201d. A su vez, en Europa, en pa\u00edses como Grecia e Inglaterra, cientos de personas se manifestaron principalmente frente a las embajadas iran\u00edes, en apoyo a la rebeli\u00f3n popular de Ir\u00e1n. Tambi\u00e9n, en Estados Unidos y Alemania, se adelantaron protestas de apoyo. En especial en Berl\u00edn, cientos de inmigrantes salieron a las calles a mostrar su indignaci\u00f3n y solidaridad con Ir\u00e1n bajo el lema de \u201c\u00a1Solidaridad internacional!\u201d y exigiendo la liberaci\u00f3n de los presos pol\u00edticos.<\/p>\n\n\n\n<figure class=\"wp-block-image aligncenter size-full\"><img loading=\"lazy\" decoding=\"async\" width=\"1024\" height=\"577\" src=\"https:\/\/nuevademocracia.com.co\/wp-content\/uploads\/2022\/10\/Iran-02.jpg\" alt=\"\" class=\"wp-image-24934\" srcset=\"https:\/\/nuevademocracia.com.co\/wp-content\/uploads\/2022\/10\/Iran-02.jpg 1024w, https:\/\/nuevademocracia.com.co\/wp-content\/uploads\/2022\/10\/Iran-02-300x169.jpg 300w, https:\/\/nuevademocracia.com.co\/wp-content\/uploads\/2022\/10\/Iran-02-768x433.jpg 768w\" sizes=\"auto, (max-width: 1024px) 100vw, 1024px\" \/><figcaption><mark style=\"background-color:rgba(0, 0, 0, 0)\" class=\"has-inline-color has-black-color\"><em>Personas protestando en contra del asesinato de Mahsa Amini, en Teher\u00e1n, Ir\u00e1n, septiembre 19. Foto: Getty Images<\/em><\/mark><\/figcaption><\/figure>\n\n\n\n<p class=\"has-black-color has-text-color\">No satisfecho con asesinar a Mahsa Amini, el viejo Estado de Ir\u00e1n trat\u00f3 de ocultar su responsabilidad en el asesinato falsificando pruebas de las condiciones m\u00e9dicas de Mahsa, se\u00f1alando que a los cinco a\u00f1os fue operada del cerebro y que en realidad hab\u00eda muerto por un infarto y una convulsi\u00f3n. Sin embargo, estos se\u00f1alamientos fueron negados por el padre de la joven. Tambi\u00e9n, las otras personas que iban con ella en el veh\u00edculo de la polic\u00eda confirmaron que ella fue fuertemente golpeada; adem\u00e1s, la cl\u00ednica que la recibi\u00f3 declar\u00f3 en una publicaci\u00f3n de Instagram que la joven hab\u00eda llegado con muerte cerebral declarada, y con hematomas en brazos y piernas, pero borr\u00f3 la publicaci\u00f3n. M\u00e1s all\u00e1 de la indignaci\u00f3n que desat\u00f3 el asesinato de Mahsa Amini, tanto en Ir\u00e1n como en el mundo, esta hist\u00f3rica rebeli\u00f3n popular del pueblo iran\u00ed deja en evidencia, una vez m\u00e1s, que las masas populares est\u00e1n inconformes con el sistema que las oprime, por lo que van a continuar moviliz\u00e1ndose por la defensa y conquista de sus derechos. Y en estas luchas, las mujeres del pueblo est\u00e1n llamadas a cumplir un destacado papel desatando su furia revolucionaria para destruir, adem\u00e1s de las tres monta\u00f1as que oprimen al pueblo en las naciones oprimidas (imperialismo, semifeudalidad y capitalismo burocr\u00e1tico), una cuarta monta\u00f1a sobre sus espaldas que representa la opresi\u00f3n a la mujer.<\/p>\n\n\n\n<figure class=\"wp-block-image aligncenter size-full\"><img loading=\"lazy\" decoding=\"async\" width=\"768\" height=\"512\" src=\"https:\/\/nuevademocracia.com.co\/wp-content\/uploads\/2022\/10\/Iran-03.jpg\" alt=\"\" class=\"wp-image-24932\" srcset=\"https:\/\/nuevademocracia.com.co\/wp-content\/uploads\/2022\/10\/Iran-03.jpg 768w, https:\/\/nuevademocracia.com.co\/wp-content\/uploads\/2022\/10\/Iran-03-300x200.jpg 300w\" sizes=\"auto, (max-width: 768px) 100vw, 768px\" \/><figcaption><mark style=\"background-color:rgba(0, 0, 0, 0)\" class=\"has-inline-color has-black-color\"><em>Protesta por el asesinato de la mujer kurda de 22 a\u00f1os Mahsa Amini en Ir\u00e1n, en la ciudad de Qamishli, controlada por los kurdos, en el noreste de Siria el 26 de septiembre. Foto: agencia Reuters.<\/em><\/mark><\/figcaption><\/figure>\n","protected":false},"excerpt":{"rendered":"<p>El pasado 14 de septiembre la polic\u00eda de la moral de Ir\u00e1n asesin\u00f3 a la joven de 22 a\u00f1os Mahsa Amini, de origen kurdo, por llevar mal puesto el Hiyab o velo isl\u00e1mico con el que se cubren el cabello; tortur\u00e1ndola mientras era trasladada al centro de detenci\u00f3n. Ya en la comisar\u00eda, la joven cay\u00f3 [&hellip;]<\/p>\n","protected":false},"author":1,"featured_media":24932,"comment_status":"open","ping_status":"open","sticky":false,"template":"","format":"standard","meta":{"footnotes":""},"categories":[16,31],"tags":[60,61,18,41],"class_list":["post-24930","post","type-post","status-publish","format-standard","has-post-thumbnail","hentry","category-carrusel","category-internacional","tag-iran","tag-opresion-a-la-mujer","tag-protestas","tag-represion-estatal"],"blocksy_meta":[],"_links":{"self":[{"href":"https:\/\/nuevademocracia.com.co\/index.php?rest_route=\/wp\/v2\/posts\/24930","targetHints":{"allow":["GET"]}}],"collection":[{"href":"https:\/\/nuevademocracia.com.co\/index.php?rest_route=\/wp\/v2\/posts"}],"about":[{"href":"https:\/\/nuevademocracia.com.co\/index.php?rest_route=\/wp\/v2\/types\/post"}],"author":[{"embeddable":true,"href":"https:\/\/nuevademocracia.com.co\/index.php?rest_route=\/wp\/v2\/users\/1"}],"replies":[{"embeddable":true,"href":"https:\/\/nuevademocracia.com.co\/index.php?rest_route=%2Fwp%2Fv2%2Fcomments&post=24930"}],"version-history":[{"count":1,"href":"https:\/\/nuevademocracia.com.co\/index.php?rest_route=\/wp\/v2\/posts\/24930\/revisions"}],"predecessor-version":[{"id":24935,"href":"https:\/\/nuevademocracia.com.co\/index.php?rest_route=\/wp\/v2\/posts\/24930\/revisions\/24935"}],"wp:featuredmedia":[{"embeddable":true,"href":"https:\/\/nuevademocracia.com.co\/index.php?rest_route=\/wp\/v2\/media\/24932"}],"wp:attachment":[{"href":"https:\/\/nuevademocracia.com.co\/index.php?rest_route=%2Fwp%2Fv2%2Fmedia&parent=24930"}],"wp:term":[{"taxonomy":"category","embeddable":true,"href":"https:\/\/nuevademocracia.com.co\/index.php?rest_route=%2Fwp%2Fv2%2Fcategories&post=24930"},{"taxonomy":"post_tag","embeddable":true,"href":"https:\/\/nuevademocracia.com.co\/index.php?rest_route=%2Fwp%2Fv2%2Ftags&post=24930"}],"curies":[{"name":"wp","href":"https:\/\/api.w.org\/{rel}","templated":true}]}}