{"id":24953,"date":"2022-10-11T11:39:24","date_gmt":"2022-10-11T16:39:24","guid":{"rendered":"http:\/\/nuevademocracia.com.co\/?p=24953"},"modified":"2024-07-10T13:44:57","modified_gmt":"2024-07-10T18:44:57","slug":"el-discurso-de-petro-en-la-onu-insurgente-u-obediente","status":"publish","type":"post","link":"https:\/\/nuevademocracia.com.co\/?p=24953","title":{"rendered":"Editorial &#8211; El discurso de Petro en la ONU: \u00bfinsurgente u obediente?"},"content":{"rendered":"\n<figure class=\"wp-block-image aligncenter size-large\"><img loading=\"lazy\" decoding=\"async\" width=\"1024\" height=\"559\" src=\"https:\/\/nuevademocracia.com.co\/wp-content\/uploads\/2022\/10\/Editorial-3-opc1-web-1024x559.png\" alt=\"\" class=\"wp-image-24954\" srcset=\"https:\/\/nuevademocracia.com.co\/wp-content\/uploads\/2022\/10\/Editorial-3-opc1-web-1024x559.png 1024w, https:\/\/nuevademocracia.com.co\/wp-content\/uploads\/2022\/10\/Editorial-3-opc1-web-300x164.png 300w, https:\/\/nuevademocracia.com.co\/wp-content\/uploads\/2022\/10\/Editorial-3-opc1-web-768x419.png 768w, https:\/\/nuevademocracia.com.co\/wp-content\/uploads\/2022\/10\/Editorial-3-opc1-web-1536x838.png 1536w, https:\/\/nuevademocracia.com.co\/wp-content\/uploads\/2022\/10\/Editorial-3-opc1-web-2048x1117.png 2048w\" sizes=\"auto, (max-width: 1024px) 100vw, 1024px\" \/><figcaption><mark style=\"background-color:rgba(0, 0, 0, 0)\" class=\"has-inline-color has-black-color\"><em>El discurso de Petro en la ONU y su reciente reuni\u00f3n con Antony Blinken ratific\u00f3 la condici\u00f3n semicolonial de nuestro pa\u00eds y la confianza de los imperialistas yanquis en el nuevo gobierno oportunista. Dise\u00f1o de <a href=\"https:\/\/www.instagram.com\/xcalvinho_\/\">@xcalvinho_<\/a> <\/em><\/mark><\/figcaption><\/figure>\n\n\n\n<p class=\"has-black-color has-text-color\">Revuelo produjo en redes sociales y medios de comunicaci\u00f3n el discurso de Petro durante la reciente Asamblea de la ONU. Las diferentes facciones y grupos de las clases dominantes vertieron sus opiniones, agudizando la contienda que actualmente se desenvuelve en el seno de los opresores entre la derecha y la extrema derecha. Esta \u00faltima, representada principalmente en el Centro Democr\u00e1tico, el partido de Uribe. En la derecha se agrupan todos los partidos de la coalici\u00f3n de gobierno: desde los partidos oportunistas de la falsa \u201cizquierda\u201d: el Pacto Hist\u00f3rico, el Polo, la Alianza Verde, el PCC, etc., hasta los partidos tradicionales y sus disidencias: el Partido Conservador, el Partido Liberal y el Partido de la U.<\/p>\n\n\n\n<p class=\"has-black-color has-text-color\">Como siempre las voces m\u00e1s sonoras y polemizantes fueron las del Pacto Hist\u00f3rico y las del Centro Democr\u00e1tico. Los congresistas uribistas sostuvieron que el discurso hab\u00eda sido \u201cuna defensa del narcotr\u00e1fico\u201d, una \u201cofensa a las grandes potencias\u201d, que \u201csolo culpaba a otros sin asumir responsabilidad\u201d, que \u201cda\u00f1aba las relaciones internacionales\u201d y lo acus\u00f3 de ser una sarta de \u201cpendejadas\u201d, \u201cestupideces\u201d, \u201ctonter\u00edas\u201d, etc. En contraste, la bancada parlamentaria del partido de gobierno y sus seguidores no escatimaron elogios al discurso de su jefe: \u201cconmovedor\u201d, \u201cmagistral\u201d. \u201chist\u00f3rico\u201d, \u201cvaliente\u201d, hasta \u201cinsurgente\u201d lo llam\u00f3 el propio Petro; seg\u00fan ellos, este fue un discurso \u201cantiestadounidense\u201d, \u201cque no se alinea con el norte\u201d, que \u201cle cant\u00f3 la tabla a los gringos en su cara\u201d, que demostraba que \u201cse acabaron los 200 a\u00f1os de lamerle los pies a naciones extranjeras\u201d, \u201cque el tiempo de arrodillarse ante los imperios del mundo se acab\u00f3\u201d, que \u201cPetro se par\u00f3 ante el mundo para decir que Colombia no se vende m\u00e1s, no se arrodilla m\u00e1s\u201d.<\/p>\n\n\n\n<p class=\"has-black-color has-text-color\">A juzgar por estas palabras, el discurso de Petro habr\u00eda sido un verdadero alzamiento contra el imperialismo. Eso explicar\u00eda que los uribistas -que siempre han sido orgullosos lacayos del imperialismo yanqui- tilden sus palabras de \u201cofensa a las grandes potencias\u201d, y al mismo tiempo, encajar\u00eda con que los petristas -que entre el movimiento popular dicen ser defensores del pueblo y la naci\u00f3n- vean en las palabras de Petro a \u201cun hombre capaz de defender la dignidad de este pa\u00eds (\u2026) de poner por encima de todo los intereses de su naci\u00f3n\u201d.<\/p>\n\n\n\n<p class=\"has-black-color has-text-color\">No cabe duda que la naci\u00f3n sue\u00f1a con liberarse del secular yugo imperialista, pero hay que cuidarse de pensar con el deseo. Obtener esta libertad requiere necesariamente que sus mejores hijos agucen sus sentidos y eleven su entendimiento para aprender a diferenciar el verdadero antimperialismo del oportunismo, para lograr descubrir los verdaderos intereses que se esconden tras pomposas declaraciones y promesas. Si desechamos la c\u00e1scara para quedarnos con el grano, si analizamos la esencia de las palabras y acciones de Petro, quitando el velo metaf\u00f3rico y la ret\u00f3rica grandilocuente, emerger\u00e1 claro que no hay all\u00ed ning\u00fan antimperialismo, que, por el contrario, tras la demagogia para el pueblo lo que hay es sumisi\u00f3n al imperialismo. Su estilo y su tono s\u00ed que son \u201chist\u00f3ricos\u201d, pues hacen de este discurso en la ONU el primero de un presidente colombiano que puede catalogarse como un verdadero alzamiento sumiso.<\/p>\n\n\n\n<p class=\"has-black-color has-text-color\">Antes de exponer el an\u00e1lisis que nos ha conducido a esta aseveraci\u00f3n, perm\u00edtasenos hacer un resumen sobre lo m\u00e1s destacado del discurso.<\/p>\n\n\n\n<p class=\"has-black-color has-text-color\">El eje de todo el discurso de Petro es la defensa de la vida y la paz en la tierra, en particular la defensa de la selva, amenazada por la destrucci\u00f3n ambiental. Responsabiliza al \u201cnorte\u201d -que tambi\u00e9n llama \u201clas relaciones de poder\u201d o \u201cel poder mundial\u201d- de la destrucci\u00f3n de la selva con glifosato (para eliminar la mata de coca) o por \u201cno evitar que se siga quemando\u201d, y de la violencia y muerte que generan la guerra contra las drogas. Lo acusa de solo interesarse en Colombia para \u201cmatarle su selva y extraer el carb\u00f3n y el petr\u00f3leo de sus entra\u00f1as\u201d, de ser un \u201cpoder irracional\u201d que mientras culpa la coca protege el petr\u00f3leo y el carb\u00f3n \u201cas\u00ed su uso pueda extinguir a toda la humanidad\u201d, que no ve en el \u201cmercado que recorta la existencia\u201d la causa de la tristeza y soledad de sus sociedades sino que culpan \u201ca la selva y a quienes la habitan\u201d.<\/p>\n\n\n\n<p class=\"has-black-color has-text-color\">Seguidamente Petro nos dice que la causa de todo esto est\u00e1 en la adicci\u00f3n del \u201cnorte\u201d al consumo, petr\u00f3leo, dinero, ganancia y al poder irracional, lo que m\u00e1s adelante en su discurso sintetiza as\u00ed: \u201cLa causa del desastre clim\u00e1tico es el capital. La l\u00f3gica de relacionarnos para consumir cada vez m\u00e1s, producir cada vez m\u00e1s, y para que algunos ganen cada vez m\u00e1s produce el desastre clim\u00e1tico\u201d. Y esto tambi\u00e9n es causa de la guerra y raz\u00f3n de su fracaso, por eso dice: \u201cla guerra contra las drogas ha fracasado. La lucha contra la crisis clim\u00e1tica ha fracasado\u201d, les recrimina que \u201ccuando hab\u00eda que alejarse cuanto antes del carb\u00f3n y del petr\u00f3leo se inventaron una guerra y otra y otra\u201d y que \u201ctomaron las guerras como excusa para no actuar contra la crisis clim\u00e1tica\u201d. Finalmente, les advierte que si contin\u00faan con la \u201cirracional\u201d guerra contra las drogas \u201cver\u00e1n morir el sue\u00f1o de la democracia tanto en mi Am\u00e9rica como en la Am\u00e9rica anglosajona\u201d.<\/p>\n\n\n\n<p class=\"has-black-color has-text-color\">Tambi\u00e9n invoca a estos pa\u00edses la soluci\u00f3n de tales problemas. Les dice: \u201cDenle un golpe de raz\u00f3n a su poder. Prendan de nuevo las luces del siglo\u201d. Afirma que \u201cdisminuir el consumo de drogas no necesita de guerras, necesita que todos construyamos una mejor sociedad: una sociedad m\u00e1s solidaria, m\u00e1s afectuosa, donde la intensidad de la vida salve de las adicciones y de las nuevas esclavitudes\u201d. \u201c\u00bfQuieren menos drogas?\u201d -pregunta y seguidamente responde- \u201cPiensen en menos ganancias y en m\u00e1s amores. Piensen en un ejercicio racional del poder\u201d. Les dice: \u201cay\u00fadennos sin hipocres\u00edas a salvar la Selva Amaz\u00f3nica para salvar la vida de la humanidad en el planeta\u201d.<\/p>\n\n\n\n<p class=\"has-black-color has-text-color\">Termina invitando a este \u201cpoder mundial\u201d a \u201cdetener la guerra y el desastre clim\u00e1tico\u201d, a \u201cpermitir que nuestro pueblo viva en paz\u201d, a \u201cdialogar para parar la guerra\u201d porque \u201ces la hora de la paz\u201d. \u201cDesde Am\u00e9rica Latina, convocamos a Ucrania y Rusia a hacer la paz\u201d. Finalmente les llama en concreto a dar recursos para salvar la selva o a reducir la deuda externa para usar estos dineros con ese mismo prop\u00f3sito.&nbsp;<\/p>\n\n\n\n<p class=\"has-black-color has-text-color\">Y concluye con estas palabras: \u201cSolo en paz podremos salvar la vida en esta nuestra tierra. No hay paz total, sin justicia social, econ\u00f3mica y ambiental. Estamos en guerra, tambi\u00e9n, con el planeta. Sin paz con el planeta, no habr\u00e1 paz entre las naciones. Sin justicia social, no hay paz social\u201d.<\/p>\n\n\n\n<p class=\"has-black-color has-text-color\">Ahora s\u00ed entremos al an\u00e1lisis. Petro responsabiliza al \u201cnorte\u201d del envenenamiento de la selva por el glifosato, centrando en el problema ambiental y no en lo principal: la opresi\u00f3n sobre el campesinado y el pueblo; adem\u00e1s evita llamar por su nombre al causante de esta guerra: el imperialismo yanqui, escondiendo as\u00ed el verdadero car\u00e1cter de agresi\u00f3n sobre el pueblo y la naci\u00f3n de la guerra contra las drogas, tratando esta como si fuera una desclasada y despersonalizada confrontaci\u00f3n que opone: la avaricia del capital a la belleza de la naturaleza.<\/p>\n\n\n\n<p class=\"has-black-color has-text-color\">La guerra contra las drogas impulsada por el imperialismo, principalmente el yanqui, adem\u00e1s de servir a mantener lucrativo uno de los m\u00e1s grandes y rentables negocios del mundo del cual se benefician de diferentes formas las potencias mundiales, sobre todo ha sido y es parte integrante de la estrategia militar del imperialismo yanqui para dominar los pa\u00edses oprimidos; en nombre de la guerra contra las drogas se env\u00edan tropas y establecen bases militares en el tercer mundo y se desenvuelve la guerra contrainsurgente bajo mando del imperialismo principalmente yanqui. Hay ejemplos muy conocidos en Afganist\u00e1n y Nicaragua por ejemplo, pero para los colombianos basta con ilustrar esto con el Plan Colombia, que formulado como plan de guerra contra las drogas, fue en verdad un plan para combatir a las guerrillas colombianas y al movimiento campesino y popular.<\/p>\n\n\n\n<p class=\"has-black-color has-text-color\">Aunque Petro diga que en su discurso \u201cson\u00f3 la voz de los campesinos, de los negros, de las ind\u00edgenas\u201d, un campesino no hubiese centrado su discurso en la defensa de la selva, sin duda levantar\u00eda su voz para denunciar la guerra contra las drogas por: 1) la erradicaci\u00f3n manual y la fumigaci\u00f3n que acaban con su \u00fanico cultivo rentable en muchas de las zonas del pa\u00eds en donde fue arrinconado, de un pa\u00eds en que la tierra m\u00e1s plana, central y f\u00e9rtil esta acaparada por los terratenientes, el mercado de insumos y productos agr\u00edcolas est\u00e1 dominado por el gran capital local y extranjero, y en que el atraso del campo en tecnolog\u00eda, carreteras, servicios, etc., hace que en muchas zonas sea poco o nada competitiva la producci\u00f3n de productos l\u00edcitos. 2) La fumigaci\u00f3n que destruye sus cultivos de pancoger, afecta su salud y contamina suelos y aguas 3) la criminalizaci\u00f3n y represi\u00f3n a la que es sometido, siendo encarcelado o asesinado por las fuerzas represivas del viejo estado.<\/p>\n\n\n\n<p class=\"has-black-color has-text-color\">As\u00ed las cosas, en primer lugar, al Petro sostener que la \u201cguerra contra las drogas ha fracasado\u201d porque despu\u00e9s de 40 a\u00f1os de desenvolverla el consumo se ha elevado, hace eco a la enga\u00f1osa apariencia altruista (disminuir el consumo) con que se nos vende esta guerra, velando su esencia de guerra reaccionaria, de ser negocio y guerra contra el pueblo. En segundo lugar, al decir al \u201cnorte\u201d que si contin\u00faan con la \u201cirracional\u201d guerra contra las drogas \u201cver\u00e1n morir el sue\u00f1o de la democracia tanto en mi Am\u00e9rica como en la Am\u00e9rica anglosajona\u201d, echa m\u00e1s tierra en los ojos del pueblo, haci\u00e9ndole creer que hoy hay democracia para \u00e9l, cuando en todo el mundo hoy la \u00fanica democracia es para los de arriba, para los de abajo solo hay dictadura.<\/p>\n\n\n\n<p class=\"has-black-color has-text-color\">Adem\u00e1s Petro ni siquiera menciona en su discurso a Estados Unidos, quien cre\u00f3 y ha dirigido siempre la guerra contra las drogas. Aunque sus defensores digan que el discurso fue \u201cantiestadounidense\u201d, el propio Petro en una entrevista los desmiente cuando dice: \u201cno mencion\u00e9 siquiera en todo el discurso la palabra EEUU, dije \u201custedes\u201d En realidad es un sistema, no es un pa\u00eds (\u2026) Ese ustedes es Naciones Unidas, m\u00e1s que un pa\u00eds u otro\u201d. Y m\u00e1s adelante reitera expl\u00edcitamente \u201cel discurso pod\u00eda ser tomado como antinorteamericano, cosa que no es\u201d. Peor a\u00fan, orgullosamente dijo que \u201cel discurso de Macron fue similar\u201d al suyo y que los discursos que \u00e9l y Blinken dieron -en un evento posterior sobre \u201cseguridad alimentaria\u201d al que fue invitado por Biden luego de dar el discurso en la ONU- fueron muy similares., \u00a1\u00d3igase bien! \u00a1Los discursos de Petro \u2013lo dice \u00e9l mismo- fueron similares al del gobierno del imperialismo franc\u00e9s y al del secreto de estado del imperialismo yanqui! Indudablemente eso mata la m\u00e1s m\u00ednima sospecha de que Petro en su discurso -como deliran los petristas- le haya \u201ccantado la tabla a los gringos en su cara\u201d.<\/p>\n\n\n\n<p class=\"has-black-color has-text-color\">Pero continuemos con el hilo del discurso. As\u00ed como en esta primera parte el autor evadi\u00f3 hablar del imperialismo yanqui como el verdadero responsable de la guerra contra las drogas, aludiendo a un sujeto social et\u00e9reo: el \u201cnorte\u201d, el \u201csistema\u201d, \u201clas relaciones de poder\u201d, al tratar las causas, va a continuar en esta l\u00ednea de eludir se\u00f1alar los verdaderos responsables pol\u00edticos, pero ahora lo har\u00e1 acudiendo al terreno personal de los sentimientos, arguyendo que la causa del desastre ambiental est\u00e1 en la \u201cadicci\u00f3n\u201d al consumo,&nbsp; petr\u00f3leo, dinero, ganancia y al poder irracional.<\/p>\n\n\n\n<p class=\"has-black-color has-text-color\">Hacia la parte final de su discurso, Petro va m\u00e1s all\u00e1 y sentencia que \u201cla causa del desastre clim\u00e1tico es el capital, la l\u00f3gica de relacionarnos para consumir cada vez m\u00e1s, para producir cada vez m\u00e1s y para que algunos pocos ganen cada vez m\u00e1s\u201d. Con esto parece que estuviera yendo a la verdadera fuente del desastre ambiental: el sistema capitalista, pero en verdad no toca su esencia, din\u00e1mica y sus responsables. El desastre ambiental no es producto de \u201cconsumir m\u00e1s, producir m\u00e1s y unos pocos ganar m\u00e1s\u201d. Adem\u00e1s el problema no es del capital como algo despersonalizado ni meramente econ\u00f3mico, el problema es el imperialismo y las clases que desde el poder pol\u00edtico, desde los Estados, principalmente imperialistas, lo dirigen y perpet\u00faan.<\/p>\n\n\n\n<p class=\"has-black-color has-text-color\">La raz\u00f3n por la que el desastre ambiental es producto del capitalismo y espec\u00edficamente hoy del imperialismo -su fase superior-, es que en este sistema social una minor\u00eda, los grandes burgueses y los terratenientes, aprovech\u00e1ndose de ser poseedora de los medios de producci\u00f3n, explota el trabajo de una mayor\u00eda con poco o ning\u00fan medio de producci\u00f3n, apropi\u00e1ndose de gran parte del trabajo social. Esta minor\u00eda, que adem\u00e1s detenta el poder pol\u00edtico, no le interesa m\u00e1s que su ganancia y por ello en su af\u00e1n lucrativo degrada inmensamente la naturaleza, sin importar el perjuicio que para la mayor\u00eda esto ocasiona. La \u201cadicci\u00f3n al consumo, petr\u00f3leo, dinero, ganancia y al poder irracional\u201d no es un conjunto de sentimientos desclasados, es parte de la ideolog\u00eda y pol\u00edtica de las clases explotadoras que les sirve a mantener su poder econ\u00f3mico y pol\u00edtico, a garantizar que la inmensa mayor\u00eda siga trabajando para ellos.<\/p>\n\n\n\n<p class=\"has-black-color has-text-color\">El imperialismo es tambi\u00e9n la causa de las guerras de hoy. La dominaci\u00f3n de un pu\u00f1ado de pa\u00edses imperialistas sobre la mayor\u00eda de las naciones desata guerras de agresi\u00f3n del imperialismo a estas, y guerras revolucionarias de estos pueblos en busca de su liberaci\u00f3n. La contienda mundial entre las potencias imperialistas por el nuevo reparto de las naciones oprimidas (por materias primas, mano de obra, mercados), desencadena guerras imperialistas como la primera y segunda guerras mundiales. Como ense\u00f1a el marxismo, mientras exista el imperialismo habr\u00e1 guerras, para acabar con la guerra hay que acabar con el imperialismo.&nbsp;<\/p>\n\n\n\n<p class=\"has-black-color has-text-color\">Pero \u00bfpor qu\u00e9 Petro no va al fondo del problema ambiental, de la guerra contra las drogas y no acusa directamente al imperialismo yanqui de ser el causante principal de esta guerra, del desastre ambiental y del cambio clim\u00e1tico a \u00e9l asociado? Porque Petro, como los dem\u00e1s presidentes de Colombia, es el representante de turno del viejo Estado de grandes burgueses y terratenientes al servicio del imperialismo, porque es el presidente de una semicolonia del imperialismo yanqui y como tal, su ideolog\u00eda y su pol\u00edtica es la de un gran burgu\u00e9s fiel lacayo del imperialismo, un vendepatria. La particularidad de la facci\u00f3n de las clases dominantes que encabeza Petro, que no quita su esencia reaccionaria, sino que antes confunde al pueblo, es su careta de \u201cizquierda\u201d, su pol\u00edtica de reformas, paz y subsidios econ\u00f3micos para las masas que apunta a apaciguar su aguda lucha que se expres\u00f3 elevadamente en el Gran Levantamiento Popular de 2021.&nbsp;<\/p>\n\n\n\n<p class=\"has-black-color has-text-color\">Que este discurso no es de un rebelde sino de un lacayo, que con Petro no acaba, por parte de los presidentes de Colombia, \u201clos 200 a\u00f1os de lamerle los pies a naciones extranjeras\u201d, lo ratifica la soluci\u00f3n que propone a estos problemas. El nuevo presidente lo que hace es rogar a los pa\u00edses imperialistas la soluci\u00f3n al problema que ellos mismos generaron: los llama a ser \u201cracionales\u201d en su poder! (sic!), a construir \u201cuna sociedad m\u00e1s solidaria, m\u00e1s afectuosa\u201d (Sic!), a que si quieren menos drogas \u201c\u00a1piensen en menos ganancias y m\u00e1s amores!\u201d (sic!) y les mendiga recursos para \u201csalvar la Amazon\u00eda y as\u00ed salvar la humanidad\u201d! Les ruega que \u00a1\u201cdetengan la guerra\u201d! (sic!).<\/p>\n\n\n\n<p class=\"has-black-color has-text-color\">Pero la traici\u00f3n a la patria del nuevo gobierno en tan solo dos meses ha ido mucho m\u00e1s all\u00e1 de su discurso en la ONU. Sus pol\u00edticas est\u00e1n dentro de los planes del imperialismo yanqui. Contin\u00faa aplicando la guerra contra las drogas que: sigue fumigando con glifosato y realizando erradicaci\u00f3n forzada de la coca en contra del campesinado. Avanza en construir una reforma agraria \u201cde la mano de EEUU\u201d: en diferentes eventos en ese pa\u00eds llam\u00f3 a las grandes corporaciones yanquis a invertir sus capitales en la producci\u00f3n agraria en Colombia. Adem\u00e1s, propuso al Comando Sur de EEUU crear una \u201cfuerza militar con helic\u00f3pteros destinada a apagar los fuegos de la selva amaz\u00f3nica\u201d, sirviendo al viejo y a\u00f1orado plan del imperialismo yanqui de apoderarse del Amazonas y sus riquezas. Con raz\u00f3n Antony Blinken, secretario de estado de EEUU afirm\u00f3 tras su reuni\u00f3n de alto nivel con el gobierno de Petro afirm\u00f3 que APOYA firmemente el enfoque del nuevo gobierno frente a las drogas y tambi\u00e9n recientemente la comandante del Comando Sur reafirm\u00f3, luego de un encuentro con Petro, que \u201cColombia es nuestro aliado principal, en seguridad, de la regi\u00f3n\u201d.<\/p>\n\n\n\n<p class=\"has-black-color has-text-color\">El imperialismo es dominaci\u00f3n, guerra, miseria, explotaci\u00f3n, destrucci\u00f3n del medio ambiente, etc., y no puede cambiar su car\u00e1cter. Son las masas las que hacen la historia y transforman la sociedad por medio de su lucha y de las revoluciones sociales. Todas las palabras y acciones que nublen la conciencia de las masas sobre esta realidad, sirven a profundizar el car\u00e1cter semicolonial de nuestra sociedad. Solo en la lucha organizada y consciente de las masas podemos cifrar la esperanza de acabar con estos problemas, barriendo el imperialismo y mand\u00e1ndolo al basurero de la historia junto con todos sus lacayos y oportunistas.<\/p>\n","protected":false},"excerpt":{"rendered":"<p>Revuelo produjo en redes sociales y medios de comunicaci\u00f3n el discurso de Petro durante la reciente Asamblea de la ONU. Las diferentes facciones y grupos de las clases dominantes vertieron sus opiniones, agudizando la contienda que actualmente se desenvuelve en el seno de los opresores entre la derecha y la extrema derecha. Esta \u00faltima, representada [&hellip;]<\/p>\n","protected":false},"author":1,"featured_media":24954,"comment_status":"open","ping_status":"open","sticky":false,"template":"","format":"standard","meta":{"footnotes":""},"categories":[16,4,10],"tags":[64,32,5],"class_list":["post-24953","post","type-post","status-publish","format-standard","has-post-thumbnail","hentry","category-carrusel","category-colombia","category-editorial","tag-guerra-contra-las-drogas","tag-imperialismo","tag-petro"],"blocksy_meta":[],"_links":{"self":[{"href":"https:\/\/nuevademocracia.com.co\/index.php?rest_route=\/wp\/v2\/posts\/24953","targetHints":{"allow":["GET"]}}],"collection":[{"href":"https:\/\/nuevademocracia.com.co\/index.php?rest_route=\/wp\/v2\/posts"}],"about":[{"href":"https:\/\/nuevademocracia.com.co\/index.php?rest_route=\/wp\/v2\/types\/post"}],"author":[{"embeddable":true,"href":"https:\/\/nuevademocracia.com.co\/index.php?rest_route=\/wp\/v2\/users\/1"}],"replies":[{"embeddable":true,"href":"https:\/\/nuevademocracia.com.co\/index.php?rest_route=%2Fwp%2Fv2%2Fcomments&post=24953"}],"version-history":[{"count":2,"href":"https:\/\/nuevademocracia.com.co\/index.php?rest_route=\/wp\/v2\/posts\/24953\/revisions"}],"predecessor-version":[{"id":26530,"href":"https:\/\/nuevademocracia.com.co\/index.php?rest_route=\/wp\/v2\/posts\/24953\/revisions\/26530"}],"wp:featuredmedia":[{"embeddable":true,"href":"https:\/\/nuevademocracia.com.co\/index.php?rest_route=\/wp\/v2\/media\/24954"}],"wp:attachment":[{"href":"https:\/\/nuevademocracia.com.co\/index.php?rest_route=%2Fwp%2Fv2%2Fmedia&parent=24953"}],"wp:term":[{"taxonomy":"category","embeddable":true,"href":"https:\/\/nuevademocracia.com.co\/index.php?rest_route=%2Fwp%2Fv2%2Fcategories&post=24953"},{"taxonomy":"post_tag","embeddable":true,"href":"https:\/\/nuevademocracia.com.co\/index.php?rest_route=%2Fwp%2Fv2%2Ftags&post=24953"}],"curies":[{"name":"wp","href":"https:\/\/api.w.org\/{rel}","templated":true}]}}