{"id":24959,"date":"2022-10-11T11:55:55","date_gmt":"2022-10-11T16:55:55","guid":{"rendered":"http:\/\/nuevademocracia.com.co\/?p=24959"},"modified":"2022-10-11T11:55:56","modified_gmt":"2022-10-11T16:55:56","slug":"una-oleada-de-protestas-por-la-crisis-energetica-sacude-a-europa","status":"publish","type":"post","link":"https:\/\/nuevademocracia.com.co\/?p=24959","title":{"rendered":"Una oleada de protestas por la crisis energ\u00e9tica sacude a Europa"},"content":{"rendered":"\n<p class=\"has-black-color has-text-color\">La guerra de agresi\u00f3n del imperialismo ruso a Ucrania ha generado pugnas importantes entre los pa\u00edses imperialistas, una de esas pugnas interimperialistas m\u00e1s importantes es la que actualmente se da entre la Uni\u00f3n Europea (UE), con Alemania a la cabeza, y Rusia. La UE sancion\u00f3 con medidas pol\u00edticas y econ\u00f3micas a Rusia, entre ellas, la prohibici\u00f3n para hacer transacciones a Europa desde los bancos rusos principales y la prohibici\u00f3n de exportaciones de instrumentos para aeronaves, alta tecnolog\u00eda, petr\u00f3leo y carb\u00f3n. Rusia respondi\u00f3 reduciendo las exportaciones de gas y cerrando el gasoducto Nordstream 1. Europa importa el 40% del gas desde Rusia, esta medida ha hecho que el gas tenga que ser transportado de otras formas encareciendo el servicio en general del gas en todos los pa\u00edses de Europa.<\/p>\n\n\n\n<p class=\"has-black-color has-text-color\">Las pugnas imperialistas nunca han tra\u00eddo beneficios a las masas, todo lo contrario, sobre los hombros de las masas es donde recaen todas las consecuencias. Todo este contexto ligado al alza general del costo de vida en todo el mundo ha generado en algunos pa\u00edses de Europa una profunda indignaci\u00f3n por los precios del gas y otros servicios energ\u00e9ticos que ha sacado a miles de personas a las calles, situaci\u00f3n que se agudiza con la llegada del invierno. En Italia, los precios del gas y la energ\u00eda subieron un 60% en los \u00faltimos 2 meses lo que llev\u00f3 a que cientos de personas protestaran quemando sus recibos de gas y energ\u00eda a las afueras de bancos importantes; En Bruselas, B\u00e9lgica, el pasado 21 de septiembre unas 10.000 personas se concentraron para protestar por los altos costos de los alimentos y la energ\u00eda; en Alemania, el 27 de septiembre, aproximadamente 24.000 personas protestaron en contra de las medidas a la crisis energ\u00e9tica por parte del gobierno, entre la cuales se encuentra el alza generalizada de los costos y, al igual que en Suiza, medidas para reducir el consumo donde amenazan con sanciones a hogares que utilicen la calefacci\u00f3n arriba de los 19\u00b0 grados cent\u00edgrados. Sobre el pueblo de toda Europa recaen las consecuencias de una guerra de agresi\u00f3n imperialista y sumado a esto, la recesi\u00f3n mundial, el imperialismo en descomposici\u00f3n. Quieren que sea el pueblo el que pague los platos rotos y los someten a aguantar frio, a congelarlos hasta la muerte y a ahorcarlos con alzas generales del costo de vida. Pero con el frio no lograr\u00e1n apagar la llama revolucionaria de las masas y ser\u00e1n estas las que se sigan levantando incluso en el invierno por mejorar sus condiciones de vida y por el fin de los cr\u00edmenes de los pa\u00edses imperialistas en todo el mundo.<\/p>\n\n\n\n<figure class=\"wp-block-image aligncenter size-large\"><img loading=\"lazy\" decoding=\"async\" width=\"1024\" height=\"576\" src=\"https:\/\/nuevademocracia.com.co\/wp-content\/uploads\/2022\/10\/belgica-1024x576.webp\" alt=\"\" class=\"wp-image-24960\" srcset=\"https:\/\/nuevademocracia.com.co\/wp-content\/uploads\/2022\/10\/belgica-1024x576.webp 1024w, https:\/\/nuevademocracia.com.co\/wp-content\/uploads\/2022\/10\/belgica-300x169.webp 300w, https:\/\/nuevademocracia.com.co\/wp-content\/uploads\/2022\/10\/belgica-768x432.webp 768w, https:\/\/nuevademocracia.com.co\/wp-content\/uploads\/2022\/10\/belgica.webp 1440w\" sizes=\"auto, (max-width: 1024px) 100vw, 1024px\" \/><figcaption><em><mark style=\"background-color:rgba(0, 0, 0, 0)\" class=\"has-inline-color has-black-color\">Protestas en B\u00e9lgica el pasado 21 de septiembre en rechazo a los altos costos de los alimentos y la energ\u00eda<\/mark><\/em><\/figcaption><\/figure>\n\n\n\n<figure class=\"wp-block-image aligncenter size-full\"><img loading=\"lazy\" decoding=\"async\" width=\"750\" height=\"375\" src=\"https:\/\/nuevademocracia.com.co\/wp-content\/uploads\/2022\/10\/protestierende-verbrennen-ihre-750x375-1.jpg\" alt=\"\" class=\"wp-image-24961\" srcset=\"https:\/\/nuevademocracia.com.co\/wp-content\/uploads\/2022\/10\/protestierende-verbrennen-ihre-750x375-1.jpg 750w, https:\/\/nuevademocracia.com.co\/wp-content\/uploads\/2022\/10\/protestierende-verbrennen-ihre-750x375-1-300x150.jpg 300w\" sizes=\"auto, (max-width: 750px) 100vw, 750px\" \/><figcaption><em><mark style=\"background-color:rgba(0, 0, 0, 0)\" class=\"has-inline-color has-black-color\">Protestas en Alemania el pasado 27 de septiembre ante las duras medidas del reaccionario Estado alem\u00e1n contra el pueblo<\/mark><\/em><\/figcaption><\/figure>\n","protected":false},"excerpt":{"rendered":"<p>La guerra de agresi\u00f3n del imperialismo ruso a Ucrania ha generado pugnas importantes entre los pa\u00edses imperialistas, una de esas pugnas interimperialistas m\u00e1s importantes es la que actualmente se da entre la Uni\u00f3n Europea (UE), con Alemania a la cabeza, y Rusia. La UE sancion\u00f3 con medidas pol\u00edticas y econ\u00f3micas a Rusia, entre ellas, la [&hellip;]<\/p>\n","protected":false},"author":1,"featured_media":24960,"comment_status":"open","ping_status":"open","sticky":false,"template":"","format":"standard","meta":{"footnotes":""},"categories":[31],"tags":[65,67,66,18],"class_list":["post-24959","post","type-post","status-publish","format-standard","has-post-thumbnail","hentry","category-internacional","tag-costo-de-vida","tag-europa","tag-inflacion","tag-protestas"],"blocksy_meta":[],"_links":{"self":[{"href":"https:\/\/nuevademocracia.com.co\/index.php?rest_route=\/wp\/v2\/posts\/24959","targetHints":{"allow":["GET"]}}],"collection":[{"href":"https:\/\/nuevademocracia.com.co\/index.php?rest_route=\/wp\/v2\/posts"}],"about":[{"href":"https:\/\/nuevademocracia.com.co\/index.php?rest_route=\/wp\/v2\/types\/post"}],"author":[{"embeddable":true,"href":"https:\/\/nuevademocracia.com.co\/index.php?rest_route=\/wp\/v2\/users\/1"}],"replies":[{"embeddable":true,"href":"https:\/\/nuevademocracia.com.co\/index.php?rest_route=%2Fwp%2Fv2%2Fcomments&post=24959"}],"version-history":[{"count":1,"href":"https:\/\/nuevademocracia.com.co\/index.php?rest_route=\/wp\/v2\/posts\/24959\/revisions"}],"predecessor-version":[{"id":24962,"href":"https:\/\/nuevademocracia.com.co\/index.php?rest_route=\/wp\/v2\/posts\/24959\/revisions\/24962"}],"wp:featuredmedia":[{"embeddable":true,"href":"https:\/\/nuevademocracia.com.co\/index.php?rest_route=\/wp\/v2\/media\/24960"}],"wp:attachment":[{"href":"https:\/\/nuevademocracia.com.co\/index.php?rest_route=%2Fwp%2Fv2%2Fmedia&parent=24959"}],"wp:term":[{"taxonomy":"category","embeddable":true,"href":"https:\/\/nuevademocracia.com.co\/index.php?rest_route=%2Fwp%2Fv2%2Fcategories&post=24959"},{"taxonomy":"post_tag","embeddable":true,"href":"https:\/\/nuevademocracia.com.co\/index.php?rest_route=%2Fwp%2Fv2%2Ftags&post=24959"}],"curies":[{"name":"wp","href":"https:\/\/api.w.org\/{rel}","templated":true}]}}