{"id":24964,"date":"2022-10-25T11:18:18","date_gmt":"2022-10-25T16:18:18","guid":{"rendered":"https:\/\/nuevademocracia.com.co\/?p=24964"},"modified":"2022-10-25T11:18:19","modified_gmt":"2022-10-25T16:18:19","slug":"emergencia-invernal-negligencia-estatal","status":"publish","type":"post","link":"https:\/\/nuevademocracia.com.co\/?p=24964","title":{"rendered":"Emergencia invernal, negligencia estatal"},"content":{"rendered":"\n<p class=\"has-black-color has-text-color\">En lo que va corrido del 2022 el pa\u00eds ha tenido dos grandes olas invernales que han azotado principalmente a las familias m\u00e1s pobres del campo y la ciudad. Los r\u00edos que recorren el territorio nacional se han desbordado, se han producido grandes deslizamientos de tierra, lluvias torrenciales han generado inundaciones y pueblos enteros de zonas rurales han quedado incomunicados.<\/p>\n\n\n\n<p class=\"has-black-color has-text-color\">Durante la primera ola invernal, el 6 de abril, en la vereda La Antigua del municipio de Abriaqu\u00ed, Antioquia, un grupo de 14 trabajadores de la mina de oro El Porvenir, murieron por una avalancha que destruy\u00f3 el campamento y la parte de la entrada de la mina donde ellos estaban en ese momento.<\/p>\n\n\n\n<p class=\"has-black-color has-text-color\">En septiembre, en el barrio popular Villa L\u00eda, del municipio de Itag\u00fc\u00ed y en el corregimiento de San Antonio de Prado m\u00e1s de 100 familias fueron afectadas por las graves inundaciones. Y en el municipio de Dabeiba se tuvo que evacuar incluso el hospital local por la creciente de cuatro quebradas.<\/p>\n\n\n\n<figure class=\"wp-block-image aligncenter size-full\"><img loading=\"lazy\" decoding=\"async\" width=\"749\" height=\"562\" src=\"https:\/\/nuevademocracia.com.co\/wp-content\/uploads\/2022\/10\/Foto1_OlaInvernal1.jpg\" alt=\"\" class=\"wp-image-24965\" srcset=\"https:\/\/nuevademocracia.com.co\/wp-content\/uploads\/2022\/10\/Foto1_OlaInvernal1.jpg 749w, https:\/\/nuevademocracia.com.co\/wp-content\/uploads\/2022\/10\/Foto1_OlaInvernal1-300x225.jpg 300w\" sizes=\"auto, (max-width: 749px) 100vw, 749px\" \/><figcaption><mark style=\"background-color:rgba(0, 0, 0, 0)\" class=\"has-inline-color has-black-color\"><em><strong>Villa L\u00eda, municipio de Itag\u00fc\u00ed. Fuente: El Colombiano<\/strong><\/em><\/mark><\/figcaption><\/figure>\n\n\n\n<p class=\"has-black-color has-text-color\">Situaciones como estas se han estado presentando en todo el territorio y al parecer as\u00ed continuar\u00e1 ocurriendo. Seg\u00fan El Colombiano solo en Antioquia se han visto afectados 80 municipios de los 125 del departamento y en Medell\u00edn a septiembre de este a\u00f1o, van al menos 150 mil damnificados por la ola invernal, con casos graves como el deslizamiento en Manrique (sector Palos Verdes) en donde quedaron 5 locales y 22 viviendas afectadas.<\/p>\n\n\n\n<p class=\"has-black-color has-text-color\">Si bien este es un fen\u00f3meno que claramente obedece a causas naturales, cabe preguntarnos si la organizaci\u00f3n actual de la sociedad, de explotaci\u00f3n de una clase sobre otra, garantiza que las diferentes familias que habitan el territorio cuentan con la capacidad de responder a estas situaciones.<\/p>\n\n\n\n<p><\/p>\n\n\n\n<p class=\"has-black-color has-text-color\"><strong>\u00bfNos afecta a todos por igual?<\/strong><\/p>\n\n\n\n<p class=\"has-black-color has-text-color\">Claramente no. El fen\u00f3meno clim\u00e1tico de La Ni\u00f1a, presente este a\u00f1o y que en nuestro pa\u00eds acrecienta los periodos de lluvia y su intensidad, solo ha agudizado la desigualdad imperante en la sociedad. Seg\u00fan La Republica \u201cel 80% de las familias afectadas por la ola invernal vive en condiciones de vulnerabilidad y las familias damnificadas no tienen cobertura de programas estatales de lucha contra la pobreza\u201d. Como vimos en la pandemia, las masas populares son quienes principalmente sufren las consecuencias de las crisis econ\u00f3micas, sociales y ambientales, dado que el sistema est\u00e1 dise\u00f1ado para que los pobres sean cada vez m\u00e1s pobres y los ricos sigan siendo cada vez m\u00e1s ricos a costa del sudor del pueblo.<\/p>\n\n\n\n<p class=\"has-black-color has-text-color\">Sabemos que el pueblo vive en zonas de riesgo, en las laderas, a las orillas de r\u00edos y quebradas, pero <strong>\u00bfpor qu\u00e9? <\/strong><strong>\u00bf<\/strong><strong>Acaso <\/strong><strong>e<\/strong><strong>l pueblo elige vivir en esas condiciones?<\/strong><strong><\/strong><\/p>\n\n\n\n<p class=\"has-black-color has-text-color\">Las condiciones de vida de las masas trabajadoras son muy precarias. Seg\u00fan Portafolio \u201cun tercio del pa\u00eds tiene d\u00e9ficit habitacional\u201d, es decir que 18,2 millones de colombianos no tienen vivienda digna. Seg\u00fan el DANE el 36,9% de los hogares viven en arriendo o subarriendo (pertenecientes a estratos 1, 2 y 3), claramente los sectores populares no pueden acceder a vivienda propia y escasamente se puede pagar un arriendo y comer. En julio de 2022 la tasa de informalidad fue del 58,1% y la tasa de desempleo nacional del 10,6%, lo que nos muestra los escasos ingresos del pueblo trabajador, quienes en el mejor de los casos se ganan un salario m\u00ednimo. Las masas populares por necesidad viven en zonas de riesgo y tienen viviendas de mala calidad, muchas veces ranchos, en donde viven m\u00e1s de una familia (seg\u00fan un estudio publicado en 2019, en el barrio Moravia ubicado en la ciudad de Medell\u00edn, se tiene que por hogar viven en promedio 12 personas, por habitaci\u00f3n 9 personas y una cama es para m\u00ednimo 3 personas. Cifras del alto hacinamiento en que viven los sectores populares). Esta situaci\u00f3n se agrava con el desplazamiento forzado que viven las familias campesinas. En 2021 hubo 107 eventos de desplazamiento forzado que afectaron a m\u00e1s de 46 mil personas, a septiembre de 2022 ya van 92 desplazamientos.<\/p>\n\n\n\n<p><\/p>\n\n\n\n<p class=\"has-black-color has-text-color\"><strong>\u00bfEsta es una problem\u00e1tica nueva? \u00bfQu\u00e9 ha hecho el Estado?<\/strong><\/p>\n\n\n\n<p class=\"has-black-color has-text-color\">No es nueva. La emergencia invernal m\u00e1s grande que ha vivido el pa\u00eds en los \u00faltimos a\u00f1os fue en 2010-2011 y dejo m\u00e1s de tres millones quinientos mil damnificados. En esa \u00e9poca se cre\u00f3 un fondo nacional de previsiones para la emergencia invernal, con los impuestos del pueblo trabajador para la reconstrucci\u00f3n de viviendas y ayudas a los damnificados.<\/p>\n\n\n\n<p class=\"has-black-color has-text-color\">En el Cauca hubo en la vereda Portachuelo un nuevo deslizamiento en 2019 que afecto a las mismas 90 familias, damnificadas de la ola invernal anterior, estas familias hab\u00edan tenido que reconstruir con sus propias manos, sus viviendas porque el fondo de previsiones solo hab\u00eda avanzado el 9% en la construcci\u00f3n de las viviendas contratadas, adem\u00e1s de que se desconoce el paradero de la empresa que iba a llevar a cabo dicho contrato y no se ha querido divulgar su nombre o propietarios, seg\u00fan el reporte de Telesur. Caso similar en Catatumbo, en el municipio de El Tarra, donde en 2018 las familias damnificadas salieron a protestar exigiendo al gobierno la reconstrucci\u00f3n de sus casas prometidas, porque las familias no hab\u00edan recibido, siete a\u00f1os despu\u00e9s, ninguna ayuda, siendo una comunidad priorizada para las ayudas por las grandes p\u00e9rdidas que vivi\u00f3 en esa \u00e9poca, caso denunciado por medios locales (el informador de San Jorge).<\/p>\n\n\n\n<p class=\"has-black-color has-text-color\">La sistem\u00e1tica corrupci\u00f3n, el desentendimiento y negligencia con los derechos y la vida del pueblo trabajador no es m\u00e1s que una muestra de la falsa democracia que pregonan las clases dominantes, en donde a trav\u00e9s del Estado buscan profundizar y sostener la explotaci\u00f3n sobre las masas populares, en donde su vida no es m\u00e1s que cifras en un papel, como se vivi\u00f3 en el barrio Villatina de Medell\u00edn, este 27 de septiembre se cumplieron 35 a\u00f1os de una tragedia anunciada sin precedentes, un derrumbe que sepult\u00f3 a 500 personas en 1987, derrumbe previsto por el pueblo y que desde 1980, siete a\u00f1os antes de la cat\u00e1strofe, estaba denunciando en las calles y exigiendo la intervenci\u00f3n del Estado como lo podemos observar en fotograf\u00edas hist\u00f3ricas de la \u00e9poca. No es de extra\u00f1ar que las crisis clim\u00e1ticas tambi\u00e9n las paguen los pobres. Sobre las masas populares recae este sistema de explotaci\u00f3n y todo en \u00e9l est\u00e1 dise\u00f1ado para salvar a un pu\u00f1ado hundiendo a las grandes mayor\u00edas. Claramente el camino de las masas para afrontar esta y todas las dem\u00e1s crisis es la lucha, la lucha organizada, independiente y combativa, la lucha por la exigencia de una vivienda digna, de unas buenas condiciones de vida, lucha estrechamente ligada a la lucha por la toma de tierras en el campo y en la ciudad bajo la consiga de <strong>\u00a1tierra para quien la trabaja!<\/strong> y <strong>\u00a1vivienda para quien la necesita!<\/strong><\/p>\n\n\n\n<figure class=\"wp-block-image aligncenter size-full\"><img loading=\"lazy\" decoding=\"async\" width=\"756\" height=\"756\" src=\"https:\/\/nuevademocracia.com.co\/wp-content\/uploads\/2022\/10\/Foto2_OlaInvernal1.jpg\" alt=\"\" class=\"wp-image-24966\" srcset=\"https:\/\/nuevademocracia.com.co\/wp-content\/uploads\/2022\/10\/Foto2_OlaInvernal1.jpg 756w, https:\/\/nuevademocracia.com.co\/wp-content\/uploads\/2022\/10\/Foto2_OlaInvernal1-300x300.jpg 300w, https:\/\/nuevademocracia.com.co\/wp-content\/uploads\/2022\/10\/Foto2_OlaInvernal1-150x150.jpg 150w\" sizes=\"auto, (max-width: 756px) 100vw, 756px\" \/><figcaption><mark style=\"background-color:rgba(0, 0, 0, 0)\" class=\"has-inline-color has-black-color\"><strong><em>Protesta comunidad de Villatina en 1980. Fuente: Movimiento Laderas (Facebook)<\/em><\/strong><\/mark><\/figcaption><\/figure>\n","protected":false},"excerpt":{"rendered":"<p>En lo que va corrido del 2022 el pa\u00eds ha tenido dos grandes olas invernales que han azotado principalmente a las familias m\u00e1s pobres del campo y la ciudad. Los r\u00edos que recorren el territorio nacional se han desbordado, se han producido grandes deslizamientos de tierra, lluvias torrenciales han generado inundaciones y pueblos enteros de [&hellip;]<\/p>\n","protected":false},"author":1,"featured_media":24965,"comment_status":"open","ping_status":"open","sticky":false,"template":"","format":"standard","meta":{"footnotes":""},"categories":[16,4],"tags":[68,69],"class_list":["post-24964","post","type-post","status-publish","format-standard","has-post-thumbnail","hentry","category-carrusel","category-colombia","tag-emergencia-invernal","tag-negligencia-estatal"],"blocksy_meta":[],"_links":{"self":[{"href":"https:\/\/nuevademocracia.com.co\/index.php?rest_route=\/wp\/v2\/posts\/24964","targetHints":{"allow":["GET"]}}],"collection":[{"href":"https:\/\/nuevademocracia.com.co\/index.php?rest_route=\/wp\/v2\/posts"}],"about":[{"href":"https:\/\/nuevademocracia.com.co\/index.php?rest_route=\/wp\/v2\/types\/post"}],"author":[{"embeddable":true,"href":"https:\/\/nuevademocracia.com.co\/index.php?rest_route=\/wp\/v2\/users\/1"}],"replies":[{"embeddable":true,"href":"https:\/\/nuevademocracia.com.co\/index.php?rest_route=%2Fwp%2Fv2%2Fcomments&post=24964"}],"version-history":[{"count":1,"href":"https:\/\/nuevademocracia.com.co\/index.php?rest_route=\/wp\/v2\/posts\/24964\/revisions"}],"predecessor-version":[{"id":24967,"href":"https:\/\/nuevademocracia.com.co\/index.php?rest_route=\/wp\/v2\/posts\/24964\/revisions\/24967"}],"wp:featuredmedia":[{"embeddable":true,"href":"https:\/\/nuevademocracia.com.co\/index.php?rest_route=\/wp\/v2\/media\/24965"}],"wp:attachment":[{"href":"https:\/\/nuevademocracia.com.co\/index.php?rest_route=%2Fwp%2Fv2%2Fmedia&parent=24964"}],"wp:term":[{"taxonomy":"category","embeddable":true,"href":"https:\/\/nuevademocracia.com.co\/index.php?rest_route=%2Fwp%2Fv2%2Fcategories&post=24964"},{"taxonomy":"post_tag","embeddable":true,"href":"https:\/\/nuevademocracia.com.co\/index.php?rest_route=%2Fwp%2Fv2%2Ftags&post=24964"}],"curies":[{"name":"wp","href":"https:\/\/api.w.org\/{rel}","templated":true}]}}