{"id":24975,"date":"2022-11-18T11:46:05","date_gmt":"2022-11-18T16:46:05","guid":{"rendered":"https:\/\/nuevademocracia.com.co\/?p=24975"},"modified":"2022-11-18T12:05:44","modified_gmt":"2022-11-18T17:05:44","slug":"inflacion-y-hambre-en-colombia","status":"publish","type":"post","link":"https:\/\/nuevademocracia.com.co\/?p=24975","title":{"rendered":"Inflaci\u00f3n y hambre en Colombia"},"content":{"rendered":"\n<p class=\"has-black-color has-text-color\">La angustia de los hogares del pueblo colombiano crece al ritmo de los precios del costo de vida. Este fen\u00f3meno, conocido como inflaci\u00f3n, que lleva a que cada vez el dinero valga menos, ha tenido los mayores valores desde 1999. La inflaci\u00f3n acumulada durante el 2022 se registr\u00f3 en 11,4% (valores hasta septiembre), siendo los alimentos y servicios p\u00fablicos los que m\u00e1s han aumentado.<\/p>\n\n\n\n<p class=\"has-black-color has-text-color\">Como los m\u00e1s pobres gastan casi todos sus ingresos en estos productos b\u00e1sicos (en alimentaci\u00f3n por ejemplo gastan el 24%), el costo de vida subi\u00f3 para las grandes mayor\u00edas m\u00e1s de un 13%. El panorama es grave, y se corrobora al contrastar estos aumentos con el salario m\u00ednimo, que a pesar de la propaganda del anterior gobierno de turno, del reaccionario Iv\u00e1n Duque, que anunci\u00f3 el a\u00f1o pasado un \u201caumento hist\u00f3rico\u201d, \u00e9ste viene disminuyendo su capacidad adquisitiva real: seg\u00fan cifras del DANE, de julio de 2019 a julio de 2022 (3 a\u00f1os) la inflaci\u00f3n de alimentos fue de 43%, mientras que el salario m\u00ednimo en este mismo periodo subi\u00f3 25%. Es decir, los trabajadores cada vez tienen que dejar mayor parte de su salario para alimentaci\u00f3n, negando directamente las posibilidades de acceso a otros derechos como recreaci\u00f3n y cultura, y poniendo en riesgo la propia posibilidad de subsistencia al tener en cuenta costos b\u00e1sicos como arriendo, servicios o transporte. A esto se suma el agravante de que un 30% de los trabajadores ganan menos del salario m\u00ednimo, completando el panorama de pobreza y miseria de la naci\u00f3n, con 39,3% de pobreza monetaria (seg\u00fan cifras oficiales del Estado). \u201cLos pobres cada vez m\u00e1s pobres\u201d no es un simple refr\u00e1n, es un hecho que golpea al pueblo trabajador, es una realidad que se siente en todos los rincones del pa\u00eds y que hace que el hambre toque a la puerta de m\u00e1s hogares.<\/p>\n\n\n\n<p class=\"has-black-color has-text-color\">Lejos de un panorama tranquilizador, la inflaci\u00f3n no est\u00e1 por frenar. Uno de los factores que ha generado su aumento en el \u00faltimo tiempo ha sido el precio del d\u00f3lar que sube en todo el mundo y con particular fuerza en Colombia, lo que afecta directamente todos los productos importados, incluyendo el 30% de los alimentos. Pero tambi\u00e9n afecta una gran cantidad de productos nacionales que necesitan elementos importados para su producci\u00f3n, como el caso de los alimentos que se cultivan en el pa\u00eds, pues dependen de agroqu\u00edmicos que se importan.<\/p>\n\n\n\n<p class=\"has-black-color has-text-color\">A pesar del panorama anteriormente descrito, en que el salario no cubre las necesidades m\u00e1s b\u00e1sicas, el gobierno oportunista de Petro y Francia mantiene la misma pol\u00edtica de los gobiernos reaccionarios anteriores en cuanto al presupuesto nacional: el mayor valor se destina a pago de deuda ($78 billones), muy por encima de educaci\u00f3n ($54,8 billones) que es el siguiente valor m\u00e1s alto, dando un mensaje de tranquilidad al imperialismo y sector financiero nacional, asegurando el pago cumplido de las deudas usureras a las que nos han atado como naci\u00f3n, por encima de las necesidades m\u00e1s b\u00e1sicas y sentidas de la poblaci\u00f3n como la tierra y la educaci\u00f3n.<\/p>\n\n\n\n<p class=\"has-black-color has-text-color\">El descontento del pueblo -apaciguado temporalmente por la esperanza de cambio con el nuevo gobierno- se manifestar\u00e1 nuevamente en las calles. Las promesas no sacian el hambre y las medidas antipopulares del nuevo gobierno se acumulan r\u00e1pidamente. El pueblo colombiano nuevamente se sumar\u00e1 a la furia de las masas en el mundo en busca de salidas que aseguren su pan y sus derechos.<\/p>\n","protected":false},"excerpt":{"rendered":"<p>La angustia de los hogares del pueblo colombiano crece al ritmo de los precios del costo de vida. Este fen\u00f3meno, conocido como inflaci\u00f3n, que lleva a que cada vez el dinero valga menos, ha tenido los mayores valores desde 1999. La inflaci\u00f3n acumulada durante el 2022 se registr\u00f3 en 11,4% (valores hasta septiembre), siendo los [&hellip;]<\/p>\n","protected":false},"author":1,"featured_media":24922,"comment_status":"open","ping_status":"open","sticky":false,"template":"","format":"standard","meta":{"footnotes":""},"categories":[4],"tags":[65,66],"class_list":["post-24975","post","type-post","status-publish","format-standard","has-post-thumbnail","hentry","category-colombia","tag-costo-de-vida","tag-inflacion"],"blocksy_meta":[],"_links":{"self":[{"href":"https:\/\/nuevademocracia.com.co\/index.php?rest_route=\/wp\/v2\/posts\/24975","targetHints":{"allow":["GET"]}}],"collection":[{"href":"https:\/\/nuevademocracia.com.co\/index.php?rest_route=\/wp\/v2\/posts"}],"about":[{"href":"https:\/\/nuevademocracia.com.co\/index.php?rest_route=\/wp\/v2\/types\/post"}],"author":[{"embeddable":true,"href":"https:\/\/nuevademocracia.com.co\/index.php?rest_route=\/wp\/v2\/users\/1"}],"replies":[{"embeddable":true,"href":"https:\/\/nuevademocracia.com.co\/index.php?rest_route=%2Fwp%2Fv2%2Fcomments&post=24975"}],"version-history":[{"count":2,"href":"https:\/\/nuevademocracia.com.co\/index.php?rest_route=\/wp\/v2\/posts\/24975\/revisions"}],"predecessor-version":[{"id":24986,"href":"https:\/\/nuevademocracia.com.co\/index.php?rest_route=\/wp\/v2\/posts\/24975\/revisions\/24986"}],"wp:featuredmedia":[{"embeddable":true,"href":"https:\/\/nuevademocracia.com.co\/index.php?rest_route=\/wp\/v2\/media\/24922"}],"wp:attachment":[{"href":"https:\/\/nuevademocracia.com.co\/index.php?rest_route=%2Fwp%2Fv2%2Fmedia&parent=24975"}],"wp:term":[{"taxonomy":"category","embeddable":true,"href":"https:\/\/nuevademocracia.com.co\/index.php?rest_route=%2Fwp%2Fv2%2Fcategories&post=24975"},{"taxonomy":"post_tag","embeddable":true,"href":"https:\/\/nuevademocracia.com.co\/index.php?rest_route=%2Fwp%2Fv2%2Ftags&post=24975"}],"curies":[{"name":"wp","href":"https:\/\/api.w.org\/{rel}","templated":true}]}}