{"id":24987,"date":"2022-11-18T12:12:46","date_gmt":"2022-11-18T17:12:46","guid":{"rendered":"https:\/\/nuevademocracia.com.co\/?p=24987"},"modified":"2022-11-18T12:12:47","modified_gmt":"2022-11-18T17:12:47","slug":"actuacion-del-esmad-a-tres-mes-del-nuevo-gobierno","status":"publish","type":"post","link":"https:\/\/nuevademocracia.com.co\/?p=24987","title":{"rendered":"Actuaci\u00f3n del ESMAD a tres mes del nuevo gobierno"},"content":{"rendered":"\n<p class=\"has-black-color has-text-color\">Una de las promesas de campa\u00f1a de Petro fue acabar con el ESMAD, pero sus \u2018deseos\u2019 se contraponen a sus actos, pues lo ha utilizado bastante en tan s\u00f3lo tres meses de gobierno. El ESMAD ha actuado para reprimir y desalojar \u201cpredios invadidos\u201d, en contra de los \u201cinvasores de tierra\u201d, que en realidad son campesinos y pueblo trabajador que luchan por vivienda digna y tierra para trabajar. A continuaci\u00f3n informamos brevemente siete intervenciones del ESMAD durante el gobierno actual:<\/p>\n\n\n\n<p class=\"has-black-color has-text-color\"><strong>Chimichagua, Cesar<\/strong><\/p>\n\n\n\n<p class=\"has-black-color has-text-color\">El 5 de octubre el ESMAD arremeti\u00f3 con la fuerza y gases lacrim\u00f3genos en contra de 400 familias campesinas para desalojarlas del terreno conocido como \u201cLa Oficina\u201d. El pueblo declara tener m\u00e1s de 10 a\u00f1os de arraigo en la regi\u00f3n y que esto \u201cno es un desalojo, sino un despojo de nuestras tierras\u201d, adem\u00e1s que \u201csi nos despojan de estos territorios, no tenemos d\u00f3nde ir, no tenemos d\u00f3nde cultivar, no tenemos ni conocemos otra actividad de d\u00f3nde nosotros podamos sustentarnos, queremos que nos escuchen; no queremos que nos abandonen, como siempre lo han hecho los gobiernos anteriores\u201d. <\/p>\n\n\n\n<figure class=\"wp-block-image aligncenter size-large\"><img loading=\"lazy\" decoding=\"async\" width=\"1024\" height=\"576\" src=\"https:\/\/nuevademocracia.com.co\/wp-content\/uploads\/2022\/10\/ESMAD-01-1024x576.jpeg\" alt=\"\" class=\"wp-image-24941\" srcset=\"https:\/\/nuevademocracia.com.co\/wp-content\/uploads\/2022\/10\/ESMAD-01-1024x576.jpeg 1024w, https:\/\/nuevademocracia.com.co\/wp-content\/uploads\/2022\/10\/ESMAD-01-300x169.jpeg 300w, https:\/\/nuevademocracia.com.co\/wp-content\/uploads\/2022\/10\/ESMAD-01-768x432.jpeg 768w, https:\/\/nuevademocracia.com.co\/wp-content\/uploads\/2022\/10\/ESMAD-01.jpeg 1200w\" sizes=\"auto, (max-width: 1024px) 100vw, 1024px\" \/><figcaption class=\"wp-element-caption\"><mark style=\"background-color:rgba(0, 0, 0, 0)\" class=\"has-inline-color has-black-color\"><em>Bloqueos por parte de campesinos en v\u00edas de Pailitas (Cesar) en rechazo a los desalojos a los procesos de recuperaci\u00f3n de tierras en esta zona del pa\u00eds. Foto: Semana<\/em><\/mark><\/figcaption><\/figure>\n\n\n\n<p class=\"has-black-color has-text-color\"><strong>El Cagu\u00e1n, zona rural de Neiva, Huila.<\/strong><\/p>\n\n\n\n<p class=\"has-black-color has-text-color\">El 26 de agosto el ESMAD intent\u00f3 desalojar de forma violenta a m\u00e1s de 200 personas que ocuparon un predio en El Cagu\u00e1n.&nbsp; La comunidad resisti\u00f3 ferozmente, la polic\u00eda hiri\u00f3 a 5 personas y dos polic\u00edas fueron lesionados. El pueblo sigui\u00f3 ocupando este terreno y tras un mes, el 28 de septiembre, la Polic\u00eda Nacional realiz\u00f3 un mega-operativo que cont\u00f3 con m\u00e1s de 500 efectivos, maquinaria pesada y 7 tanquetas del ESMAD para desalojar y tumbar los cambuches que la comunidad hab\u00eda construido. Una madre de 55 a\u00f1os dijo \u201cEst\u00e1bamos aqu\u00ed no para robarnos unas tierras sino para luchar por una vivienda para nuestros hijos, yo tengo cuatro, soy madre cabeza de hogar, no tengo c\u00f3mo pagar arriendo, queremos que el Alcalde y el Presidente sean conscientes y nos ayuden\u201d.<\/p>\n\n\n\n<p class=\"has-black-color has-text-color\"><strong>Predio Aldovea, al oriente de Cali<\/strong><\/p>\n\n\n\n<p class=\"has-black-color has-text-color\">Entre el 6 y el 14 de octubre, con volquetas, camiones, gr\u00faas, retroexcavadoras, 1.600 efectivos del ESMAD y polic\u00eda y 2.000 funcionarios de la alcald\u00eda llevaron a cabo un masivo desalojo de 1.500 familias (5.000 personas) que llevaban dos a\u00f1os viviendo en el lugar. La orden de desalojo se ten\u00eda hace m\u00e1s de un a\u00f1o, pero solo con el \u201cgobierno del cambio\u201d se concret\u00f3 convirti\u00e9ndose en el desalojo m\u00e1s grande en la historia de Cali. El pueblo resisti\u00f3 con cadenas humanas, barricadas, enfrentamientos, pero finalmente el Estado logr\u00f3 llevar a cabo el desalojo sin dar una soluci\u00f3n a las familias. \u201cNos est\u00e1n tratando como un objeto, la mayor\u00eda de los que estamos ac\u00e1 somos desplazados de la Costa Pac\u00edfica y si nos sacan no tenemos para donde irnos. No queremos albergue, lo que queremos es que nos den una vivienda digna\u201d.<\/p>\n\n\n\n<p class=\"has-black-color has-text-color\"><strong>La Cauquita, al oriente de Cali<\/strong><\/p>\n\n\n\n<p class=\"has-black-color has-text-color\">El 19 de octubre, con cadenas humanas, llantas incineradas y escombros, los habitantes intentaron evitar el desalojo por parte de 1.200 polic\u00edas y ESMAD y 500 funcionarios, de 287 viviendas (1.500 personas) ubicadas en la invasi\u00f3n La Cauquita o Villa Mercedes, una invasi\u00f3n que se form\u00f3 desde el 26 de mayo de 2021. En medio del gran paro nacional, cuando el pueblo tom\u00f3 un lote para llevar a cabo por cuenta propia su justa reivindicaci\u00f3n de vivienda. Augusta Minota, una de las madres jefes de hogar que fue desalojada dijo al peri\u00f3dico El Pa\u00eds: \u201cnos vinimos de Buenaventura pensando que ac\u00e1 pod\u00edamos tener un futuro y llegamos a esta zona, ahora estamos en la calle, pens\u00e9 que nos iban a reubicar y no fue as\u00ed, no s\u00e9 qu\u00e9 voy a hacer\u201d.<\/p>\n\n\n\n<figure class=\"wp-block-image aligncenter size-large is-resized\"><img loading=\"lazy\" decoding=\"async\" src=\"https:\/\/nuevademocracia.com.co\/wp-content\/uploads\/2022\/11\/01-desalojo-Esmad-1024x576.jpg\" alt=\"\" class=\"wp-image-24988\" width=\"840\" height=\"472\" srcset=\"https:\/\/nuevademocracia.com.co\/wp-content\/uploads\/2022\/11\/01-desalojo-Esmad-1024x576.jpg 1024w, https:\/\/nuevademocracia.com.co\/wp-content\/uploads\/2022\/11\/01-desalojo-Esmad-300x169.jpg 300w, https:\/\/nuevademocracia.com.co\/wp-content\/uploads\/2022\/11\/01-desalojo-Esmad-768x432.jpg 768w, https:\/\/nuevademocracia.com.co\/wp-content\/uploads\/2022\/11\/01-desalojo-Esmad.jpg 1280w\" sizes=\"auto, (max-width: 840px) 100vw, 840px\" \/><figcaption class=\"wp-element-caption\"><em><mark style=\"background-color:rgba(0, 0, 0, 0)\" class=\"has-inline-color has-black-color\">Desalojos masivos en Cali. Fotos: Que Hubo, El Pa\u00eds y Qu\u00e9Pasa.<\/mark><\/em><\/figcaption><\/figure>\n\n\n\n<p class=\"has-black-color has-text-color\"><strong>Zona rural del municipio de Galapa, &#8211; Atl\u00e1ntico<\/strong><\/p>\n\n\n\n<p class=\"has-black-color has-text-color\">Entre el 20 y el 23 de octubre un desalojo de unas 600 personas se llev\u00f3 a cabo por m\u00e1s de 700 agentes del ESMAD, polic\u00eda y funcionarios de la alcald\u00eda, a familias que se tomaron desde hace 6 meses un lote de 70 hect\u00e1reas al que llamaban \u201cLa gloria de Dios\u201d, donde se hab\u00edan levantado decenas de viviendas. El desalojo no les fue f\u00e1cil, pues las familias resistieron al ESMAD y realizaron un bloqueo total de una v\u00eda importante de la regi\u00f3n paralizando el tr\u00e1fico. Uno de los habitantes mencion\u00f3 \u201cEs preocupante porque muchas personas como yo hemos hecho gastos para vivir ah\u00ed, aqu\u00ed hay muchas familias con ni\u00f1os. Si uno no tuviera la necesidad de tener una vivienda, no estar\u00eda aqu\u00ed, ni aguant\u00e1ndome el corre que corre con que si viene el Ej\u00e9rcito o el ESMAD. Si tuvi\u00e9ramos la oportunidad de comprar una casa lo hici\u00e9ramos, para no estar invadiendo estas tierras\u201d.<\/p>\n\n\n\n<p class=\"has-black-color has-text-color\">D\u00edas despu\u00e9s, m\u00e1s de 100 personas volvieron a retomar el lote y fueron recibidos a bala por hombres que trabajan para el due\u00f1o del predio y en medio de estos hechos fue asesinado Antonio Evilla P\u00e9rez, de 44 a\u00f1os. Uno de los pobladores mencion\u00f3: \u201call\u00ed no hay personal de vigilancia, ah\u00ed lo que vemos son unos encapuchados sin ning\u00fan tipo de identificaci\u00f3n como personal de seguridad. La mayor\u00eda iban a buscar unos enseres, como era el caso de Evilla P\u00e9rez, pero no contaban con que les iban a disparar\u00bb.<\/p>\n\n\n\n<p class=\"has-black-color has-text-color\"><strong>Necocl\u00ed &#8211; Antioquia<\/strong><\/p>\n\n\n\n<p class=\"has-black-color has-text-color\">El 20 de octubre, un combativo bloqueo durante 24 horas de la v\u00eda Turbo-Necocl\u00ed fue realizado por 87 familias, en rechazo a la tentativa de desalojo de un lote en que llevan viviendo desde hace 30 a\u00f1os. La actuaci\u00f3n del pueblo evit\u00f3 por quinta vez el intento desalojo en lo que va del a\u00f1o. La polic\u00eda mencion\u00f3 que el desalojo debe ser con la intervenci\u00f3n del ESMAD y que se detuvo para garantizar la seguridad del Presidente que estar\u00eda en Turbo inaugurando los llamados di\u00e1logos regionales.<\/p>\n\n\n\n<p class=\"has-black-color has-text-color\"><strong>C\u00facuta<\/strong><\/p>\n\n\n\n<p class=\"has-black-color has-text-color\">En la ma\u00f1ana del lunes 24 de octubre, 400 familias fueron desalojadas de un lote que se hab\u00edan tomado desde hac\u00eda tres meses y medio, en medio del cuarto intento de desalojo violento por parte las fuerzas policiales. Durante el brutal desalojo salieron heridas varias personas, entre ellos ni\u00f1os, ancianos y mujeres en embarazo. A una abuelita le dio un infarto y una de las mujeres embazadas podr\u00eda haber perdido su beb\u00e9.<\/p>\n\n\n\n<p class=\"has-black-color has-text-color\">Todos estos hechos de desalojos y represi\u00f3n policial contras las clases populares son una clara muestra de c\u00f3mo se va cayendo la careta del oportunista gobierno \u201cdel cambio\u201d. Mientras prometieron el cielo y tierra para \u201clos nadies\u201d, a punta de ESMAD y represi\u00f3n han hecho masivos desalojos por todo el pa\u00eds al pueblo que impulsa tomas de tierra para garantizar por cuenta propia el derecho a una vivienda digna.<\/p>\n\n\n\n<figure class=\"wp-block-image aligncenter size-large\"><img loading=\"lazy\" decoding=\"async\" width=\"1024\" height=\"576\" src=\"https:\/\/nuevademocracia.com.co\/wp-content\/uploads\/2022\/11\/02-desalojo-Esmad-1024x576.jpg\" alt=\"\" class=\"wp-image-24989\" srcset=\"https:\/\/nuevademocracia.com.co\/wp-content\/uploads\/2022\/11\/02-desalojo-Esmad-1024x576.jpg 1024w, https:\/\/nuevademocracia.com.co\/wp-content\/uploads\/2022\/11\/02-desalojo-Esmad-300x169.jpg 300w, https:\/\/nuevademocracia.com.co\/wp-content\/uploads\/2022\/11\/02-desalojo-Esmad-768x432.jpg 768w, https:\/\/nuevademocracia.com.co\/wp-content\/uploads\/2022\/11\/02-desalojo-Esmad.jpg 1280w\" sizes=\"auto, (max-width: 1024px) 100vw, 1024px\" \/><figcaption class=\"wp-element-caption\"><em><mark style=\"background-color:rgba(0, 0, 0, 0)\" class=\"has-inline-color has-black-color\">Desalojos efectuados por las fuerzas represivas del Estado en Atl\u00e1ntico (arriba izquierda), C\u00facuta (abajo izquierda) y Cali (arriba y abajo derecha). Fotos: La opini\u00f3n, Twitter, el Tiempo y el Heraldo<\/mark><\/em><\/figcaption><\/figure>\n\n\n\n<p><\/p>\n","protected":false},"excerpt":{"rendered":"<p>Una de las promesas de campa\u00f1a de Petro fue acabar con el ESMAD, pero sus \u2018deseos\u2019 se contraponen a sus actos, pues lo ha utilizado bastante en tan s\u00f3lo tres meses de gobierno. El ESMAD ha actuado para reprimir y desalojar \u201cpredios invadidos\u201d, en contra de los \u201cinvasores de tierra\u201d, que en realidad son campesinos [&hellip;]<\/p>\n","protected":false},"author":1,"featured_media":24988,"comment_status":"open","ping_status":"open","sticky":false,"template":"","format":"standard","meta":{"footnotes":""},"categories":[16,4],"tags":[21,73,18,41,74],"class_list":["post-24987","post","type-post","status-publish","format-standard","has-post-thumbnail","hentry","category-carrusel","category-colombia","tag-campesinos","tag-desalojos","tag-protestas","tag-represion-estatal","tag-vivienda"],"blocksy_meta":[],"_links":{"self":[{"href":"https:\/\/nuevademocracia.com.co\/index.php?rest_route=\/wp\/v2\/posts\/24987","targetHints":{"allow":["GET"]}}],"collection":[{"href":"https:\/\/nuevademocracia.com.co\/index.php?rest_route=\/wp\/v2\/posts"}],"about":[{"href":"https:\/\/nuevademocracia.com.co\/index.php?rest_route=\/wp\/v2\/types\/post"}],"author":[{"embeddable":true,"href":"https:\/\/nuevademocracia.com.co\/index.php?rest_route=\/wp\/v2\/users\/1"}],"replies":[{"embeddable":true,"href":"https:\/\/nuevademocracia.com.co\/index.php?rest_route=%2Fwp%2Fv2%2Fcomments&post=24987"}],"version-history":[{"count":1,"href":"https:\/\/nuevademocracia.com.co\/index.php?rest_route=\/wp\/v2\/posts\/24987\/revisions"}],"predecessor-version":[{"id":24990,"href":"https:\/\/nuevademocracia.com.co\/index.php?rest_route=\/wp\/v2\/posts\/24987\/revisions\/24990"}],"wp:featuredmedia":[{"embeddable":true,"href":"https:\/\/nuevademocracia.com.co\/index.php?rest_route=\/wp\/v2\/media\/24988"}],"wp:attachment":[{"href":"https:\/\/nuevademocracia.com.co\/index.php?rest_route=%2Fwp%2Fv2%2Fmedia&parent=24987"}],"wp:term":[{"taxonomy":"category","embeddable":true,"href":"https:\/\/nuevademocracia.com.co\/index.php?rest_route=%2Fwp%2Fv2%2Fcategories&post=24987"},{"taxonomy":"post_tag","embeddable":true,"href":"https:\/\/nuevademocracia.com.co\/index.php?rest_route=%2Fwp%2Fv2%2Ftags&post=24987"}],"curies":[{"name":"wp","href":"https:\/\/api.w.org\/{rel}","templated":true}]}}