{"id":25006,"date":"2022-11-18T12:39:47","date_gmt":"2022-11-18T17:39:47","guid":{"rendered":"https:\/\/nuevademocracia.com.co\/?p=25006"},"modified":"2022-11-18T12:39:47","modified_gmt":"2022-11-18T17:39:47","slug":"en-conmemoracion-del-che-guevara-un-revolucionario-consecuente","status":"publish","type":"post","link":"https:\/\/nuevademocracia.com.co\/?p=25006","title":{"rendered":"En conmemoraci\u00f3n del Che Guevara: un revolucionario consecuente"},"content":{"rendered":"\n<p class=\"has-black-color has-text-color\">Los revolucionarios no conmemoramos la muerte, sino recordamos la vida especialmente de aquellos que han sido ejemplares en la lucha por la liberaci\u00f3n del pueblo. Recordamos a Ernesto Guevara de la Serna, conocido como el Che Guevara, no por su asesinato ese 9 de octubre de 1967 en Bolivia, sino por sus acciones como revolucionario y como intelectual al servicio del pueblo, que en sus 39 a\u00f1os de vida lo llevaron a estar en el lugar y circunstancia en que fue asesinado.<\/p>\n\n\n\n<p class=\"has-black-color has-text-color\">Nacido en Rosario (Argentina) el 14 de junio de 1928, inici\u00f3 desde muy joven su preocupaci\u00f3n por los problemas del pueblo y estudi\u00f3 medicina para ayudar a otros. Como intelectual no se dej\u00f3 arrastrar por las pretensiones en que nos educa la sociedad capitalista, sembrando ambiciones individuales de un t\u00edtulo, un \u201cbuen trabajo\u201d, prestigio o ganar dinero; al contrario, se fue a recorrer Latinoam\u00e9rica en una motocicleta, acerc\u00e1ndose a las masas m\u00e1s pobres en diferentes rincones del continente. En Centroam\u00e9rica aprendi\u00f3 del Marxismo y en M\u00e9xico conoci\u00f3 a los hermanos Fidel y Ra\u00fal Castro. M\u00e1s tarde se unir\u00eda al Movimiento Revolucionario 26 de Julio (M26) y dieron el golpe a la dictadura de Fulgencio Batista, t\u00edtere del gobierno yanqui. El 1 de enero de 1959 triunfa la revoluci\u00f3n cubana convirti\u00e9ndose en una esperanza para los pueblos oprimidos de Am\u00e9rica y del mundo. En medio de la guerra, el Che se gana el aprecio del pueblo, por su carisma y por sus capacidades para las labores organizativas y militares.<\/p>\n\n\n\n<figure class=\"wp-block-image aligncenter size-full\"><img loading=\"lazy\" decoding=\"async\" width=\"573\" height=\"480\" src=\"https:\/\/nuevademocracia.com.co\/wp-content\/uploads\/2022\/11\/01CheSantaClara.png\" alt=\"\" class=\"wp-image-25007\" srcset=\"https:\/\/nuevademocracia.com.co\/wp-content\/uploads\/2022\/11\/01CheSantaClara.png 573w, https:\/\/nuevademocracia.com.co\/wp-content\/uploads\/2022\/11\/01CheSantaClara-300x251.png 300w\" sizes=\"auto, (max-width: 573px) 100vw, 573px\" \/><figcaption class=\"wp-element-caption\"><mark style=\"background-color:rgba(0, 0, 0, 0)\" class=\"has-inline-color has-black-color\"><em>Foto: Archivo Centro de Estudios Che Guevara<\/em><\/mark><\/figcaption><\/figure>\n\n\n\n<p class=\"has-black-color has-text-color\">Luego del triunfo de la revoluci\u00f3n participa del gobierno cubano, pero al percibir que Cuba se estaba convirtiendo en un pe\u00f3n del social-imperialismo sovi\u00e9tico tiene diferencias con Fidel y convencido de que solo la revoluci\u00f3n da la libertad, decide irse a otros pa\u00edses a impulsar la lucha guerrillera bajo la \u201cteor\u00eda del foco\u201d. \u201cPrimero \u00e9l se va al Congo, en \u00c1frica, junto con 100 revolucionarios cubanos, pero fracas\u00f3, no podr\u00eda ser de otra forma, pues, luego de todo, se estrell\u00f3 con las particularidades del pa\u00eds\u201d, se\u00f1alan los colegas del peri\u00f3dico brasile\u00f1o A Nova Democracia. Despu\u00e9s, decide irse para Bolivia, pero tras 11 meses de campa\u00f1a y sin apoyo popular de la regi\u00f3n, el 8 de octubre es detenido y herido por el ej\u00e9rcito reaccionario boliviano y al d\u00eda siguiente es ejecutado cobardemente por orden directa de la CIA (Agencia Central de Inteligencia de USA). Esta experiencia es una muestra m\u00e1s de que la teor\u00eda del foco guerrillero no puede dar un triunfo real para las masas, pues no es la acci\u00f3n de un grupo aislado sino el poder del pueblo organizado y correctamente dirigido el \u00fanico que puede lograr las transformaciones radicales que requiere esta sociedad.<\/p>\n\n\n\n<p class=\"has-black-color has-text-color\">Si bien somos cr\u00edticos frente a aspectos de su pensamiento y pr\u00e1ctica como las concepciones foquistas y militaristas que lo llevaron a aislarse de las masas o algunas actitudes de machismo que expres\u00f3 en su pr\u00e1ctica, resaltamos que lo fundamental de su vida fue su esp\u00edritu revolucionario e internacionalista, consecuente hasta el fin. El Che muri\u00f3 como quer\u00eda: \u00a1luchando! Sirvi\u00f3 al pueblo a donde quiera que fuera. \u00a1El Che Guevara, revolucionario, amigo de los pueblos del mundo, hoy vive en las luchas por la liberaci\u00f3n de todas las naciones oprimidas!<\/p>\n","protected":false},"excerpt":{"rendered":"<p>Los revolucionarios no conmemoramos la muerte, sino recordamos la vida especialmente de aquellos que han sido ejemplares en la lucha por la liberaci\u00f3n del pueblo. Recordamos a Ernesto Guevara de la Serna, conocido como el Che Guevara, no por su asesinato ese 9 de octubre de 1967 en Bolivia, sino por sus acciones como revolucionario [&hellip;]<\/p>\n","protected":false},"author":1,"featured_media":25007,"comment_status":"open","ping_status":"open","sticky":false,"template":"","format":"standard","meta":{"footnotes":""},"categories":[31],"tags":[79,80,39],"class_list":["post-25006","post","type-post","status-publish","format-standard","has-post-thumbnail","hentry","category-internacional","tag-che-guevara","tag-cuba","tag-internacionalismo"],"blocksy_meta":[],"_links":{"self":[{"href":"https:\/\/nuevademocracia.com.co\/index.php?rest_route=\/wp\/v2\/posts\/25006","targetHints":{"allow":["GET"]}}],"collection":[{"href":"https:\/\/nuevademocracia.com.co\/index.php?rest_route=\/wp\/v2\/posts"}],"about":[{"href":"https:\/\/nuevademocracia.com.co\/index.php?rest_route=\/wp\/v2\/types\/post"}],"author":[{"embeddable":true,"href":"https:\/\/nuevademocracia.com.co\/index.php?rest_route=\/wp\/v2\/users\/1"}],"replies":[{"embeddable":true,"href":"https:\/\/nuevademocracia.com.co\/index.php?rest_route=%2Fwp%2Fv2%2Fcomments&post=25006"}],"version-history":[{"count":1,"href":"https:\/\/nuevademocracia.com.co\/index.php?rest_route=\/wp\/v2\/posts\/25006\/revisions"}],"predecessor-version":[{"id":25008,"href":"https:\/\/nuevademocracia.com.co\/index.php?rest_route=\/wp\/v2\/posts\/25006\/revisions\/25008"}],"wp:featuredmedia":[{"embeddable":true,"href":"https:\/\/nuevademocracia.com.co\/index.php?rest_route=\/wp\/v2\/media\/25007"}],"wp:attachment":[{"href":"https:\/\/nuevademocracia.com.co\/index.php?rest_route=%2Fwp%2Fv2%2Fmedia&parent=25006"}],"wp:term":[{"taxonomy":"category","embeddable":true,"href":"https:\/\/nuevademocracia.com.co\/index.php?rest_route=%2Fwp%2Fv2%2Fcategories&post=25006"},{"taxonomy":"post_tag","embeddable":true,"href":"https:\/\/nuevademocracia.com.co\/index.php?rest_route=%2Fwp%2Fv2%2Ftags&post=25006"}],"curies":[{"name":"wp","href":"https:\/\/api.w.org\/{rel}","templated":true}]}}