{"id":25009,"date":"2022-11-18T12:45:08","date_gmt":"2022-11-18T17:45:08","guid":{"rendered":"https:\/\/nuevademocracia.com.co\/?p=25009"},"modified":"2024-10-23T10:47:52","modified_gmt":"2024-10-23T15:47:52","slug":"editorial-semanal-and-la-tercera-vuelta-y-las-provocaciones-golpistas","status":"publish","type":"post","link":"https:\/\/nuevademocracia.com.co\/?p=25009","title":{"rendered":"Editorial AND: \u201cLa tercera vuelta\u201d y las provocaciones golpistas*"},"content":{"rendered":"\n<p class=\"has-black-color has-text-color\">*<em>Traducimos para nuestros lectores algunos fragmentos de la editorial semanal de la prensa democr\u00e1tica y popular brasile\u00f1a A Nova Democracia, publicada en su p\u00e1gina web el pasado 2 de noviembre de 2022.<\/em><\/p>\n\n\n\n<p class=\"has-black-color has-text-color\">Sobre el resultado de las elecciones presidenciales en Brasil, hay dos hechos que no sorprenden a nadie: que el candidato vencedor ganara por un margen muy estrecho y que, en caso de ser derrotado, Bolsonaro provocar\u00eda disturbios.<\/p>\n\n\n\n<p class=\"has-black-color has-text-color\">Luiz In\u00e1cio fue elegido, con el 50,9% de los votos v\u00e1lidos, contra el 49,1% de Bolsonaro. La diferencia es la m\u00e1s estrecha entre las disputas electorales para presidente en la historia de la Rep\u00fablica: apenas un 1,8%. Cerca de 2 millones de votos separan al vencedor del derrotado. Es de resaltar que, a pesar del chantaje y las amenazas terroristas nunca antes vistas para mover a los electores a trav\u00e9s del miedo, <strong>el hecho incuestionable es que 32 millones de brasile\u00f1os y brasile\u00f1as registrados en el Tribunal Superior Electoral (TSE) se abstuvieron, sin mencionar los 10,9 millones -aproximadamente- que no se inscribieron y los 5,6 millones de votos nulos y blancos (es decir, un total de 48,5 millones que no votaron por ninguno de los dos candidatos).<\/strong><\/p>\n\n\n\n<p class=\"has-black-color has-text-color\">No bastando con el boicot de casi un tercio del electorado, el margen estrecho del resultado debilita la supuesta legitimidad de las elecciones, a\u00fan m\u00e1s considerando que el candidato elegido representa apenas un tercio del electorado. Este factor siempre es ocultado por los embellecedores de la vieja democracia corrupta y moribunda, por el propio sistema pol\u00edtico a trav\u00e9s de sus instituciones y por todo el grupillo de partidos que lo sustenta, sin hablar de los monopolios de comunicaci\u00f3n. Concluida la elecci\u00f3n, la crisis pol\u00edtica del pa\u00eds da un salto: los disturbios bolsonaristas, por medio de bloqueos de v\u00edas despu\u00e9s del resultado del pleito, ya sea que se disuelvan pronto o duren algunos d\u00edas, anuncia la nueva forma en que la crisis se revestir\u00e1. Bolsonaro mantuvo un silencio absoluto, solo pronunci\u00e1ndose despu\u00e9s de 48 horas. Lac\u00f3nicamente declaro que los bloqueos \u201cson frutos de la indignaci\u00f3n y el sentimiento de injusticia de c\u00f3mo se dio el proceso electoral\u201d, refiri\u00e9ndose a las supuestas irregularidades del TSE.<\/p>\n\n\n\n<p class=\"has-black-color has-text-color\">Un debilitado Bolsonaro, consigui\u00f3 salirse por la tangente para prolongar las provocaciones. Por un lado, no pronunciarse formalmente significar\u00eda asumir implicaciones desde el punto de vista legal; por otro lado, aceptar los resultados en tono derrotista ser\u00eda colocar un punto final y desmoralizante a las provocaciones. Con su pronunciamiento lleno de ataques al TSE, lo \u00fanico que hizo fue lanzar m\u00e1s le\u00f1a al fuego de la crisis pol\u00edtica e institucional que se profundiza. Aparentando no estar derrotado y jugando para ganar tiempo, Bolsonaro espera que la situaci\u00f3n se torne insostenible desde el punto de vista social, para decretar la \u201cGarant\u00eda de la Ley y el Orden\u201d, enviar las Fuerzas Armadas a las calles y seguir rechazando el STF, buscando forzar al error a sus oponentes y as\u00ed ganar una posici\u00f3n que le d\u00e9 mejores condiciones para la negociaci\u00f3n.<\/p>\n\n\n\n<p class=\"has-black-color has-text-color\">Las se\u00f1ales de los tiempos son claras. La consigna oportunista y cobarde de \u201cvencer al fascismo en las urnas\u201d, parte de su pecado original, de creer que estamos en un sistema pol\u00edtico s\u00f3lido, de que los votos barren la extrema derecha, incluso con una votaci\u00f3n tan pareja. \u00a1Ilusi\u00f3n! Este sistema pol\u00edtico, ya hace mucho, est\u00e1 cuestionado por los de abajo a la izquierda, y por una parte de los de arriba a la extrema derecha. Las elecciones, dada su desmoralizaci\u00f3n, ya no funcionan, como antes, en la soluci\u00f3n de los problemas en el seno de las clases dominantes. La crisis profunda y general del viejo Estado es tal que, despu\u00e9s de la primera y segunda vuelta, se abre \u201cla tercera vuelta\u201d, para definir la correlaci\u00f3n de fuerzas en el viejo Estado para los pr\u00f3ximos tiempos de crisis. Y, en esta \u201ctercera vuelta\u201d, no vence quien tiene la mayor\u00eda de los votos v\u00e1lidos.<\/p>\n\n\n\n<p class=\"has-black-color has-text-color\">La divisi\u00f3n de la sociedad brasile\u00f1a no es de votos y tampoco es vertical: esta ha sido desde siempre la divisi\u00f3n de clases, entre clases explotadas, oprimidas y empobrecidas y las clases explotadoras, opresoras y opulentas. Lo que este sistema pol\u00edtico busca con la farsa electoral y la falsa polarizaci\u00f3n es encubrir la real divisi\u00f3n de clases para difuminar la lucha entre estas. \u00a1Qu\u00e9 iron\u00eda! Mientras la extrema-derecha apuesta por la confrontaci\u00f3n ideol\u00f3gica y la falsa \u201cizquierda\u201d tergiversa las cosas hablando de \u201camor\u201d, de \u201cno violencia\u201d y de \u201cpaz\u201d, la mayor\u00eda del pueblo pasa hambre o come lo m\u00ednimo para sobrevivir y la Naci\u00f3n es desangrada por la rapi\u00f1a del capital financiero internacional, desindustrializando y desnacionalizando la econom\u00eda, mientras que ambos polos de dicha polarizaci\u00f3n se disputan cu\u00e1l de ellos ofrece m\u00e1s estabilidad para el saqueo y la opresi\u00f3n nacional.<\/p>\n\n\n\n<p class=\"has-black-color has-text-color\">As\u00ed, los elementos de la crisis aguda no se reducen a los chantajes y amenazas de esta polarizaci\u00f3n. Despu\u00e9s de asumir, el petista [Lula] tendr\u00e1 una tarea a\u00fan m\u00e1s dif\u00edcil: mantenerse en el poder, ya que ser\u00e1 atacado por todos lados: por la extrema-derecha, por el Alto Comando de las Fuerzas Armadas, por el Congreso de corruptos y por las masas populares descontentas con las promesas no cumplidas. Luiz In\u00e1cio, m\u00e1s que nunca, es el blanco elegido de las tentativas desesperadas de salvaci\u00f3n del sistema en crisis de descomposici\u00f3n: a \u00e9l, le resta domesticarse a\u00fan m\u00e1s o tendr\u00e1 que ceder el lugar a Alckmin. Ya la tarea de gobernar, esa misma es imposible. La magnitud de la crisis, colosal y de car\u00e1cter general, no est\u00e1 debidamente presente en los c\u00e1lculos de la aristocracia oportunista. Quien quiera que asumiera tendr\u00eda que lidiar con la amarga verdad: en este marco, el pa\u00eds es ingobernable.<\/p>\n\n\n\n<p class=\"has-black-color has-text-color\">Urge a los dem\u00f3cratas y revolucionarios profundizar la movilizaci\u00f3n de las masas populares en defensa de sus intereses pisoteados, impulsar la protesta popular, no permitiendo que los reaccionarios y oportunistas los arrastren a enfrentamientos en defensa del orden de explotaci\u00f3n y opresi\u00f3n encubierto, o en defensa de la vieja democracia corrupta, o por el r\u00e9gimen militar. A los campesinos sin tierra o con poca tierra, al proletariado y los dem\u00e1s asalariados urbanos y rurales, a los estudiantes, a los servidores p\u00fablicos (principalmente de educaci\u00f3n y salud), a los camioneros y a los peque\u00f1os propietarios del comercio u otros servicios, es preciso movilizarlos para que impongan sus intereses a trav\u00e9s de las tomas de tierras del latifundio, con la Huelga General de Resistencia Nacional, con la huelga de ocupaci\u00f3n en las universidades y escuelas; es la \u00fanica forma de conquistar aquello que necesitan y que ning\u00fan gobierno electo o golpista de las clases dominantes les dar\u00e1.<\/p>\n\n\n\n<figure class=\"wp-block-image aligncenter size-full\"><img loading=\"lazy\" decoding=\"async\" width=\"900\" height=\"592\" src=\"https:\/\/nuevademocracia.com.co\/wp-content\/uploads\/2022\/11\/Brasil-01.jpg\" alt=\"\" class=\"wp-image-25010\" srcset=\"https:\/\/nuevademocracia.com.co\/wp-content\/uploads\/2022\/11\/Brasil-01.jpg 900w, https:\/\/nuevademocracia.com.co\/wp-content\/uploads\/2022\/11\/Brasil-01-300x197.jpg 300w, https:\/\/nuevademocracia.com.co\/wp-content\/uploads\/2022\/11\/Brasil-01-768x505.jpg 768w\" sizes=\"auto, (max-width: 900px) 100vw, 900px\" \/><figcaption class=\"wp-element-caption\"><mark style=\"background-color:rgba(0, 0, 0, 0)\" class=\"has-inline-color has-black-color\">Miembros de la Redacci\u00f3n de A Nova Democracia realizan brigada de venta de la edici\u00f3n N\u00b0 249 en el Largo da Carioca (Rio de Janeiro, Brasil). Foto: Banco de datos de AND.<\/mark><\/figcaption><\/figure>\n","protected":false},"excerpt":{"rendered":"<p>*Traducimos para nuestros lectores algunos fragmentos de la editorial semanal de la prensa democr\u00e1tica y popular brasile\u00f1a A Nova Democracia, publicada en su p\u00e1gina web el pasado 2 de noviembre de 2022. Sobre el resultado de las elecciones presidenciales en Brasil, hay dos hechos que no sorprenden a nadie: que el candidato vencedor ganara por [&hellip;]<\/p>\n","protected":false},"author":1,"featured_media":25010,"comment_status":"open","ping_status":"open","sticky":false,"template":"","format":"standard","meta":{"footnotes":""},"categories":[31],"tags":[83,85,82,81,84],"class_list":["post-25009","post","type-post","status-publish","format-standard","has-post-thumbnail","hentry","category-internacional","tag-and","tag-boicot-antielectoral","tag-brasil","tag-elecciones","tag-farsa-electoral"],"blocksy_meta":[],"_links":{"self":[{"href":"https:\/\/nuevademocracia.com.co\/index.php?rest_route=\/wp\/v2\/posts\/25009","targetHints":{"allow":["GET"]}}],"collection":[{"href":"https:\/\/nuevademocracia.com.co\/index.php?rest_route=\/wp\/v2\/posts"}],"about":[{"href":"https:\/\/nuevademocracia.com.co\/index.php?rest_route=\/wp\/v2\/types\/post"}],"author":[{"embeddable":true,"href":"https:\/\/nuevademocracia.com.co\/index.php?rest_route=\/wp\/v2\/users\/1"}],"replies":[{"embeddable":true,"href":"https:\/\/nuevademocracia.com.co\/index.php?rest_route=%2Fwp%2Fv2%2Fcomments&post=25009"}],"version-history":[{"count":2,"href":"https:\/\/nuevademocracia.com.co\/index.php?rest_route=\/wp\/v2\/posts\/25009\/revisions"}],"predecessor-version":[{"id":26932,"href":"https:\/\/nuevademocracia.com.co\/index.php?rest_route=\/wp\/v2\/posts\/25009\/revisions\/26932"}],"wp:featuredmedia":[{"embeddable":true,"href":"https:\/\/nuevademocracia.com.co\/index.php?rest_route=\/wp\/v2\/media\/25010"}],"wp:attachment":[{"href":"https:\/\/nuevademocracia.com.co\/index.php?rest_route=%2Fwp%2Fv2%2Fmedia&parent=25009"}],"wp:term":[{"taxonomy":"category","embeddable":true,"href":"https:\/\/nuevademocracia.com.co\/index.php?rest_route=%2Fwp%2Fv2%2Fcategories&post=25009"},{"taxonomy":"post_tag","embeddable":true,"href":"https:\/\/nuevademocracia.com.co\/index.php?rest_route=%2Fwp%2Fv2%2Ftags&post=25009"}],"curies":[{"name":"wp","href":"https:\/\/api.w.org\/{rel}","templated":true}]}}