{"id":25013,"date":"2022-11-21T11:31:50","date_gmt":"2022-11-21T16:31:50","guid":{"rendered":"https:\/\/nuevademocracia.com.co\/?p=25013"},"modified":"2022-11-21T11:31:51","modified_gmt":"2022-11-21T16:31:51","slug":"obreros-y-estudiantes-exigen-libertad-a-los-presos-por-luchar","status":"publish","type":"post","link":"https:\/\/nuevademocracia.com.co\/?p=25013","title":{"rendered":"Obreros y estudiantes exigen libertad a los presos por luchar"},"content":{"rendered":"\n<p class=\"has-black-color has-text-color\">El pasado viernes 18 de noviembre un grupo de obreros y estudiantes realizaron una acci\u00f3n de agitaci\u00f3n y propaganda en una de las entradas de la estaci\u00f3n del Metro Industriales, la cual es una zona de alta concentraci\u00f3n de clase obrera en la ciudad de Medell\u00edn. All\u00ed exigieron la libertad de los presos pol\u00edticos de Colombia y del mundo entero mediante discursos p\u00fablicos, agitaci\u00f3n de consignas, entrega de volantes y la exhibici\u00f3n de una tela con la consigna: <strong>\u201cLibertad a los presos por luchar\u201d<\/strong>. Muchas de las masas presentes recibieron con disposici\u00f3n la informaci\u00f3n y algunas expresaron su apoyo a la actividad. Colaboradores de Nueva Democracia participaron en la jornada difundiendo la edici\u00f3n #3 del peri\u00f3dico entre las masas obreras, el cual tuvo una gran acogida vendi\u00e9ndose alrededor de 20 ejemplares en una hora.<\/p>\n\n\n\n<figure class=\"wp-block-image aligncenter size-large\"><img loading=\"lazy\" decoding=\"async\" width=\"634\" height=\"1024\" src=\"https:\/\/nuevademocracia.com.co\/wp-content\/uploads\/2022\/11\/Accion-18N-0-lista-634x1024.png\" alt=\"\" class=\"wp-image-25014\" srcset=\"https:\/\/nuevademocracia.com.co\/wp-content\/uploads\/2022\/11\/Accion-18N-0-lista-634x1024.png 634w, https:\/\/nuevademocracia.com.co\/wp-content\/uploads\/2022\/11\/Accion-18N-0-lista-186x300.png 186w, https:\/\/nuevademocracia.com.co\/wp-content\/uploads\/2022\/11\/Accion-18N-0-lista-768x1241.png 768w, https:\/\/nuevademocracia.com.co\/wp-content\/uploads\/2022\/11\/Accion-18N-0-lista-951x1536.png 951w, https:\/\/nuevademocracia.com.co\/wp-content\/uploads\/2022\/11\/Accion-18N-0-lista.png 1096w\" sizes=\"auto, (max-width: 634px) 100vw, 634px\" \/><figcaption class=\"wp-element-caption\"><mark style=\"background-color:rgba(0, 0, 0, 0)\" class=\"has-inline-color has-black-color\"><em>Algunos de los presos pol\u00edticos reivindicados por los activistas en su acci\u00f3n<\/em><\/mark><\/figcaption><\/figure>\n\n\n\n<p class=\"has-black-color has-text-color\">Entre los luchadores que reivindicaron los obreros y estudiantes en su acci\u00f3n se encontraban Pablo H\u00e1sel (rapero y activista espa\u00f1ol), Julian Assange (periodista y activista australiano), Mumia Abu-Jamal (militante del Partido de las Panteras Negras de Estados Unidos), George Abdallah (comunista liban\u00e9s defensor de la causa palestina y dirigente del Frente Popular por la Liberaci\u00f3n de Palestina), la T\u00eda Marisol (activista chilena), Ahmad Sa\u2019adat (palestino militante del FPLP), Sudha Bharadwaj (abogada y activista india), Zhang Yunfan (estudiante y activista chino) y a los j\u00f3venes integrantes de las Primeras L\u00edneas en Colombia. En la jornada se denunci\u00f3 la criminalizaci\u00f3n a la protesta popular y a las luchas del pueblo por libertad, reivindicando la consigna: <strong>\u00a1Rebelarse es justo!<\/strong> <\/p>\n\n\n\n<p class=\"has-black-color has-text-color\">A continuaci\u00f3n compartimos el registro audiovisual que obtuvimos de la jornada:<\/p>\n\n\n\n<figure class=\"wp-block-image size-large\"><img loading=\"lazy\" decoding=\"async\" width=\"1024\" height=\"768\" src=\"https:\/\/nuevademocracia.com.co\/wp-content\/uploads\/2022\/11\/Accion-18N-1-lista-1024x768.jpg\" alt=\"\" class=\"wp-image-25015\" srcset=\"https:\/\/nuevademocracia.com.co\/wp-content\/uploads\/2022\/11\/Accion-18N-1-lista-1024x768.jpg 1024w, https:\/\/nuevademocracia.com.co\/wp-content\/uploads\/2022\/11\/Accion-18N-1-lista-300x225.jpg 300w, https:\/\/nuevademocracia.com.co\/wp-content\/uploads\/2022\/11\/Accion-18N-1-lista-768x576.jpg 768w, https:\/\/nuevademocracia.com.co\/wp-content\/uploads\/2022\/11\/Accion-18N-1-lista-1536x1152.jpg 1536w, https:\/\/nuevademocracia.com.co\/wp-content\/uploads\/2022\/11\/Accion-18N-1-lista-2048x1536.jpg 2048w\" sizes=\"auto, (max-width: 1024px) 100vw, 1024px\" \/><\/figure>\n\n\n\n<figure class=\"wp-block-image size-large\"><img loading=\"lazy\" decoding=\"async\" width=\"1024\" height=\"768\" src=\"https:\/\/nuevademocracia.com.co\/wp-content\/uploads\/2022\/11\/Accion-18N-2-lista-1024x768.png\" alt=\"\" class=\"wp-image-25017\" srcset=\"https:\/\/nuevademocracia.com.co\/wp-content\/uploads\/2022\/11\/Accion-18N-2-lista-1024x768.png 1024w, https:\/\/nuevademocracia.com.co\/wp-content\/uploads\/2022\/11\/Accion-18N-2-lista-300x225.png 300w, https:\/\/nuevademocracia.com.co\/wp-content\/uploads\/2022\/11\/Accion-18N-2-lista-768x576.png 768w, https:\/\/nuevademocracia.com.co\/wp-content\/uploads\/2022\/11\/Accion-18N-2-lista-1536x1152.png 1536w, https:\/\/nuevademocracia.com.co\/wp-content\/uploads\/2022\/11\/Accion-18N-2-lista-2048x1536.png 2048w\" sizes=\"auto, (max-width: 1024px) 100vw, 1024px\" \/><\/figure>\n\n\n\n<figure class=\"wp-block-image size-large\"><img loading=\"lazy\" decoding=\"async\" width=\"1024\" height=\"768\" src=\"https:\/\/nuevademocracia.com.co\/wp-content\/uploads\/2022\/11\/Accion-18N-3-lista-1024x768.jpg\" alt=\"\" class=\"wp-image-25016\" srcset=\"https:\/\/nuevademocracia.com.co\/wp-content\/uploads\/2022\/11\/Accion-18N-3-lista-1024x768.jpg 1024w, https:\/\/nuevademocracia.com.co\/wp-content\/uploads\/2022\/11\/Accion-18N-3-lista-300x225.jpg 300w, https:\/\/nuevademocracia.com.co\/wp-content\/uploads\/2022\/11\/Accion-18N-3-lista-768x576.jpg 768w, https:\/\/nuevademocracia.com.co\/wp-content\/uploads\/2022\/11\/Accion-18N-3-lista-1536x1152.jpg 1536w, https:\/\/nuevademocracia.com.co\/wp-content\/uploads\/2022\/11\/Accion-18N-3-lista-2048x1536.jpg 2048w\" sizes=\"auto, (max-width: 1024px) 100vw, 1024px\" \/><\/figure>\n\n\n\n<figure class=\"wp-block-image size-large\"><img loading=\"lazy\" decoding=\"async\" width=\"1024\" height=\"768\" src=\"https:\/\/nuevademocracia.com.co\/wp-content\/uploads\/2022\/11\/Accion-18N-4-lista-1024x768.jpg\" alt=\"\" class=\"wp-image-25018\" srcset=\"https:\/\/nuevademocracia.com.co\/wp-content\/uploads\/2022\/11\/Accion-18N-4-lista-1024x768.jpg 1024w, https:\/\/nuevademocracia.com.co\/wp-content\/uploads\/2022\/11\/Accion-18N-4-lista-300x225.jpg 300w, https:\/\/nuevademocracia.com.co\/wp-content\/uploads\/2022\/11\/Accion-18N-4-lista-768x576.jpg 768w, https:\/\/nuevademocracia.com.co\/wp-content\/uploads\/2022\/11\/Accion-18N-4-lista-1536x1152.jpg 1536w, https:\/\/nuevademocracia.com.co\/wp-content\/uploads\/2022\/11\/Accion-18N-4-lista-2048x1536.jpg 2048w\" sizes=\"auto, (max-width: 1024px) 100vw, 1024px\" \/><\/figure>\n\n\n\n<figure class=\"wp-block-image size-large\"><img loading=\"lazy\" decoding=\"async\" width=\"1024\" height=\"768\" src=\"https:\/\/nuevademocracia.com.co\/wp-content\/uploads\/2022\/11\/Accion-18N-5-lista-1024x768.png\" alt=\"\" class=\"wp-image-25019\" srcset=\"https:\/\/nuevademocracia.com.co\/wp-content\/uploads\/2022\/11\/Accion-18N-5-lista-1024x768.png 1024w, https:\/\/nuevademocracia.com.co\/wp-content\/uploads\/2022\/11\/Accion-18N-5-lista-300x225.png 300w, https:\/\/nuevademocracia.com.co\/wp-content\/uploads\/2022\/11\/Accion-18N-5-lista-768x576.png 768w, https:\/\/nuevademocracia.com.co\/wp-content\/uploads\/2022\/11\/Accion-18N-5-lista-1536x1152.png 1536w, https:\/\/nuevademocracia.com.co\/wp-content\/uploads\/2022\/11\/Accion-18N-5-lista-2048x1536.png 2048w\" sizes=\"auto, (max-width: 1024px) 100vw, 1024px\" \/><\/figure>\n\n\n\n<figure class=\"wp-block-image size-large\"><img loading=\"lazy\" decoding=\"async\" width=\"1024\" height=\"768\" src=\"https:\/\/nuevademocracia.com.co\/wp-content\/uploads\/2022\/11\/Accion-18N-6-lista-1024x768.png\" alt=\"\" class=\"wp-image-25020\" srcset=\"https:\/\/nuevademocracia.com.co\/wp-content\/uploads\/2022\/11\/Accion-18N-6-lista-1024x768.png 1024w, https:\/\/nuevademocracia.com.co\/wp-content\/uploads\/2022\/11\/Accion-18N-6-lista-300x225.png 300w, https:\/\/nuevademocracia.com.co\/wp-content\/uploads\/2022\/11\/Accion-18N-6-lista-768x576.png 768w, https:\/\/nuevademocracia.com.co\/wp-content\/uploads\/2022\/11\/Accion-18N-6-lista-1536x1152.png 1536w, https:\/\/nuevademocracia.com.co\/wp-content\/uploads\/2022\/11\/Accion-18N-6-lista-2048x1536.png 2048w\" sizes=\"auto, (max-width: 1024px) 100vw, 1024px\" \/><\/figure>\n\n\n\n<figure class=\"wp-block-embed is-type-video is-provider-youtube wp-block-embed-youtube wp-embed-aspect-16-9 wp-has-aspect-ratio\"><div class=\"wp-block-embed__wrapper\">\n<iframe loading=\"lazy\" title=\"Acci\u00f3n por la liberaci\u00f3n de los presos pol\u00edticos en Medell\u00edn\" width=\"1290\" height=\"726\" src=\"https:\/\/www.youtube.com\/embed\/xbsOkUfHE8o?feature=oembed\" frameborder=\"0\" allow=\"accelerometer; autoplay; clipboard-write; encrypted-media; gyroscope; picture-in-picture; web-share\" referrerpolicy=\"strict-origin-when-cross-origin\" allowfullscreen><\/iframe>\n<\/div><\/figure>\n","protected":false},"excerpt":{"rendered":"<p>El pasado viernes 18 de noviembre un grupo de obreros y estudiantes realizaron una acci\u00f3n de agitaci\u00f3n y propaganda en una de las entradas de la estaci\u00f3n del Metro Industriales, la cual es una zona de alta concentraci\u00f3n de clase obrera en la ciudad de Medell\u00edn. All\u00ed exigieron la libertad de los presos pol\u00edticos de [&hellip;]<\/p>\n","protected":false},"author":1,"featured_media":25016,"comment_status":"open","ping_status":"open","sticky":false,"template":"","format":"standard","meta":{"footnotes":""},"categories":[16,4,31],"tags":[44,28,86],"class_list":["post-25013","post","type-post","status-publish","format-standard","has-post-thumbnail","hentry","category-carrusel","category-colombia","category-internacional","tag-criminalizacion-a-la-protesta","tag-juventud","tag-libertad-presos-politicos"],"blocksy_meta":[],"_links":{"self":[{"href":"https:\/\/nuevademocracia.com.co\/index.php?rest_route=\/wp\/v2\/posts\/25013","targetHints":{"allow":["GET"]}}],"collection":[{"href":"https:\/\/nuevademocracia.com.co\/index.php?rest_route=\/wp\/v2\/posts"}],"about":[{"href":"https:\/\/nuevademocracia.com.co\/index.php?rest_route=\/wp\/v2\/types\/post"}],"author":[{"embeddable":true,"href":"https:\/\/nuevademocracia.com.co\/index.php?rest_route=\/wp\/v2\/users\/1"}],"replies":[{"embeddable":true,"href":"https:\/\/nuevademocracia.com.co\/index.php?rest_route=%2Fwp%2Fv2%2Fcomments&post=25013"}],"version-history":[{"count":1,"href":"https:\/\/nuevademocracia.com.co\/index.php?rest_route=\/wp\/v2\/posts\/25013\/revisions"}],"predecessor-version":[{"id":25021,"href":"https:\/\/nuevademocracia.com.co\/index.php?rest_route=\/wp\/v2\/posts\/25013\/revisions\/25021"}],"wp:featuredmedia":[{"embeddable":true,"href":"https:\/\/nuevademocracia.com.co\/index.php?rest_route=\/wp\/v2\/media\/25016"}],"wp:attachment":[{"href":"https:\/\/nuevademocracia.com.co\/index.php?rest_route=%2Fwp%2Fv2%2Fmedia&parent=25013"}],"wp:term":[{"taxonomy":"category","embeddable":true,"href":"https:\/\/nuevademocracia.com.co\/index.php?rest_route=%2Fwp%2Fv2%2Fcategories&post=25013"},{"taxonomy":"post_tag","embeddable":true,"href":"https:\/\/nuevademocracia.com.co\/index.php?rest_route=%2Fwp%2Fv2%2Ftags&post=25013"}],"curies":[{"name":"wp","href":"https:\/\/api.w.org\/{rel}","templated":true}]}}