{"id":25022,"date":"2022-11-21T11:38:49","date_gmt":"2022-11-21T16:38:49","guid":{"rendered":"https:\/\/nuevademocracia.com.co\/?p=25022"},"modified":"2024-10-23T10:47:31","modified_gmt":"2024-10-23T15:47:31","slug":"editorial-and-brasil-resistir-la-ofensiva-contrarrevolucionaria-en-la-nueva-coyuntura","status":"publish","type":"post","link":"https:\/\/nuevademocracia.com.co\/?p=25022","title":{"rendered":"Editorial AND: Resistir la ofensiva contrarrevolucionaria en la nueva coyuntura"},"content":{"rendered":"\n<p class=\"has-black-color has-text-color\"><em>*Compartimos la traducci\u00f3n realizada por los compa\u00f1eros de Corriente del Pueblo \u2013 Sol Rojo de la m\u00e1s reciente editorial publicada por la prensa democr\u00e1tica y popular brasile\u00f1a A Nova Democracia, donde se ilustra la convulsa situaci\u00f3n pol\u00edtica que se vive y los agitados tiempos que vienen en el vecino pa\u00eds.<\/em><\/p>\n\n\n\n<p class=\"has-black-color has-text-color\">\u201cComo hemos venido informando, la situaci\u00f3n pol\u00edtica en Brasil es demasiado convulsa. Una impresionante crisis pol\u00edtica se vive no como resultado del proceso electoral donde Lula aventaj\u00f3 a Bolsonaro (esto ha sido muy similar al triunfo de AMLO en M\u00e9xico precisamente para despresurizar la crisis), sino m\u00e1s bien como necesidad de la gran burgues\u00eda por fortalecer el capitalismo burocr\u00e1tico y seguir avanzando en su plan reaccionario para salvaguardar al r\u00e9gimen ante la crisis que se profundiza. Tambi\u00e9n es claro que las recientes elecciones y la composici\u00f3n de fuerzas en pugna arrojan m\u00e1s le\u00f1a al fuego. En atenci\u00f3n a ello queremos compartir con nuestros lectores la siguiente traducci\u00f3n al espa\u00f1ol de la Editorial semanal del peri\u00f3dico <a href=\"https:\/\/anovademocracia.com.br\/\">A Nova Democracia<\/a> (La Nueva Democracia) por el an\u00e1lisis que aporta\u201d. <strong>CP &#8211; Sol Rojo<\/strong><\/p>\n\n\n\n<p class=\"has-text-align-center has-black-color has-text-color\"><strong>Editorial semanal AND: Resistir la ofensiva contrarrevolucionaria en la nueva coyuntura<\/strong><\/p>\n\n\n\n<p class=\"has-black-color has-text-color\">Cuatro factores emergen como consecuencias de la nueva situaci\u00f3n. Primero, la existencia de una articulaci\u00f3n de extrema derecha, impulsada por el presidente Bolsonaro, destituido del gobierno, y que se desenvolvi\u00f3 como un movimiento armado de masas anticomunista que cuestionaba obstinadamente las elecciones y la vieja democracia; segundo, las acciones golpistas del reaccionario Alto Mando de las Fuerzas Armadas, cuestionando abiertamente el sistema electoral y lanzando ataques contra las dem\u00e1s instituciones de esa vieja Rep\u00fablica; tercero, la elecci\u00f3n de un nuevo gobierno por parte de la minor\u00eda nacional, que no tiene cohesi\u00f3n interna, tendr\u00e1 una fuerte oposici\u00f3n en el Congreso (y de la extrema derecha, en las calles, adem\u00e1s de las masas populares) y no podr\u00e1 cumplir sus promesas demag\u00f3gicas; cuarto, la imparable tendencia de crecimiento de la protesta popular \u2013en particular, la lucha por la tierra y por la Revoluci\u00f3n Agraria\u2013, empujada por el proceso latente de descomposici\u00f3n y aguda crisis de la econom\u00eda y la incapacidad del decadente y corrupto sistema pol\u00edtico para resolverlo en el corto y mediano plazo, despu\u00e9s de un gran boicot electoral en el que un tercio de los brasile\u00f1os y brasile\u00f1as no votaron en la segunda vuelta (49,64 millones).<\/p>\n\n\n\n<p class=\"has-black-color has-text-color\">Los movimientos golpistas, que bloquearon por unos d\u00edas las carreteras del pa\u00eds y ahora se concentran en revolver los cuarteles, son los enemigos m\u00e1s feroces del pueblo y de la soberan\u00eda nacional. Forman un movimiento relativamente centralizado, desde el punto de vista pol\u00edtico, fuertemente armado y suficientemente dispuesto a servir como una tropa de choque terrorista contrarrevolucionaria (como lo demuestran las acciones armadas de los bolsonaristas en los bloqueos de Par\u00e1, y el ataque contra la redacci\u00f3n de un peri\u00f3dico en Rond\u00f3nia). Estas huestes, desde las cloacas de la sociedad, salieron a la superficie descaradamente, tramando y ejecutando sus provocaciones, ataques pol\u00edticos y ataques armados, instigados por d\u00e9cadas de gritos reaccionarios y anticomunistas de esa misma derecha liberal que hoy quiere aparentar ser un \u00abdem\u00f3crata\u00bb. Ahora, esta extrema derecha, derrotada en las encuestas de la farsa electoral y m\u00e1s excitada que nunca, es -y ser\u00e1 cada vez m\u00e1s- utilizada por las Fuerzas Armadas reaccionarias, tanto para combatir la protesta y revuelta popular, como factor de inestabilidad que justifica la creciente militarizaci\u00f3n del poder pol\u00edtico.<\/p>\n\n\n\n<p class=\"has-black-color has-text-color\">Este conjunto de factores le da al proletariado revolucionario y otras clases populares tareas dif\u00edciles pero decisivas. Adem\u00e1s de combatir sin tregua, contundente y en\u00e9rgicamente a la extrema derecha, ser\u00e1 necesario desenmascarar al futuro gobierno del oportunismo con el centroderecha civil, que aplicar\u00e1 las medidas m\u00e1s draconianas para dar un nuevo impulso al capitalismo burocr\u00e1tico, y buscar\u00e1 cautivar a las masas populares, chantajeando a los progresistas para que defiendan al gobierno contra la extrema derecha. La lucha contra las falanges bolsonaristas y otras hordas fascistas requerir\u00e1 necesariamente golpearlas medida a medida y con toda la furia. Denunciar sistem\u00e1ticamente las maniobras del Alto Mando de las Fuerzas Armadas, que a veces jugar\u00e1 con la extrema derecha, a veces con el gobierno del oportunismo, para avanzar en su ofensiva contrarrevolucionaria preventiva imponiendo su absoluta centralizaci\u00f3n del Poder en el Ejecutivo y su control, tutela y amenazas, con el fin de coartar las libertades democr\u00e1ticas y combatir, con pu\u00f1o de hierro, la protesta popular y la Revoluci\u00f3n. Dem\u00f3cratas y revolucionarios tendr\u00e1n que luchar, m\u00e1s que antes, con firmeza inquebrantable para ganar laureles para la lucha popular en este per\u00edodo. El tema central y la tarea decisiva, en todas partes, es ense\u00f1ar a las masas a defender sus intereses inmediatos y los derechos y libertades democr\u00e1ticos, por todos los medios y de manera intransigente. Las grandes cifras del boicot, por un lado, y la explosividad de las masas, por otro, son el terreno propicio para lograrlo. No hay que equivocarse: no dejarse arrastrar a la defensa de esta vieja democracia corrupta con el pretexto de combatir a la extrema derecha armada y al golpe de Estado de los generales, ni dejar que arrastren a las masas al golpe de Estado con el pretexto de combatir el oportunismo y la vieja democracia. Deben s\u00ed, levantar en alto la bandera de la Revoluci\u00f3n de Nueva Democracia.<\/p>\n","protected":false},"excerpt":{"rendered":"<p>*Compartimos la traducci\u00f3n realizada por los compa\u00f1eros de Corriente del Pueblo \u2013 Sol Rojo de la m\u00e1s reciente editorial publicada por la prensa democr\u00e1tica y popular brasile\u00f1a A Nova Democracia, donde se ilustra la convulsa situaci\u00f3n pol\u00edtica que se vive y los agitados tiempos que vienen en el vecino pa\u00eds. \u201cComo hemos venido informando, la [&hellip;]<\/p>\n","protected":false},"author":1,"featured_media":25023,"comment_status":"open","ping_status":"open","sticky":false,"template":"","format":"standard","meta":{"footnotes":""},"categories":[31],"tags":[88,82,45,87],"class_list":["post-25022","post","type-post","status-publish","format-standard","has-post-thumbnail","hentry","category-internacional","tag-a-nova-democracia","tag-brasil","tag-lucha-de-clases","tag-situacion-politica"],"blocksy_meta":[],"_links":{"self":[{"href":"https:\/\/nuevademocracia.com.co\/index.php?rest_route=\/wp\/v2\/posts\/25022","targetHints":{"allow":["GET"]}}],"collection":[{"href":"https:\/\/nuevademocracia.com.co\/index.php?rest_route=\/wp\/v2\/posts"}],"about":[{"href":"https:\/\/nuevademocracia.com.co\/index.php?rest_route=\/wp\/v2\/types\/post"}],"author":[{"embeddable":true,"href":"https:\/\/nuevademocracia.com.co\/index.php?rest_route=\/wp\/v2\/users\/1"}],"replies":[{"embeddable":true,"href":"https:\/\/nuevademocracia.com.co\/index.php?rest_route=%2Fwp%2Fv2%2Fcomments&post=25022"}],"version-history":[{"count":3,"href":"https:\/\/nuevademocracia.com.co\/index.php?rest_route=\/wp\/v2\/posts\/25022\/revisions"}],"predecessor-version":[{"id":26931,"href":"https:\/\/nuevademocracia.com.co\/index.php?rest_route=\/wp\/v2\/posts\/25022\/revisions\/26931"}],"wp:featuredmedia":[{"embeddable":true,"href":"https:\/\/nuevademocracia.com.co\/index.php?rest_route=\/wp\/v2\/media\/25023"}],"wp:attachment":[{"href":"https:\/\/nuevademocracia.com.co\/index.php?rest_route=%2Fwp%2Fv2%2Fmedia&parent=25022"}],"wp:term":[{"taxonomy":"category","embeddable":true,"href":"https:\/\/nuevademocracia.com.co\/index.php?rest_route=%2Fwp%2Fv2%2Fcategories&post=25022"},{"taxonomy":"post_tag","embeddable":true,"href":"https:\/\/nuevademocracia.com.co\/index.php?rest_route=%2Fwp%2Fv2%2Ftags&post=25022"}],"curies":[{"name":"wp","href":"https:\/\/api.w.org\/{rel}","templated":true}]}}