{"id":25025,"date":"2022-11-21T11:47:35","date_gmt":"2022-11-21T16:47:35","guid":{"rendered":"https:\/\/nuevademocracia.com.co\/?p=25025"},"modified":"2022-11-21T12:14:07","modified_gmt":"2022-11-21T17:14:07","slug":"continua-la-guerra-contra-el-pueblo-en-mexico","status":"publish","type":"post","link":"https:\/\/nuevademocracia.com.co\/?p=25025","title":{"rendered":"Contin\u00faa la guerra contra el pueblo en M\u00e9xico"},"content":{"rendered":"\n<p class=\"has-black-color has-text-color\"><em>*Compartimos algunas publicaciones de los compa\u00f1eros de la organizaci\u00f3n democr\u00e1tica y revolucionaria mexicana Corriente del Pueblo \u2013 Sol Rojo denunciando los recientes asesinatos y atentados contra activistas de sus filas y de otras organizaciones populares en este pa\u00eds. Desde estas p\u00e1ginas nos sumamos a la campa\u00f1a para exigir justicia y castigo a los culpables del asesinato del compa\u00f1ero Jes\u00fas Manuel Garc\u00eda Mart\u00ednez \u201cChu Pau\u201d y el atentado contra el compa\u00f1ero Erick S\u00e1nchez. Tambi\u00e9n exigimos la libertad del compa\u00f1ero Salvador Pinal Mel\u00e9ndez, detenido desde el a\u00f1o pasado por el reaccionario Estado mexicano. Llamamos a las organizaciones democr\u00e1ticas y revolucionarias colombianas a poner sus ojos en la sucia guerra contra el pueblo en M\u00e9xico y desplegar su iniciativa bajo las consignas planteadas por los compa\u00f1eros de CP-SR.<\/em><\/p>\n\n\n\n<figure class=\"wp-block-image aligncenter size-full\"><img loading=\"lazy\" decoding=\"async\" width=\"1024\" height=\"774\" src=\"https:\/\/nuevademocracia.com.co\/wp-content\/uploads\/2022\/11\/Mex-0.jpeg\" alt=\"\" class=\"wp-image-25026\" srcset=\"https:\/\/nuevademocracia.com.co\/wp-content\/uploads\/2022\/11\/Mex-0.jpeg 1024w, https:\/\/nuevademocracia.com.co\/wp-content\/uploads\/2022\/11\/Mex-0-300x227.jpeg 300w, https:\/\/nuevademocracia.com.co\/wp-content\/uploads\/2022\/11\/Mex-0-768x581.jpeg 768w\" sizes=\"auto, (max-width: 1024px) 100vw, 1024px\" \/><\/figure>\n\n\n\n<p class=\"has-black-color has-text-color\"><strong>Fragmento tomado del Blog Sol Rojista (31 octubre 2022):<\/strong> La reacci\u00f3n est\u00e1 desatada, los grupos paramilitares y delincuenciales est\u00e1n de cacer\u00eda y es parte de la estrategia contrainsurgente del viejo Estado para imponer pol\u00edticas y gobiernos antipopulares, as\u00ed como megaproyectos imperialistas de despojo y muerte. En una semana el latifundio y sus grupos armados han cobrado la vida de dos activistas del movimiento campesino. El 26 de octubre fue asesinado a balazos Filogonio Mart\u00ednez Merino, ex agente municipal del Paso de la Reina, opositor a la presa hidroel\u00e9ctrica en la Cuenca del R\u00edo Verde en la Costa oaxaque\u00f1a e integrante del Consejo de Pueblos Unidos por la Defensa del R\u00edo Verde (Copudever); seg\u00fan testigos un grupo armado lo intercept\u00f3 en la poblaci\u00f3n de Piedra Blanca atac\u00e1ndolo con armas de alto poder. Un d\u00eda despu\u00e9s, el 27 de octubre, fue asesinado nuestro compa\u00f1ero Jes\u00fas Manuel Garc\u00eda Mart\u00ednez \u201cChu Pau\u201d, comunero de Santa Cruz Tagolaba, opositor a la imposici\u00f3n del Corredor Interoce\u00e1nico del Istmo de Tehuantepec (CIIT) e integrante de la Corriente del Pueblo Sol Rojo; los hechos ocurrieron aproximadamente a las 22:05hrs cuando un comando armado arrib\u00f3 al domicilio del compa\u00f1ero Erick S\u00e1nchez Guti\u00e9rrez, dirigente regional de Sol Rojo, abriendo fuego contra ambos compa\u00f1eros; ah\u00ed perdi\u00f3 la vida \u201cChu Pau\u201d, y Erick result\u00f3 herido de gravedad. En respuesta a estos hechos se esperan movilizaciones por parte del movimiento campesino. <\/p>\n\n\n\n<p class=\"has-vivid-cyan-blue-color has-text-color\"><strong>Fuente:<\/strong> <a href=\"https:\/\/solrojista.blogspot.com\/2022\/10\/breves-iniciando-semana_31.html\">https:\/\/solrojista.blogspot.com\/2022\/10\/breves-iniciando-semana_31.html<\/a><\/p>\n\n\n\n<p><\/p>\n\n\n\n<h2 class=\"has-text-align-center has-black-color has-text-color wp-block-heading\"><strong>\u00a1Honor y gloria a quienes han dado su vida sirviendo al pueblo!<\/strong><\/h2>\n\n\n\n<p class=\"has-text-align-center has-vivid-cyan-blue-color has-text-color\"><a href=\"https:\/\/solrojista.blogspot.com\/2022\/11\/mexico-honor-y-gloria-quienes-han-dado.html\">https:\/\/solrojista.blogspot.com\/2022\/11\/mexico-honor-y-gloria-quienes-han-dado.html<\/a><\/p>\n\n\n\n<figure class=\"wp-block-image aligncenter size-full\"><img loading=\"lazy\" decoding=\"async\" width=\"400\" height=\"225\" src=\"https:\/\/nuevademocracia.com.co\/wp-content\/uploads\/2022\/11\/Tapete-central1.jpeg\" alt=\"\" class=\"wp-image-25055\" srcset=\"https:\/\/nuevademocracia.com.co\/wp-content\/uploads\/2022\/11\/Tapete-central1.jpeg 400w, https:\/\/nuevademocracia.com.co\/wp-content\/uploads\/2022\/11\/Tapete-central1-300x169.jpeg 300w\" sizes=\"auto, (max-width: 400px) 100vw, 400px\" \/><\/figure>\n\n\n\n<p class=\"has-black-color has-text-color\">En M\u00e9xico y sus diferentes geograf\u00edas existen profundas tradiciones que pese al paso del tiempo o el mestizaje asumen caracter\u00edsticas propias de procesos identitarios y de resistencia cultural desde nuestros pueblos, mismos que necesitamos defender y enaltecer pues forman parte de la cultura popular.<\/p>\n\n\n\n<p class=\"has-black-color has-text-color\">Estos procesos, como el D\u00eda de Muertos, son especialmente importantes tambi\u00e9n en la lucha de clases, pues sirven -justo como en su origen- para rendir honor y gloria a quienes han dado su vida sirviendo al pueblo.<\/p>\n\n\n\n<p class=\"has-black-color has-text-color\">Es importante que se le nombre as\u00ed:&nbsp;<strong><em>D\u00eda de Muertos<\/em><\/strong>, y rechacemos las modas y la hegemon\u00eda gringa del \u201challoween\u201d que es tambi\u00e9n reflejo de la semicolonialidad impuesta por el imperialismo yanqui, que pretende imponer sus ideas dominantes y aculturizar a nuestros pueblos alien\u00e1ndolos bajo su f\u00e9rula mercantilista y desechable.<\/p>\n\n\n\n<p class=\"has-black-color has-text-color\">En ese sentido y en el marco de las celebraciones de Muertos las y los revolucionarios en M\u00e9xico han realizado el tradicional tapete y altar del D\u00eda de Muertos, para reivindicar la vida de nuestros camaradas que han ca\u00eddo en la lucha por la tierra y contra la imposici\u00f3n de los megaproyectos imperialistas de despojo y muerte que azotan a nuestro pa\u00eds.<\/p>\n\n\n\n<p class=\"has-black-color has-text-color\">Aqu\u00ed documentamos algunas demostraciones culturales en homenaje a nuestros camaradas.<\/p>\n\n\n\n<figure class=\"wp-block-image aligncenter size-full\"><img loading=\"lazy\" decoding=\"async\" width=\"400\" height=\"225\" src=\"https:\/\/nuevademocracia.com.co\/wp-content\/uploads\/2022\/11\/Tapete-central3.jpeg\" alt=\"\" class=\"wp-image-25056\" srcset=\"https:\/\/nuevademocracia.com.co\/wp-content\/uploads\/2022\/11\/Tapete-central3.jpeg 400w, https:\/\/nuevademocracia.com.co\/wp-content\/uploads\/2022\/11\/Tapete-central3-300x169.jpeg 300w\" sizes=\"auto, (max-width: 400px) 100vw, 400px\" \/><\/figure>\n\n\n\n<p class=\"has-black-color has-text-color\">El tapete est\u00e1 elaborado con arena de colores, flores, carrizo, piedras y gran cari\u00f1o hacia aquellos que lucharon hasta el \u00faltimo momento por la tierra y el territorio, los rostros de nuestros camaradas\u00a0<strong>Luis Armando Fuentes Aquino \u00abComandante Gato\u00bb<\/strong>\u00a0(asesinado el 11 de abril de 2019) y\u00a0<strong>Jes\u00fas Manuel Garc\u00eda Mart\u00ednez \u00abChu Pau\u00bb<\/strong>\u00a0(asesinado el pasado 27 de octubre de 2022), fueron acompa\u00f1ados de los nombres de otros camaradas que cayeron en combate enfrentando a grupos paramilitares: Faustino Acevedo Bail\u00f3n (4 de mayo de 2006), Alfredo Errestre V\u00e1zquez (13 de octubre de 2007), Rosalino D\u00edaz Barrera (31 de enero de 2008), Paulino Salud L\u00e1ndiz (4 de mayo de 2009). El tapete destaca la leyenda\u00a0<strong>\u00abLOS QUE MUEREN POR LA VIDA, NO PUEDEN LLAMARSE MUERTOS\u00bb<\/strong>, la consigna\u00a0<strong><em>\u00a1SolRojista s\u00ed se\u00f1or!<\/em><\/strong>\u00a0y el logotipo de nuestra organizaci\u00f3n.<\/p>\n\n\n\n<figure class=\"wp-block-image aligncenter size-full\"><img loading=\"lazy\" decoding=\"async\" width=\"400\" height=\"300\" src=\"https:\/\/nuevademocracia.com.co\/wp-content\/uploads\/2022\/11\/Altar1.jpeg\" alt=\"\" class=\"wp-image-25057\" srcset=\"https:\/\/nuevademocracia.com.co\/wp-content\/uploads\/2022\/11\/Altar1.jpeg 400w, https:\/\/nuevademocracia.com.co\/wp-content\/uploads\/2022\/11\/Altar1-300x225.jpeg 300w\" sizes=\"auto, (max-width: 400px) 100vw, 400px\" \/><\/figure>\n\n\n\n<p class=\"has-black-color has-text-color\">Paralelamente el altar de una comunidad en resistencia donde la Asamblea Popular garantiza el rumbo de la lucha, en este se plasma a los compa\u00f1eros que aportaron a la formaci\u00f3n de este embri\u00f3n de Nuevo Poder y se fueron luchando, con la esperanza que alg\u00fan d\u00eda tomaremos el poder, concretamente los camaradas\u00a0<strong>Javier L\u00f3pez Mart\u00ednez \u201cComandante Rojo\u201d<\/strong>\u00a0(19 de marzo de 2018<strong>), Yolanda Cabrera Gonz\u00e1lez<\/strong>\u00a0(17 de febrero de 2021) y\u00a0<strong>Sa\u00fal Morales Hern\u00e1ndez \u201cChino Pel\u00f3n\u201d<\/strong>\u00a0(10 de junio de 2021).<\/p>\n\n\n\n<figure class=\"wp-block-image aligncenter size-full\"><img loading=\"lazy\" decoding=\"async\" width=\"400\" height=\"177\" src=\"https:\/\/nuevademocracia.com.co\/wp-content\/uploads\/2022\/11\/Tapete-Tagolaba.jpeg\" alt=\"\" class=\"wp-image-25058\" srcset=\"https:\/\/nuevademocracia.com.co\/wp-content\/uploads\/2022\/11\/Tapete-Tagolaba.jpeg 400w, https:\/\/nuevademocracia.com.co\/wp-content\/uploads\/2022\/11\/Tapete-Tagolaba-300x133.jpeg 300w\" sizes=\"auto, (max-width: 400px) 100vw, 400px\" \/><\/figure>\n\n\n\n<p class=\"has-black-color has-text-color\">De igual forma, en Santa Cruz Tagolaba, donde recientemente fue asesinado el camarada \u201cChu Pau\u201d fue realizado un tapete monumental que evoca la lucha en defensa de la tierra, la oposici\u00f3n contra el Corredor Interoce\u00e1nico del Istmo de Tehuantepec (CIIT) y el trabajo campesino.<\/p>\n\n\n\n<p class=\"has-black-color has-text-color\">En otros lugares los camaradas recordaron los nombres de todos quienes a lo largo de estos 15\/6 a\u00f1os de organizaci\u00f3n y lucha clasista han ofrendado su vida generosamente por la Revoluci\u00f3n de Nueva Democracia; aqu\u00ed volvemos a compartir todos sus nombres en orden cronol\u00f3gico:<\/p>\n\n\n\n<p class=\"has-black-color has-text-color\">Faustino Acevedo Bail\u00f3n (asesinado el 4 de mayo de 2006), Alfredo Errestre V\u00e1zquez (asesinado el 13 de octubre de 2007), Rosalino D\u00edaz Barrera (asesinado el 31 de enero de 2008), Paulino Salud L\u00e1ndiz (asesinado 4 de mayo de 2009), Fernando Meraz (24 de agosto de 2016), Jorge Alberto Hern\u00e1ndez Jim\u00e9nez (22 de abril de 2018), Javier L\u00f3pez Mart\u00ednez \u201cComandante Rojo\u201d (19 de marzo de 2018), Luis Armando Fuentes Aquino \u00abComandante Gato\u00bb (asesinado el 11 de abril de 2019), Jorge Alberto Cruz Torrez (20 de abril de 2019), Joel Guti\u00e9rrez L\u00f3pez (4 de enero de 2021), Yolanda Cabrera Gonz\u00e1lez (17 de febrero de 2021), Sa\u00fal Morales Hern\u00e1ndez \u201cChino Pel\u00f3n\u201d (10 de junio de 2021), \u00c1ngel L\u00f3pez Pineda (22 de enero de 2022) y Jes\u00fas Manuel Garc\u00eda Mart\u00ednez \u00abChu Pau\u00bb (asesinado el pasado 27 de octubre de 2022), ante todos ellos inclinamos nuestras banderas rojas de la Revoluci\u00f3n de Nueva Democracia, agraria y antiimperialista, ininterrumpida hacia el Socialismo, las mismas banderas que con sus manos enarbolaron y defendieron en vida.\u00a0<\/p>\n\n\n\n<figure class=\"wp-block-gallery has-nested-images columns-default is-cropped wp-block-gallery-1 is-layout-flex wp-block-gallery-is-layout-flex\">\n<figure class=\"wp-block-image size-large\"><img loading=\"lazy\" decoding=\"async\" width=\"225\" height=\"400\" data-id=\"25059\" src=\"https:\/\/nuevademocracia.com.co\/wp-content\/uploads\/2022\/11\/Altar-3.jpeg\" alt=\"\" class=\"wp-image-25059\" srcset=\"https:\/\/nuevademocracia.com.co\/wp-content\/uploads\/2022\/11\/Altar-3.jpeg 225w, https:\/\/nuevademocracia.com.co\/wp-content\/uploads\/2022\/11\/Altar-3-169x300.jpeg 169w\" sizes=\"auto, (max-width: 225px) 100vw, 225px\" \/><\/figure>\n\n\n\n<figure class=\"wp-block-image size-large\"><img loading=\"lazy\" decoding=\"async\" width=\"225\" height=\"400\" data-id=\"25060\" src=\"https:\/\/nuevademocracia.com.co\/wp-content\/uploads\/2022\/11\/Tapete-central.jpeg\" alt=\"\" class=\"wp-image-25060\" srcset=\"https:\/\/nuevademocracia.com.co\/wp-content\/uploads\/2022\/11\/Tapete-central.jpeg 225w, https:\/\/nuevademocracia.com.co\/wp-content\/uploads\/2022\/11\/Tapete-central-169x300.jpeg 169w\" sizes=\"auto, (max-width: 225px) 100vw, 225px\" \/><\/figure>\n\n\n\n<figure class=\"wp-block-image size-large\"><img loading=\"lazy\" decoding=\"async\" width=\"225\" height=\"400\" data-id=\"25061\" src=\"https:\/\/nuevademocracia.com.co\/wp-content\/uploads\/2022\/11\/Tapete-central2.jpeg\" alt=\"\" class=\"wp-image-25061\" srcset=\"https:\/\/nuevademocracia.com.co\/wp-content\/uploads\/2022\/11\/Tapete-central2.jpeg 225w, https:\/\/nuevademocracia.com.co\/wp-content\/uploads\/2022\/11\/Tapete-central2-169x300.jpeg 169w\" sizes=\"auto, (max-width: 225px) 100vw, 225px\" \/><\/figure>\n\n\n\n<figure class=\"wp-block-image size-large\"><img loading=\"lazy\" decoding=\"async\" width=\"400\" height=\"284\" data-id=\"25062\" src=\"https:\/\/nuevademocracia.com.co\/wp-content\/uploads\/2022\/11\/Tapete-Tagolaba2.jpeg\" alt=\"\" class=\"wp-image-25062\" srcset=\"https:\/\/nuevademocracia.com.co\/wp-content\/uploads\/2022\/11\/Tapete-Tagolaba2.jpeg 400w, https:\/\/nuevademocracia.com.co\/wp-content\/uploads\/2022\/11\/Tapete-Tagolaba2-300x213.jpeg 300w\" sizes=\"auto, (max-width: 400px) 100vw, 400px\" \/><\/figure>\n<\/figure>\n\n\n\n<p class=\"has-text-align-center has-black-color has-text-color\">&nbsp;<strong>\u00a1Los que mueren por la vida no pueden llamarse muertos!<\/strong><\/p>\n\n\n\n<p class=\"has-text-align-center has-black-color has-text-color\"><strong>Corriente del Pueblo Sol Rojo<\/strong><\/p>\n\n\n\n<p class=\"has-text-align-center has-black-color has-text-color\"><strong>Noviembre de 2022<\/strong><\/p>\n\n\n\n<p class=\"has-text-align-center\"><\/p>\n\n\n\n<h2 class=\"has-text-align-center has-black-color has-text-color wp-block-heading\"><strong>Informe de las marchas simult\u00e1neas realizadas el pasado 9 de noviembre<\/strong><\/h2>\n\n\n\n<p class=\"has-text-align-center has-vivid-cyan-blue-color has-text-color\"><a href=\"https:\/\/solrojista.blogspot.com\/2022\/11\/mexico-informe-de-las-marchas.html\">https:\/\/solrojista.blogspot.com\/2022\/11\/mexico-informe-de-las-marchas.html<\/a><\/p>\n\n\n\n<figure class=\"wp-block-image aligncenter size-full\"><img loading=\"lazy\" decoding=\"async\" width=\"400\" height=\"300\" src=\"https:\/\/nuevademocracia.com.co\/wp-content\/uploads\/2022\/11\/Mex-1.jpeg\" alt=\"\" class=\"wp-image-25027\" srcset=\"https:\/\/nuevademocracia.com.co\/wp-content\/uploads\/2022\/11\/Mex-1.jpeg 400w, https:\/\/nuevademocracia.com.co\/wp-content\/uploads\/2022\/11\/Mex-1-300x225.jpeg 300w\" sizes=\"auto, (max-width: 400px) 100vw, 400px\" \/><\/figure>\n\n\n\n<p class=\"has-black-color has-text-color\">Tal como se ten\u00eda previsto el pasado mi\u00e9rcoles 9 de noviembre realizamos dos marchas simult\u00e1neas&nbsp;&nbsp; en Tehuantepec y Oaxaca, respectivamente, en exigencia de <strong>\u00a1Justicia y castigo a los culpables! <\/strong>luego del atentado que deriv\u00f3 en el asesinato del compa\u00f1ero Jes\u00fas Manuel Garc\u00eda Mart\u00ednez \u201cChu Pau\u201d y dej\u00f3 herido al compa\u00f1ero Erick S\u00e1nchez, dirigente de la CP-Sol Rojo en el Istmo de Tehuantepec.<\/p>\n\n\n\n<p class=\"has-black-color has-text-color\">La convocatoria para las marchas simult\u00e1neas fue bien recibida por las y los <strong>SolRojistas<\/strong>, contando con la solidaridad y acompa\u00f1amiento de distintas organizaciones democr\u00e1ticas que junto a la nuestra conformamos el Frente de Organizaciones Oaxaque\u00f1as-FORO.<\/p>\n\n\n\n<p class=\"has-black-color has-text-color\">Aqu\u00ed rendimos el informe de las actividades dirigido a la clase obrera, el campesinado pobre y las masas m\u00e1s amplias y profundas de nuestro pueblo. <a><\/a><\/p>\n\n\n\n<p class=\"has-black-color has-text-color\"><strong>1.&nbsp;&nbsp;&nbsp; Los preparativos y convocatoria<\/strong><\/p>\n\n\n\n<figure class=\"wp-block-image aligncenter size-full\"><img loading=\"lazy\" decoding=\"async\" width=\"400\" height=\"300\" src=\"https:\/\/nuevademocracia.com.co\/wp-content\/uploads\/2022\/11\/Mex-2.jpeg\" alt=\"\" class=\"wp-image-25028\" srcset=\"https:\/\/nuevademocracia.com.co\/wp-content\/uploads\/2022\/11\/Mex-2.jpeg 400w, https:\/\/nuevademocracia.com.co\/wp-content\/uploads\/2022\/11\/Mex-2-300x225.jpeg 300w\" sizes=\"auto, (max-width: 400px) 100vw, 400px\" \/><\/figure>\n\n\n\n<p class=\"has-black-color has-text-color\">La comunidad de Santa Cruz Tagolaba en resistencia realiz\u00f3 una asamblea general, a la que asistieron las y los comuneros que rechazan la imposici\u00f3n del Corredor Interoce\u00e1nico del Istmo de Tehuantepec (CIIT) por ser un proyecto ileg\u00edtimo, que jam\u00e1s ha sido debidamente informado a la comunidad para su deliberaci\u00f3n y consulta, y que adem\u00e1s ha sido \u201cpactado\u201d en un trato oscuro entre el viejo Estado, las autoridades municipales, el latifundio y la delincuencia agrupada en torno al \u201cc\u00e1rtel del despojo\u201d. Durante todos estos a\u00f1os los representantes del CIIT se han negado a hablar con la comunidad o a respetar su investidura y autonom\u00eda. Es claro que ante esta situaci\u00f3n las y los comuneros se han organizado y declarado en resistencia bajo la consigna <strong>\u00a1El CIIT, no pasar\u00e1!<\/strong><\/p>\n\n\n\n<p class=\"has-black-color has-text-color\">En esta \u00faltima asamblea la comunidad analiz\u00f3 la situaci\u00f3n interna derivada de la usurpaci\u00f3n de funciones que el pistolero Sergio Guti\u00e9rrez (hermano del mercenario \u201cTacho Canasta\u201d) ha realizado ostent\u00e1ndose como presidente del Comisariado de Bienes Comunales, aunque el Tribunal Unitario Agrario ha declarado nula la asamblea donde se autonombr\u00f3 por estar plagada de m\u00faltiples irregularidades. As\u00ed mismo la asamblea ha analizado la situaci\u00f3n de contexto en torno al atentado del 27 de octubre que cobr\u00f3 la vida del compa\u00f1ero \u201cChu Pau\u201d y mantiene al compa\u00f1ero Erick herido y bajo cuidados m\u00e9dicos permanentes.<\/p>\n\n\n\n<p class=\"has-black-color has-text-color\">La comunidad, al igual que la organizaci\u00f3n, no tiene ninguna duda respecto al atentado: <strong>\u00a1Fue el Estado!<\/strong>, pero esta vez hay nombres y apellidos: Anastacio Guti\u00e9rrez Garc\u00eda \u201cTacho Canasta\u201d y Sergio Guti\u00e9rrez Garc\u00eda, quienes durante a\u00f1os han despojado y dividido a la comunidad para cometer toda suerte de delitos, conformando una gavilla armada que sostiene su cacicazgo local para acaparar la mayor parte de tierras, la cuales negocian con particulares y con el viejo Estado, especialmente ahora que el CIIT necesita llevarse a cabo a costa de cualquier precio, a\u00fan sea la sangre de los comuneros.&nbsp;<\/p>\n\n\n\n<figure class=\"wp-block-image aligncenter size-full\"><img loading=\"lazy\" decoding=\"async\" width=\"295\" height=\"400\" src=\"https:\/\/nuevademocracia.com.co\/wp-content\/uploads\/2022\/11\/Mex-3.jpeg\" alt=\"\" class=\"wp-image-25029\" srcset=\"https:\/\/nuevademocracia.com.co\/wp-content\/uploads\/2022\/11\/Mex-3.jpeg 295w, https:\/\/nuevademocracia.com.co\/wp-content\/uploads\/2022\/11\/Mex-3-221x300.jpeg 221w\" sizes=\"auto, (max-width: 295px) 100vw, 295px\" \/><\/figure>\n\n\n\n<p class=\"has-black-color has-text-color\">El atentado cometido contra nuestros compa\u00f1eros ocurri\u00f3 la noche del 27 de octubre, aproximadamente a las 22:05hrs, apenas unos d\u00edas antes del Xhand\u00fa, que en el Istmo de Tehuantepec -como en todo M\u00e9xico- tiene un profundo significado material y espiritual para nuestros pueblos, y forma parte del proceso de resistencia cultural contra la colonizaci\u00f3n impuesta.<\/p>\n\n\n\n<p class=\"has-black-color has-text-color\">Por este motivo la comunidad de Santa Cruz Tagolaba en resistencia y nuestra organizaci\u00f3n coincidimos que era mejor respetar las celebraciones de muertos para no afectar a los trabadores y los pueblos, acordando que una vez terminadas estas realizar\u00edamos la movilizaci\u00f3n pol\u00edtica bajo la modalidad de marchas simult\u00e1neas, una en Tehuantepec y otra en la Ciudad de Oaxaca.<\/p>\n\n\n\n<p class=\"has-black-color has-text-color\">As\u00ed se emiti\u00f3 la convocatoria para realizar las marchas simult\u00e1neas este 9 de noviembre, inici\u00e1ndose las concentraciones a las 8am en Tehuantepec y Oaxaca. La convocatoria cont\u00f3 con el entusiasmo de la militancia <strong>SolRojista<\/strong> que d\u00edas previos realiz\u00f3 distintos carteles con el llamado.&nbsp;<\/p>\n\n\n\n<figure class=\"wp-block-image aligncenter size-full\"><img loading=\"lazy\" decoding=\"async\" width=\"400\" height=\"266\" src=\"https:\/\/nuevademocracia.com.co\/wp-content\/uploads\/2022\/11\/Mex-4.jpeg\" alt=\"\" class=\"wp-image-25030\" srcset=\"https:\/\/nuevademocracia.com.co\/wp-content\/uploads\/2022\/11\/Mex-4.jpeg 400w, https:\/\/nuevademocracia.com.co\/wp-content\/uploads\/2022\/11\/Mex-4-300x200.jpeg 300w\" sizes=\"auto, (max-width: 400px) 100vw, 400px\" \/><\/figure>\n\n\n\n<p class=\"has-black-color has-text-color\">Tambi\u00e9n de forma solidaria el FORO emiti\u00f3 un cartel en memoria del compa\u00f1ero \u201cChu Pau\u201d y en rechazo a la cumbre de la Alianza Pac\u00edfico que hasta hace unos d\u00edas estaba anunciada en Oaxaca para el 25 de noviembre, pero finalmente ha cambiado de sede ante el anuncio de las movilizaciones del FORO. Boric, Petro, Lula, AMLO y toda la canalla representante de la burgues\u00eda burocr\u00e1tica y el oportunismo en Am\u00e9rica Latina no pisar\u00e1n Oaxaca por temor a las movilizaciones de la izquierda anticapitalista.<\/p>\n\n\n\n<p class=\"has-black-color has-text-color\"><strong>2.&nbsp;&nbsp;&nbsp; De las acciones<\/strong><\/p>\n\n\n\n<figure class=\"wp-block-image aligncenter size-full\"><img loading=\"lazy\" decoding=\"async\" width=\"400\" height=\"300\" src=\"https:\/\/nuevademocracia.com.co\/wp-content\/uploads\/2022\/11\/Mex-5.jpeg\" alt=\"\" class=\"wp-image-25031\" srcset=\"https:\/\/nuevademocracia.com.co\/wp-content\/uploads\/2022\/11\/Mex-5.jpeg 400w, https:\/\/nuevademocracia.com.co\/wp-content\/uploads\/2022\/11\/Mex-5-300x225.jpeg 300w\" sizes=\"auto, (max-width: 400px) 100vw, 400px\" \/><\/figure>\n\n\n\n<p class=\"has-black-color has-text-color\">El sentimiento colectivo de la militancia es de rabia y combatividad por el clima de violencia reaccionaria desatada en contra de las comunidades que se oponen a los megaproyectos imperialistas de despojo y muerte, y por impunidad de la que gozan los pistoleros del Estado. Como lo ha dicho la organizaci\u00f3n en su bolet\u00edn\u2026 <em>\u201chace unas semanas, el propio Presidente de la Rep\u00fablica reconoci\u00f3 en su ma\u00f1anera que \u201cTacho Canasta\u201d y su hermano Sergio son integrantes del llamado \u201cc\u00e1rtel del despojo\u201d que opera en distintas regiones de Oaxaca\u2026 AMLO dijo que existen al menos 23 carpetas de investigaci\u00f3n en contra de \u201cTacho Canasta\u201d, y pese a estar vinculado a m\u00e1s de 4 procesos penales, contin\u00faa en libertad actuando en total impunidad\u201d<\/em>. Por esta raz\u00f3n los contingentes han respondido al llamado de forma combativa.<\/p>\n\n\n\n<p class=\"has-black-color has-text-color\">Cientos de campesinos pobres, colonos, j\u00f3venes y mujeres del pueblo han salido a las calles con la bandera <strong>SolRojista<\/strong> izada al tope, tanto en el Istmo como en Oaxaca.<\/p>\n\n\n\n<p class=\"has-black-color has-text-color\">En Tehuantepec la concentraci\u00f3n comenz\u00f3 en el Hotel Call\u00ed a donde arribaron las y los <strong>SolRojistas<\/strong> junto a otros contingentes solidarios de organizaciones como UCIZONI, CODEDI, CODEPO y COCISS, todas ellas parte del FORO. Banderas rojas, negras, blancas y verdes comenzaron a ondear en alto junto a las lonas de los comuneros de Santa Cruz Tagolaba que exigen la absoluci\u00f3n del compa\u00f1ero Salvador Pinal Mel\u00e9ndez y justicia para el compa\u00f1ero Jes\u00fas Manuel Garc\u00eda Mart\u00ednez \u201cChu Pau\u201d.&nbsp;<\/p>\n\n\n\n<figure class=\"wp-block-image aligncenter size-full\"><img loading=\"lazy\" decoding=\"async\" width=\"400\" height=\"225\" src=\"https:\/\/nuevademocracia.com.co\/wp-content\/uploads\/2022\/11\/Mex-6.jpeg\" alt=\"\" class=\"wp-image-25032\" srcset=\"https:\/\/nuevademocracia.com.co\/wp-content\/uploads\/2022\/11\/Mex-6.jpeg 400w, https:\/\/nuevademocracia.com.co\/wp-content\/uploads\/2022\/11\/Mex-6-300x169.jpeg 300w\" sizes=\"auto, (max-width: 400px) 100vw, 400px\" \/><\/figure>\n\n\n\n<p class=\"has-black-color has-text-color\">En Oaxaca la concentraci\u00f3n se dio en la Fuente de las 8 Regiones a donde CP-Sol Rojo, las BJP, el MFP y el FIZ se dieron cita. La ciudad nuevamente se inund\u00f3 con las banderas rojas de la Revoluci\u00f3n de Nueva Democracia, agraria y antiimperialista.<\/p>\n\n\n\n<p class=\"has-black-color has-text-color\">Dada la indicaci\u00f3n central, ambas concentraciones dieron inicio a los bloqueos, uno sobre la carretera trans\u00edstmica y otro sobre la calzada Porfirio D\u00edaz.&nbsp;<\/p>\n\n\n\n<figure class=\"wp-block-image aligncenter size-full\"><img loading=\"lazy\" decoding=\"async\" width=\"400\" height=\"180\" src=\"https:\/\/nuevademocracia.com.co\/wp-content\/uploads\/2022\/11\/Mex-7.jpeg\" alt=\"\" class=\"wp-image-25033\" srcset=\"https:\/\/nuevademocracia.com.co\/wp-content\/uploads\/2022\/11\/Mex-7.jpeg 400w, https:\/\/nuevademocracia.com.co\/wp-content\/uploads\/2022\/11\/Mex-7-300x135.jpeg 300w\" sizes=\"auto, (max-width: 400px) 100vw, 400px\" \/><\/figure>\n\n\n\n<p class=\"has-black-color has-text-color\">Las marchas tambi\u00e9n comenzaron de forma simult\u00e1nea con consignas como <strong><em>\u00a1Jes\u00fas Manuel no muri\u00f3, el Estado lo mat\u00f3! \u00a1Ojo por ojo, diente por diente, gobierno asesino la cuenta est\u00e1 pendiente! \u00a1Salvador Pinal Mel\u00e9ndez, libertad! \u00a1Presos pol\u00edticos, libertad!<\/em><\/strong> entre otras. Durante ambas marchas las juventudes realizaron pintas en bancos y comercios trasnacionales; particularmente en Tehuantepec se hicieron pintas en los Juzgados de Control y la vicefiscal\u00eda Regional desde donde se brinda protecci\u00f3n al mercenario \u201cTacho Canasta\u201d.&nbsp;<\/p>\n\n\n\n<figure class=\"wp-block-image aligncenter size-full\"><img loading=\"lazy\" decoding=\"async\" width=\"400\" height=\"300\" src=\"https:\/\/nuevademocracia.com.co\/wp-content\/uploads\/2022\/11\/Mex-8.jpeg\" alt=\"\" class=\"wp-image-25034\" srcset=\"https:\/\/nuevademocracia.com.co\/wp-content\/uploads\/2022\/11\/Mex-8.jpeg 400w, https:\/\/nuevademocracia.com.co\/wp-content\/uploads\/2022\/11\/Mex-8-300x225.jpeg 300w\" sizes=\"auto, (max-width: 400px) 100vw, 400px\" \/><\/figure>\n\n\n\n<p class=\"has-black-color has-text-color\">Las marchas fueron bajo la modalidad de pies cansados, esto implic\u00f3 otros bloqueos sobre su curso, en Tehuantepec afuera del cuartel regional de la Guardia Nacional, CFE y los Juzgados de Control; y en Oaxaca en Banamex, HSBC, Plaza Mazari y Fonapas.<\/p>\n\n\n\n<figure class=\"wp-block-image aligncenter size-full\"><img loading=\"lazy\" decoding=\"async\" width=\"399\" height=\"225\" src=\"https:\/\/nuevademocracia.com.co\/wp-content\/uploads\/2022\/11\/Mex-9.jpeg\" alt=\"\" class=\"wp-image-25035\" srcset=\"https:\/\/nuevademocracia.com.co\/wp-content\/uploads\/2022\/11\/Mex-9.jpeg 399w, https:\/\/nuevademocracia.com.co\/wp-content\/uploads\/2022\/11\/Mex-9-300x169.jpeg 300w\" sizes=\"auto, (max-width: 399px) 100vw, 399px\" \/><\/figure>\n\n\n\n<p class=\"has-black-color has-text-color\">En Tehuantepec la marcha arrib\u00f3 a las instalaciones de la vicefiscal\u00eda regional del Istmo a donde se realiz\u00f3 un vigoroso mitin y en Oaxaca al z\u00f3calo de la ciudad, donde tambi\u00e9n se realiz\u00f3 un mitin y se coloc\u00f3 una lona con la leyenda: <strong>El CIIT se construye a base de imposici\u00f3n, despojo, criminalizaci\u00f3n y muerte. \u00a1Absoluci\u00f3n a Salvador Pinal Mel\u00e9ndez! \u00a1Justicia para Jes\u00fas Manuel Garc\u00eda Mart\u00ednez!<\/strong><\/p>\n\n\n\n<figure class=\"wp-block-image aligncenter size-full\"><img loading=\"lazy\" decoding=\"async\" width=\"400\" height=\"225\" src=\"https:\/\/nuevademocracia.com.co\/wp-content\/uploads\/2022\/11\/Mex-10.jpeg\" alt=\"\" class=\"wp-image-25036\" srcset=\"https:\/\/nuevademocracia.com.co\/wp-content\/uploads\/2022\/11\/Mex-10.jpeg 400w, https:\/\/nuevademocracia.com.co\/wp-content\/uploads\/2022\/11\/Mex-10-300x169.jpeg 300w\" sizes=\"auto, (max-width: 400px) 100vw, 400px\" \/><\/figure>\n\n\n\n<p class=\"has-black-color has-text-color\">En ninguna de ambas marchas se registraron mayores incidentes, salvo las provocaciones de personal bancario y de CFE que como buenos esclavos del capital pretend\u00edan cuestionar las pintas y la oposici\u00f3n contra el CIIT. Los nutridos contingentes han rechazado estas provocaciones. En su recorrido los activistas distribuyeron panfletos con informaci\u00f3n sobre el atentado y la exigencia de justicia y castigo a los culpables.<\/p>\n\n\n\n<p class=\"has-black-color has-text-color\"><strong>3.&nbsp;&nbsp;&nbsp; Conclusiones<\/strong><\/p>\n\n\n\n<figure class=\"wp-block-image aligncenter size-full\"><img loading=\"lazy\" decoding=\"async\" width=\"400\" height=\"180\" src=\"https:\/\/nuevademocracia.com.co\/wp-content\/uploads\/2022\/11\/Mex-11.jpeg\" alt=\"\" class=\"wp-image-25037\" srcset=\"https:\/\/nuevademocracia.com.co\/wp-content\/uploads\/2022\/11\/Mex-11.jpeg 400w, https:\/\/nuevademocracia.com.co\/wp-content\/uploads\/2022\/11\/Mex-11-300x135.jpeg 300w\" sizes=\"auto, (max-width: 400px) 100vw, 400px\" \/><\/figure>\n\n\n\n<p class=\"has-black-color has-text-color\">Salir a las calles a denunciar los cr\u00edmenes contra el pueblo es totalmente importante, a la par que informar y sensibilizar al pueblo trabajador sobre las pol\u00edticas antipopulares del viejo Estado que son dictadas desde los centros econ\u00f3micos del imperialismo, principalmente yanqui. Los megaproyectos, la militarizaci\u00f3n, el paramilitarismo, la guerra contra el pueblo y la criminalizaci\u00f3n del movimiento popular son el reflejo de esa pol\u00edtica de fondo contrainsurgente.<\/p>\n\n\n\n<p class=\"has-black-color has-text-color\">El llamado sigue siendo a organizar a los no organizados, a construir organizaci\u00f3n clasista y de combate en la perspectiva no de la conciliaci\u00f3n con el r\u00e9gimen, sus gobiernos o sus partidos, sino principalmente de romper con todo ello, de avanzar hacia formas de formas de organizaci\u00f3n y formas de lucha superiores, avanzar en la conformaci\u00f3n del Frente \u00danico anticapitalista y antiimperialista, desbrozar el camino del programa de la Revoluci\u00f3n de Nueva Democracia que barra con la semifeudalidad, la semicolonialidad y el capitalismo burocr\u00e1tico.&nbsp;<\/p>\n\n\n\n<figure class=\"wp-block-image aligncenter size-full\"><img loading=\"lazy\" decoding=\"async\" width=\"400\" height=\"180\" src=\"https:\/\/nuevademocracia.com.co\/wp-content\/uploads\/2022\/11\/Mex-12.jpeg\" alt=\"\" class=\"wp-image-25038\" srcset=\"https:\/\/nuevademocracia.com.co\/wp-content\/uploads\/2022\/11\/Mex-12.jpeg 400w, https:\/\/nuevademocracia.com.co\/wp-content\/uploads\/2022\/11\/Mex-12-300x135.jpeg 300w\" sizes=\"auto, (max-width: 400px) 100vw, 400px\" \/><\/figure>\n\n\n\n<p class=\"has-black-color has-text-color\">Oaxaca est\u00e1 en un momento coyuntural importante, donde el PRI est\u00e1 a punto de concluir su gobierno el pr\u00f3ximo 30 de noviembre, y ser\u00e1 Morena quien asuma la gerencia del gobierno estatal. Sin duda este cambio no ser\u00e1 arm\u00f3nico, nuestra entidad siempre ha sido un laboratorio pol\u00edtico donde el viejo Estado y sus gobiernos en turno quieren ensayar nuevas formas de control, sometimiento y aplastamiento del movimiento popular, aunque nunca con \u00e9xito. Los asesinatos y persecuci\u00f3n contra activistas del movimiento popular as\u00ed lo demuestran, al igual que la violencia creciente que se vive en la entidad contra el pueblo de a pie con homicidios, feminicidios, desapariciones, despojo, desempleo, hambre, discriminaci\u00f3n, miseria, etc.&nbsp;<\/p>\n\n\n\n<figure class=\"wp-block-image aligncenter size-full\"><img loading=\"lazy\" decoding=\"async\" width=\"310\" height=\"400\" src=\"https:\/\/nuevademocracia.com.co\/wp-content\/uploads\/2022\/11\/Mex-13.jpeg\" alt=\"\" class=\"wp-image-25039\" srcset=\"https:\/\/nuevademocracia.com.co\/wp-content\/uploads\/2022\/11\/Mex-13.jpeg 310w, https:\/\/nuevademocracia.com.co\/wp-content\/uploads\/2022\/11\/Mex-13-233x300.jpeg 233w\" sizes=\"auto, (max-width: 310px) 100vw, 310px\" \/><\/figure>\n\n\n\n<p class=\"has-black-color has-text-color\">Toca a las fuerzas progresistas, democr\u00e1ticas y revolucionarias al interior del movimiento popular seguir fortaleciendo el polo de unidad anticapitalista que el FORO viene construyendo para dotar a este de la capacidad pol\u00edtica de concientizar, nuclear y movilizar a los trabajadores y los pueblos para la defensa irrestricta de sus derechos, a la par que se siguen ejerciendo y desarrollando los ensayos de poder popular que existen en las diferentes geograf\u00edas del Oaxaca de abajo.&nbsp;<\/p>\n\n\n\n<figure class=\"wp-block-image aligncenter size-full\"><img loading=\"lazy\" decoding=\"async\" width=\"400\" height=\"225\" src=\"https:\/\/nuevademocracia.com.co\/wp-content\/uploads\/2022\/11\/Mex-14.jpeg\" alt=\"\" class=\"wp-image-25040\" srcset=\"https:\/\/nuevademocracia.com.co\/wp-content\/uploads\/2022\/11\/Mex-14.jpeg 400w, https:\/\/nuevademocracia.com.co\/wp-content\/uploads\/2022\/11\/Mex-14-300x169.jpeg 300w\" sizes=\"auto, (max-width: 400px) 100vw, 400px\" \/><\/figure>\n\n\n\n<p class=\"has-black-color has-text-color\">De igual manera no bajar las banderas de la lucha pol\u00edtica, la exigencia de libertad a los presos pol\u00edticos, presentaci\u00f3n con vida de los desaparecidos y castigo a los asesinos del pueblo; la oposici\u00f3n contra los megaproyectos imperialistas de despojo y muerte, as\u00ed como en contra de la militarizaci\u00f3n del pa\u00eds.&nbsp;<\/p>\n\n\n\n<figure class=\"wp-block-gallery has-nested-images columns-default is-cropped wp-block-gallery-2 is-layout-flex wp-block-gallery-is-layout-flex\">\n<figure class=\"wp-block-image size-large\"><img loading=\"lazy\" decoding=\"async\" width=\"400\" height=\"300\" data-id=\"25041\" src=\"https:\/\/nuevademocracia.com.co\/wp-content\/uploads\/2022\/11\/Mex-15.jpeg\" alt=\"\" class=\"wp-image-25041\" srcset=\"https:\/\/nuevademocracia.com.co\/wp-content\/uploads\/2022\/11\/Mex-15.jpeg 400w, https:\/\/nuevademocracia.com.co\/wp-content\/uploads\/2022\/11\/Mex-15-300x225.jpeg 300w\" sizes=\"auto, (max-width: 400px) 100vw, 400px\" \/><\/figure>\n\n\n\n<figure class=\"wp-block-image size-large\"><img loading=\"lazy\" decoding=\"async\" width=\"400\" height=\"300\" data-id=\"25042\" src=\"https:\/\/nuevademocracia.com.co\/wp-content\/uploads\/2022\/11\/Mex-16.jpeg\" alt=\"\" class=\"wp-image-25042\" srcset=\"https:\/\/nuevademocracia.com.co\/wp-content\/uploads\/2022\/11\/Mex-16.jpeg 400w, https:\/\/nuevademocracia.com.co\/wp-content\/uploads\/2022\/11\/Mex-16-300x225.jpeg 300w\" sizes=\"auto, (max-width: 400px) 100vw, 400px\" \/><\/figure>\n\n\n\n<figure class=\"wp-block-image size-large\"><img loading=\"lazy\" decoding=\"async\" width=\"400\" height=\"300\" data-id=\"25045\" src=\"https:\/\/nuevademocracia.com.co\/wp-content\/uploads\/2022\/11\/Mex-17.jpeg\" alt=\"\" class=\"wp-image-25045\" srcset=\"https:\/\/nuevademocracia.com.co\/wp-content\/uploads\/2022\/11\/Mex-17.jpeg 400w, https:\/\/nuevademocracia.com.co\/wp-content\/uploads\/2022\/11\/Mex-17-300x225.jpeg 300w\" sizes=\"auto, (max-width: 400px) 100vw, 400px\" \/><\/figure>\n\n\n\n<figure class=\"wp-block-image size-large\"><img loading=\"lazy\" decoding=\"async\" width=\"400\" height=\"300\" data-id=\"25044\" src=\"https:\/\/nuevademocracia.com.co\/wp-content\/uploads\/2022\/11\/Mex-18.jpeg\" alt=\"\" class=\"wp-image-25044\" srcset=\"https:\/\/nuevademocracia.com.co\/wp-content\/uploads\/2022\/11\/Mex-18.jpeg 400w, https:\/\/nuevademocracia.com.co\/wp-content\/uploads\/2022\/11\/Mex-18-300x225.jpeg 300w\" sizes=\"auto, (max-width: 400px) 100vw, 400px\" \/><\/figure>\n\n\n\n<figure class=\"wp-block-image size-large\"><img loading=\"lazy\" decoding=\"async\" width=\"400\" height=\"300\" data-id=\"25043\" src=\"https:\/\/nuevademocracia.com.co\/wp-content\/uploads\/2022\/11\/Mex-19.jpeg\" alt=\"\" class=\"wp-image-25043\" srcset=\"https:\/\/nuevademocracia.com.co\/wp-content\/uploads\/2022\/11\/Mex-19.jpeg 400w, https:\/\/nuevademocracia.com.co\/wp-content\/uploads\/2022\/11\/Mex-19-300x225.jpeg 300w\" sizes=\"auto, (max-width: 400px) 100vw, 400px\" \/><\/figure>\n\n\n\n<figure class=\"wp-block-image size-large\"><img loading=\"lazy\" decoding=\"async\" width=\"400\" height=\"300\" data-id=\"25046\" src=\"https:\/\/nuevademocracia.com.co\/wp-content\/uploads\/2022\/11\/Mex-20.jpeg\" alt=\"\" class=\"wp-image-25046\" srcset=\"https:\/\/nuevademocracia.com.co\/wp-content\/uploads\/2022\/11\/Mex-20.jpeg 400w, https:\/\/nuevademocracia.com.co\/wp-content\/uploads\/2022\/11\/Mex-20-300x225.jpeg 300w\" sizes=\"auto, (max-width: 400px) 100vw, 400px\" \/><\/figure>\n<\/figure>\n\n\n\n<p class=\"has-text-align-center has-black-color has-text-color\"><strong>\u00a1Ni un paso atr\u00e1s en la defensa de los derechos del pueblo!<\/strong><\/p>\n\n\n\n<p class=\"has-text-align-center has-black-color has-text-color\"><strong>\u00a1Ante los megaproyectos imperialistas de despojo y muerte, combatir y resistir!<\/strong><\/p>\n\n\n\n<p class=\"has-text-align-center has-black-color has-text-color\"><strong>\u00a1Absoluci\u00f3n a Salvador Pinal Mel\u00e9ndez!<\/strong><\/p>\n\n\n\n<p class=\"has-text-align-center has-black-color has-text-color\"><strong>\u00a1Justicia para Jes\u00fas Manuel Garc\u00eda Mart\u00ednez!<\/strong><\/p>\n\n\n\n<p class=\"has-text-align-center has-black-color has-text-color\"><strong>#JusticiaParaLuisArmando<\/strong><\/p>\n\n\n\n<p class=\"has-text-align-center has-black-color has-text-color\"><strong>#DrSernasPresentaci\u00f3nConVida<\/strong><\/p>\n\n\n\n<p class=\"has-text-align-center has-black-color has-text-color\"><strong>\u00a1Con el Sol Rojo, el pueblo vencer\u00e1!<\/strong><\/p>\n\n\n\n<p class=\"has-text-align-center\"> <\/p>\n\n\n\n<p class=\"has-text-align-center has-black-color has-text-color\"><strong>Corriente del Pueblo Sol Rojo<\/strong><\/p>\n","protected":false},"excerpt":{"rendered":"<p>*Compartimos algunas publicaciones de los compa\u00f1eros de la organizaci\u00f3n democr\u00e1tica y revolucionaria mexicana Corriente del Pueblo \u2013 Sol Rojo denunciando los recientes asesinatos y atentados contra activistas de sus filas y de otras organizaciones populares en este pa\u00eds. Desde estas p\u00e1ginas nos sumamos a la campa\u00f1a para exigir justicia y castigo a los culpables del [&hellip;]<\/p>\n","protected":false},"author":1,"featured_media":25039,"comment_status":"open","ping_status":"open","sticky":false,"template":"","format":"standard","meta":{"footnotes":""},"categories":[31],"tags":[21,89,40,48,41],"class_list":["post-25025","post","type-post","status-publish","format-standard","has-post-thumbnail","hentry","category-internacional","tag-campesinos","tag-corriente-del-pueblo-sol-rojo","tag-mexico","tag-presos-politicos","tag-represion-estatal"],"blocksy_meta":[],"_links":{"self":[{"href":"https:\/\/nuevademocracia.com.co\/index.php?rest_route=\/wp\/v2\/posts\/25025","targetHints":{"allow":["GET"]}}],"collection":[{"href":"https:\/\/nuevademocracia.com.co\/index.php?rest_route=\/wp\/v2\/posts"}],"about":[{"href":"https:\/\/nuevademocracia.com.co\/index.php?rest_route=\/wp\/v2\/types\/post"}],"author":[{"embeddable":true,"href":"https:\/\/nuevademocracia.com.co\/index.php?rest_route=\/wp\/v2\/users\/1"}],"replies":[{"embeddable":true,"href":"https:\/\/nuevademocracia.com.co\/index.php?rest_route=%2Fwp%2Fv2%2Fcomments&post=25025"}],"version-history":[{"count":6,"href":"https:\/\/nuevademocracia.com.co\/index.php?rest_route=\/wp\/v2\/posts\/25025\/revisions"}],"predecessor-version":[{"id":25069,"href":"https:\/\/nuevademocracia.com.co\/index.php?rest_route=\/wp\/v2\/posts\/25025\/revisions\/25069"}],"wp:featuredmedia":[{"embeddable":true,"href":"https:\/\/nuevademocracia.com.co\/index.php?rest_route=\/wp\/v2\/media\/25039"}],"wp:attachment":[{"href":"https:\/\/nuevademocracia.com.co\/index.php?rest_route=%2Fwp%2Fv2%2Fmedia&parent=25025"}],"wp:term":[{"taxonomy":"category","embeddable":true,"href":"https:\/\/nuevademocracia.com.co\/index.php?rest_route=%2Fwp%2Fv2%2Fcategories&post=25025"},{"taxonomy":"post_tag","embeddable":true,"href":"https:\/\/nuevademocracia.com.co\/index.php?rest_route=%2Fwp%2Fv2%2Ftags&post=25025"}],"curies":[{"name":"wp","href":"https:\/\/api.w.org\/{rel}","templated":true}]}}