{"id":25048,"date":"2022-11-21T11:51:33","date_gmt":"2022-11-21T16:51:33","guid":{"rendered":"https:\/\/nuevademocracia.com.co\/?p=25048"},"modified":"2024-07-10T13:28:00","modified_gmt":"2024-07-10T18:28:00","slug":"atentado-en-brasil-area-campesina-es-blanco-de-incendio-criminal-por-parte-de-la-extrema-derecha","status":"publish","type":"post","link":"https:\/\/nuevademocracia.com.co\/?p=25048","title":{"rendered":"Atentado en Brasil: \u00c1rea campesina es blanco de incendio criminal por parte de la extrema-derecha"},"content":{"rendered":"\n<p class=\"has-black-color has-text-color\"><em>*A continuaci\u00f3n compartimos con nuestros lectores la traducci\u00f3n de este art\u00edculo publicado el pasado 16 de noviembre por la prensa democr\u00e1tica y popular brasile\u00f1a A Nova Democracia de Brasil. Estos acontecimientos se enmarcan en la aguda crisis que atraviesa este pa\u00eds y la convulsa situaci\u00f3n pol\u00edtica que atraviesa. Es importante que todos los sectores dem\u00f3cratas, progresistas y revolucionarios colombianos presten seria atenci\u00f3n a la situaci\u00f3n de la lucha de clases en Brasil y se movilicen con una solidaridad activa hacia las organizaciones democr\u00e1ticas y populares que all\u00ed act\u00faan.<\/em><\/p>\n\n\n\n<figure class=\"wp-block-image aligncenter size-full\"><img loading=\"lazy\" decoding=\"async\" width=\"800\" height=\"600\" src=\"https:\/\/nuevademocracia.com.co\/wp-content\/uploads\/2022\/11\/00003.jpg\" alt=\"\" class=\"wp-image-25049\" srcset=\"https:\/\/nuevademocracia.com.co\/wp-content\/uploads\/2022\/11\/00003.jpg 800w, https:\/\/nuevademocracia.com.co\/wp-content\/uploads\/2022\/11\/00003-300x225.jpg 300w, https:\/\/nuevademocracia.com.co\/wp-content\/uploads\/2022\/11\/00003-768x576.jpg 768w\" sizes=\"auto, (max-width: 800px) 100vw, 800px\" \/><figcaption class=\"wp-element-caption\"><mark style=\"background-color:rgba(0, 0, 0, 0)\" class=\"has-inline-color has-black-color\"><em>Campesinos al lado del Marco Memorial en la Villa Unidos con Dios Venceremos, localizada en el \u00c1rea Revolucionaria Cleomar Rodrigues. Foto: Banco de datos AND<\/em><\/mark><\/figcaption><\/figure>\n\n\n\n<p class=\"has-black-color has-text-color\">El \u00e1rea revolucionaria Cleomar Rodrigues, munici\u00edo de Pedras de Maria da Cruz (Norte de Minas), fue blanco de un atentado pol\u00edtico, en la noche del d\u00eda 20 de octubre. La acci\u00f3n criminal consisti\u00f3 en un incendio contra la cara de un morador, en la entrada del \u00e1rea, provocado a trav\u00e9s de una hendidura. Ropas y pertenencias del morador y materiales de propaganda de la Asamblea Popular (AP) fueron destruidos por las llamas.<\/p>\n\n\n\n<p class=\"has-black-color has-text-color\">Seg\u00fan denuncia de los campesinos, el atentado ocurri\u00f3 \u201cdurante la salida de los compa\u00f1eros que hab\u00edan ido hasta la ciudad a hacer compras\u201d. Se\u00f1alaron tambi\u00e9n que \u201cla destrucci\u00f3n no fue mayor porque otros campesinos vecinos percibieron el fuego y corrieron para contener las llamas que se regaban en el cuarto donde quedaban las ropas, una cama, un tanque de agua, una sombrilla de la comunidad y los materiales de propaganda\u201d.<\/p>\n\n\n\n<p class=\"has-black-color has-text-color\">En una nota, la Liga de Campesinos Pobres (LCP) del Norte de Minas y Sur de Bah\u00eda afirm\u00f3 que el atentado fue provocado y al mando de latifundistas de la regi\u00f3n, \u201cque desde el 2008 declararon la guerra a los campesinos\u201d. Y resaltaron: \u201cdesde aquella \u00e9poca, diversos atentados fueron cometidos contra los campesinos por los latifundistas de la hacienda con Antonio Carlos Vinagre a la cabeza y latifundistas vecinos que juntos planificaron y promovieron acciones que van desde amenazas de muerte a los campesinos, cerrando la v\u00eda que da acceso a la ciudad por el borde de Rio S\u00e3o Franciso, incendio del barrac\u00f3n de campesinos y pescadores y destrucci\u00f3n de plantaciones en 2010, hasta el brutal asesinato, a tiros, del dirigente campesino Cleomar Rodrigues, tras una emboscada en el \u00e1rea donde viv\u00eda, el 22 de octubre de 2014\u201d.<\/p>\n\n\n\n<p class=\"has-black-color has-text-color\">La LCP destac\u00f3 que \u201clos latifundistas se arman cada vez m\u00e1s a la luz del d\u00eda y siguen cometiendo sus cr\u00edmenes, con total complicidad del viejo Estado\u201d.<\/p>\n\n\n\n<p class=\"has-black-color has-text-color\">Ese atentado con fuego se suma a un conjunto de acontecimientos que revelan el crecimiento de las acciones de la extrema-derecha, instigado por el presidente de turno Jair Bolsonaro, que declar\u00f3, en dos oportunidades, que la LCP es \u201cterrorismo que comienza en el campo y va a la ciudad\u201d y declarando la guerra al Movimiento. Adem\u00e1s de los ataques contra la LCP, la extrema-derecha ha realizado cierres de v\u00edas financiados por pol\u00edticos, latifundistas, polic\u00edas y due\u00f1os clubes de tiros (seg\u00fan investigaciones en curso reveladas por la prensa), llegando hasta atentados a tiros, como los ocurridos contra la redacci\u00f3n de un peri\u00f3dico en Porto Velho, Rondonia, y en un bloqueo de Novo Progresso, en Par\u00e1.<\/p>\n\n\n\n<p class=\"has-black-color has-text-color\">Como destaca la editorial semanal <strong>Resistir a la ofensiva contrarrevolucionaria en la nueva situaci\u00f3n<\/strong>, \u201cestas huestes, desde las cloacas de la sociedad, salieron a la superficie descaradamente, tramando y ejecutando sus provocaciones, ataques pol\u00edticos y ataques armados, instigados por d\u00e9cadas de gritos reaccionarios y anticomunistas de esa misma derecha liberal que hoy quiere aparentar ser un \u2018dem\u00f3crata\u2019\u201d, siendo necesario \u201cgolpearlas medida por medida y con toda la furia\u201d.<\/p>\n\n\n\n<p class=\"has-text-align-center has-black-color has-text-color\"><strong>El latifundio intenta expulsar los campesinos<\/strong><\/p>\n\n\n\n<p class=\"has-black-color has-text-color\">El movimiento campesino destac\u00f3, en la misma nota, que ese atentado se relaciona con la lucha por la tierra en la regi\u00f3n, y acontecimientos que se remontan al asesinato del dirigente campesino Cleomar Rodrigues.<\/p>\n\n\n\n<p class=\"has-black-color has-text-color\">\u201cAntes de ser asesinado, el compa\u00f1ero Cleomar denunci\u00f3 diversas veces que hab\u00eda recibido amenazas de muerte por parte del polic\u00eda civil Danilo de Janu\u00e1ria, en compa\u00f1\u00eda de Marcos Gusm\u00e3o, que est\u00e1 siendo acusado por la ejecuci\u00f3n del compa\u00f1ero, junto con Marcos Aur\u00e9lio. No obstante, con menos de un a\u00f1o presos, ellos fueron puestos en libertad, y los acusados nunca fueron siquiera citados\u201d, denunci\u00f3 la LCP.<\/p>\n\n\n\n<p class=\"has-black-color has-text-color\">La LCP destaca que, en 2016, dos a\u00f1os despu\u00e9s del asesinato de Cleomar, \u201cparte de las tierras despojadas por el latifundio fueron retomadas por los campesinos y el \u00c1rea pas\u00f3 a ser nombrada Cleomar Rodrigues en su honor\u201d, \u201clas tierras fueron cortadas y distribuidas entre los campesinos y desde entonces las familias luchan para sobrevivir con dignidad, produciendo sin ning\u00fan apoyo del viejo Estado\u201d. No obstante, el movimiento denuncia que \u201crecientemente corre una informaci\u00f3n de que la hacienda Pedras de Maria fue vendida a Walter Santana Arantes, el verdugo de los campesinos del Norte de Minas\u201d, destacando que \u201ceste enemigo del pueblo norte-mineiro est\u00e1 acumulando cr\u00edmenes contra el pueblo y su cuenta est\u00e1 cada d\u00eda m\u00e1s alta, est\u00e1 intentando expulsar a los campesinos de Arapuim, porque cuenta con dinero para comprar la justicia y los pol\u00edticos que son sus aliados\u201d. El movimiento campesin\u00f3 afirm\u00f3 que \u201c\u00a1todos los que se asocien con ese bandido ya saben d\u00f3nde se est\u00e1n metiendo y desde ya est\u00e1n con las manos manchadas de sangre del compa\u00f1ero Cleomar y de tantos otros h\u00e9roes del pueblo brasile\u00f1o!\u201d.<\/p>\n","protected":false},"excerpt":{"rendered":"<p>*A continuaci\u00f3n compartimos con nuestros lectores la traducci\u00f3n de este art\u00edculo publicado el pasado 16 de noviembre por la prensa democr\u00e1tica y popular brasile\u00f1a A Nova Democracia de Brasil. Estos acontecimientos se enmarcan en la aguda crisis que atraviesa este pa\u00eds y la convulsa situaci\u00f3n pol\u00edtica que atraviesa. Es importante que todos los sectores dem\u00f3cratas, [&hellip;]<\/p>\n","protected":false},"author":1,"featured_media":25049,"comment_status":"open","ping_status":"open","sticky":false,"template":"","format":"standard","meta":{"footnotes":""},"categories":[31,144],"tags":[88,82,21,90,41],"class_list":["post-25048","post","type-post","status-publish","format-standard","has-post-thumbnail","hentry","category-internacional","category-lucha-por-la-tierra","tag-a-nova-democracia","tag-brasil","tag-campesinos","tag-lcp","tag-represion-estatal"],"blocksy_meta":[],"_links":{"self":[{"href":"https:\/\/nuevademocracia.com.co\/index.php?rest_route=\/wp\/v2\/posts\/25048","targetHints":{"allow":["GET"]}}],"collection":[{"href":"https:\/\/nuevademocracia.com.co\/index.php?rest_route=\/wp\/v2\/posts"}],"about":[{"href":"https:\/\/nuevademocracia.com.co\/index.php?rest_route=\/wp\/v2\/types\/post"}],"author":[{"embeddable":true,"href":"https:\/\/nuevademocracia.com.co\/index.php?rest_route=\/wp\/v2\/users\/1"}],"replies":[{"embeddable":true,"href":"https:\/\/nuevademocracia.com.co\/index.php?rest_route=%2Fwp%2Fv2%2Fcomments&post=25048"}],"version-history":[{"count":2,"href":"https:\/\/nuevademocracia.com.co\/index.php?rest_route=\/wp\/v2\/posts\/25048\/revisions"}],"predecessor-version":[{"id":25051,"href":"https:\/\/nuevademocracia.com.co\/index.php?rest_route=\/wp\/v2\/posts\/25048\/revisions\/25051"}],"wp:featuredmedia":[{"embeddable":true,"href":"https:\/\/nuevademocracia.com.co\/index.php?rest_route=\/wp\/v2\/media\/25049"}],"wp:attachment":[{"href":"https:\/\/nuevademocracia.com.co\/index.php?rest_route=%2Fwp%2Fv2%2Fmedia&parent=25048"}],"wp:term":[{"taxonomy":"category","embeddable":true,"href":"https:\/\/nuevademocracia.com.co\/index.php?rest_route=%2Fwp%2Fv2%2Fcategories&post=25048"},{"taxonomy":"post_tag","embeddable":true,"href":"https:\/\/nuevademocracia.com.co\/index.php?rest_route=%2Fwp%2Fv2%2Ftags&post=25048"}],"curies":[{"name":"wp","href":"https:\/\/api.w.org\/{rel}","templated":true}]}}