{"id":25070,"date":"2022-11-23T12:02:33","date_gmt":"2022-11-23T17:02:33","guid":{"rendered":"https:\/\/nuevademocracia.com.co\/?p=25070"},"modified":"2022-11-29T11:22:54","modified_gmt":"2022-11-29T16:22:54","slug":"acciones-internacionales-en-solidaridad-con-activistas-mexicanos-asesinados","status":"publish","type":"post","link":"https:\/\/nuevademocracia.com.co\/?p=25070","title":{"rendered":"Acciones internacionales en solidaridad con activistas mexicanos asesinados [Actualizaci\u00f3n]"},"content":{"rendered":"\n<p class=\"has-black-color has-text-color\">Hace algunas semanas se conocieron las denuncias realizadas por la organizaci\u00f3n democr\u00e1tica y popular mexicana Corriente del Pueblo \u2013 Sol Rojo sobre el atentado contra el compa\u00f1ero Erick S\u00e1nchez Guti\u00e9rrez (dirigente regional de la CP-SR) y el asesinato de los activistas Filogonio Mart\u00ednez Merino (integrante del Consejo de Pueblos Unidos por la Defensa del R\u00edo Verde) y Jes\u00fas Manuel Garc\u00eda Mart\u00ednez (comunero de Santa Cruz Tagolaba e integrante de la CP-SR). Tambi\u00e9n desde el a\u00f1o pasado los revolucionarios mexicanos vienen denunciando la detenci\u00f3n arbitraria del compa\u00f1ero Salvador Pinal Mel\u00e9ndez y exigiendo su libertad y absoluci\u00f3n inmediata.<\/p>\n\n\n\n<p class=\"has-black-color has-text-color\">Ante estas denuncias y enarbolando el internacionalismo proletario se han movilizado en algunos pa\u00edses activistas, revolucionarios y comunistas realizando m\u00faltiples acciones en solidaridad con el valeroso pueblo mexicano y muy especialmente con el ejemplar proceso que llevan adelante en Oaxaca y en otras zonas del pa\u00eds los compa\u00f1eros de Corriente del Pueblo \u2013 Sol Rojo, quienes por su perseverante y arraigado trabajo entre las masas m\u00e1s pobres han sido blanco de la violenta represi\u00f3n estatal y paramilitar.<\/p>\n\n\n\n<p class=\"has-black-color has-text-color\">En Colombia, un grupo de obreros y estudiantes realizaron una jornada de agitaci\u00f3n y propaganda en los sectores aleda\u00f1os a la Universidad de Antioquia (Medell\u00edn) denunciando el atentado contra el compa\u00f1ero Erick y el asesinato a los compa\u00f1eros \u201cChu Pau\u201d y Filogonio. Durante la jornada se pegaron numerosos carteles informando sobre los acontecimientos en Oaxaca sum\u00e1ndose a la consigna: <strong>\u00a1Justicia y castigo para los culpables del asesinato a los compa\u00f1eros!<\/strong> En medio de la actividad conversaron con diversos transe\u00fantes inform\u00e1ndoles sobre los hechos. Algunos revolucionarios difundieron entre los activistas las \u00faltimas publicaciones realizadas en el blog <em>Solrojista<\/em> y llamaron a enarbolar una solidaridad activa y estar pendientes de la evoluci\u00f3n de la situaci\u00f3n pol\u00edtica en M\u00e9xico, disponi\u00e9ndose para nuevas acciones en el futuro. Los activistas tambi\u00e9n celebraron la suspensi\u00f3n de la cumbre de la Alianza Pac\u00edfico, resaltando la presi\u00f3n ejercida por el Frente de Organizaciones Oaxaque\u00f1as (FORO) y diversas organizaciones democr\u00e1ticas y anticapitalistas mexicanas que rechazaron firmemente la realizaci\u00f3n de esta cumbre oportunista y vendepatria. Como bien lo resaltaron los revolucionarios mexicanos: \u201c<em>De confirmarse la cancelaci\u00f3n de esta cumbre, la izquierda democr\u00e1tica-revolucionaria estar\u00e1 asestando una importante derrota no solo a los gobiernos lacayunos de Am\u00e9rica Latina, sino tambi\u00e9n al imperialismo yanqui<\/em>\u201d. Aqu\u00ed compartimos el registro fotogr\u00e1fico de la acci\u00f3n por parte de colaboradores de Nueva Democracia:<\/p>\n\n\n\n<figure class=\"wp-block-image aligncenter size-full\"><img loading=\"lazy\" decoding=\"async\" width=\"724\" height=\"1024\" src=\"https:\/\/nuevademocracia.com.co\/wp-content\/uploads\/2022\/11\/Mex-Col-07.png\" alt=\"\" class=\"wp-image-25086\" srcset=\"https:\/\/nuevademocracia.com.co\/wp-content\/uploads\/2022\/11\/Mex-Col-07.png 724w, https:\/\/nuevademocracia.com.co\/wp-content\/uploads\/2022\/11\/Mex-Col-07-212x300.png 212w\" sizes=\"auto, (max-width: 724px) 100vw, 724px\" \/><figcaption class=\"wp-element-caption\"><mark style=\"background-color:rgba(0, 0, 0, 0)\" class=\"has-inline-color has-black-color\">Este fue el c<em>artel que obreros y estudiantes estuvieron difundiendo en las calles de Medell\u00edn reivindicando los dos activistas mexicanos asesinados<\/em><\/mark><\/figcaption><\/figure>\n\n\n\n<figure class=\"wp-block-gallery has-nested-images columns-2 is-cropped wp-block-gallery-1 is-layout-flex wp-block-gallery-is-layout-flex\">\n<figure class=\"wp-block-image size-large\"><img loading=\"lazy\" decoding=\"async\" width=\"1024\" height=\"768\" data-id=\"25076\" src=\"https:\/\/nuevademocracia.com.co\/wp-content\/uploads\/2022\/11\/Mex-Col-01-1024x768.jpg\" alt=\"\" class=\"wp-image-25076\" srcset=\"https:\/\/nuevademocracia.com.co\/wp-content\/uploads\/2022\/11\/Mex-Col-01-1024x768.jpg 1024w, https:\/\/nuevademocracia.com.co\/wp-content\/uploads\/2022\/11\/Mex-Col-01-300x225.jpg 300w, https:\/\/nuevademocracia.com.co\/wp-content\/uploads\/2022\/11\/Mex-Col-01-768x576.jpg 768w, https:\/\/nuevademocracia.com.co\/wp-content\/uploads\/2022\/11\/Mex-Col-01-1536x1152.jpg 1536w, https:\/\/nuevademocracia.com.co\/wp-content\/uploads\/2022\/11\/Mex-Col-01-2048x1536.jpg 2048w\" sizes=\"auto, (max-width: 1024px) 100vw, 1024px\" \/><\/figure>\n\n\n\n<figure class=\"wp-block-image size-large\"><img loading=\"lazy\" decoding=\"async\" width=\"1024\" height=\"768\" data-id=\"25074\" src=\"https:\/\/nuevademocracia.com.co\/wp-content\/uploads\/2022\/11\/Mex-Col-02-1024x768.jpg\" alt=\"\" class=\"wp-image-25074\" srcset=\"https:\/\/nuevademocracia.com.co\/wp-content\/uploads\/2022\/11\/Mex-Col-02-1024x768.jpg 1024w, https:\/\/nuevademocracia.com.co\/wp-content\/uploads\/2022\/11\/Mex-Col-02-300x225.jpg 300w, https:\/\/nuevademocracia.com.co\/wp-content\/uploads\/2022\/11\/Mex-Col-02-768x576.jpg 768w, https:\/\/nuevademocracia.com.co\/wp-content\/uploads\/2022\/11\/Mex-Col-02-1536x1152.jpg 1536w, https:\/\/nuevademocracia.com.co\/wp-content\/uploads\/2022\/11\/Mex-Col-02-2048x1536.jpg 2048w\" sizes=\"auto, (max-width: 1024px) 100vw, 1024px\" \/><\/figure>\n\n\n\n<figure class=\"wp-block-image size-large\"><img loading=\"lazy\" decoding=\"async\" width=\"1024\" height=\"768\" data-id=\"25075\" src=\"https:\/\/nuevademocracia.com.co\/wp-content\/uploads\/2022\/11\/Mex-Col-03-1024x768.jpg\" alt=\"\" class=\"wp-image-25075\" srcset=\"https:\/\/nuevademocracia.com.co\/wp-content\/uploads\/2022\/11\/Mex-Col-03-1024x768.jpg 1024w, https:\/\/nuevademocracia.com.co\/wp-content\/uploads\/2022\/11\/Mex-Col-03-300x225.jpg 300w, https:\/\/nuevademocracia.com.co\/wp-content\/uploads\/2022\/11\/Mex-Col-03-768x576.jpg 768w, https:\/\/nuevademocracia.com.co\/wp-content\/uploads\/2022\/11\/Mex-Col-03-1536x1152.jpg 1536w, https:\/\/nuevademocracia.com.co\/wp-content\/uploads\/2022\/11\/Mex-Col-03-2048x1536.jpg 2048w\" sizes=\"auto, (max-width: 1024px) 100vw, 1024px\" \/><\/figure>\n\n\n\n<figure class=\"wp-block-image size-large\"><img loading=\"lazy\" decoding=\"async\" width=\"1024\" height=\"768\" data-id=\"25071\" src=\"https:\/\/nuevademocracia.com.co\/wp-content\/uploads\/2022\/11\/Mex-Col-04-1024x768.jpg\" alt=\"\" class=\"wp-image-25071\" srcset=\"https:\/\/nuevademocracia.com.co\/wp-content\/uploads\/2022\/11\/Mex-Col-04-1024x768.jpg 1024w, https:\/\/nuevademocracia.com.co\/wp-content\/uploads\/2022\/11\/Mex-Col-04-300x225.jpg 300w, https:\/\/nuevademocracia.com.co\/wp-content\/uploads\/2022\/11\/Mex-Col-04-768x576.jpg 768w, https:\/\/nuevademocracia.com.co\/wp-content\/uploads\/2022\/11\/Mex-Col-04-1536x1152.jpg 1536w, https:\/\/nuevademocracia.com.co\/wp-content\/uploads\/2022\/11\/Mex-Col-04-2048x1536.jpg 2048w\" sizes=\"auto, (max-width: 1024px) 100vw, 1024px\" \/><\/figure>\n\n\n\n<figure class=\"wp-block-image size-large\"><img loading=\"lazy\" decoding=\"async\" width=\"1024\" height=\"768\" data-id=\"25073\" src=\"https:\/\/nuevademocracia.com.co\/wp-content\/uploads\/2022\/11\/Mex-Col-05-1024x768.jpg\" alt=\"\" class=\"wp-image-25073\" srcset=\"https:\/\/nuevademocracia.com.co\/wp-content\/uploads\/2022\/11\/Mex-Col-05-1024x768.jpg 1024w, https:\/\/nuevademocracia.com.co\/wp-content\/uploads\/2022\/11\/Mex-Col-05-300x225.jpg 300w, https:\/\/nuevademocracia.com.co\/wp-content\/uploads\/2022\/11\/Mex-Col-05-768x576.jpg 768w, https:\/\/nuevademocracia.com.co\/wp-content\/uploads\/2022\/11\/Mex-Col-05-1536x1152.jpg 1536w, https:\/\/nuevademocracia.com.co\/wp-content\/uploads\/2022\/11\/Mex-Col-05-2048x1536.jpg 2048w\" sizes=\"auto, (max-width: 1024px) 100vw, 1024px\" \/><\/figure>\n\n\n\n<figure class=\"wp-block-image size-large\"><img loading=\"lazy\" decoding=\"async\" width=\"1024\" height=\"768\" data-id=\"25072\" src=\"https:\/\/nuevademocracia.com.co\/wp-content\/uploads\/2022\/11\/Mex-Col-06-1024x768.jpg\" alt=\"\" class=\"wp-image-25072\" srcset=\"https:\/\/nuevademocracia.com.co\/wp-content\/uploads\/2022\/11\/Mex-Col-06-1024x768.jpg 1024w, https:\/\/nuevademocracia.com.co\/wp-content\/uploads\/2022\/11\/Mex-Col-06-300x225.jpg 300w, https:\/\/nuevademocracia.com.co\/wp-content\/uploads\/2022\/11\/Mex-Col-06-768x576.jpg 768w, https:\/\/nuevademocracia.com.co\/wp-content\/uploads\/2022\/11\/Mex-Col-06-1536x1152.jpg 1536w, https:\/\/nuevademocracia.com.co\/wp-content\/uploads\/2022\/11\/Mex-Col-06-2048x1536.jpg 2048w\" sizes=\"auto, (max-width: 1024px) 100vw, 1024px\" \/><\/figure>\n<\/figure>\n\n\n\n<figure class=\"wp-block-image aligncenter size-large\"><img loading=\"lazy\" decoding=\"async\" width=\"1024\" height=\"768\" src=\"https:\/\/nuevademocracia.com.co\/wp-content\/uploads\/2022\/11\/Mex-Col-08-1024x768.png\" alt=\"\" class=\"wp-image-25087\" srcset=\"https:\/\/nuevademocracia.com.co\/wp-content\/uploads\/2022\/11\/Mex-Col-08-1024x768.png 1024w, https:\/\/nuevademocracia.com.co\/wp-content\/uploads\/2022\/11\/Mex-Col-08-300x225.png 300w, https:\/\/nuevademocracia.com.co\/wp-content\/uploads\/2022\/11\/Mex-Col-08-768x576.png 768w, https:\/\/nuevademocracia.com.co\/wp-content\/uploads\/2022\/11\/Mex-Col-08-1536x1152.png 1536w, https:\/\/nuevademocracia.com.co\/wp-content\/uploads\/2022\/11\/Mex-Col-08-2048x1536.png 2048w\" sizes=\"auto, (max-width: 1024px) 100vw, 1024px\" \/><figcaption class=\"wp-element-caption\"><mark style=\"background-color:rgba(0, 0, 0, 0)\" class=\"has-inline-color has-black-color\"><em>Pinta realizada por j\u00f3venes revolucionarias en la movilizaci\u00f3n del pasado 25 de noviembre en Medell\u00edn<\/em><\/mark><\/figcaption><\/figure>\n\n\n\n<p class=\"has-black-color has-text-color\">En Alemania revolucionarios y comunistas realizaron acciones de pintas en m\u00faltiples muros expresando su internacionalismo proletario y repudiando el cobarde asesinato de los dos compa\u00f1eros. En las pintas se pueden leer mensajes como: \u201c\u00a1Justicia para Jes\u00fas Manuel Garc\u00eda Mart\u00ednez y Filogonio Mart\u00ednez Merino! \u00a1Viva la Corriente del Pueblo Sol Rojo!\u201d y \u201c\u00a1Con el Sol Rojo el pueblo vencer\u00e1!\u201d. Aqu\u00ed algunas im\u00e1genes de las acciones, tomadas del sitio web revolucionario Dem Volke Dienen:<\/p>\n\n\n\n<figure class=\"wp-block-gallery has-nested-images columns-2 is-cropped wp-block-gallery-2 is-layout-flex wp-block-gallery-is-layout-flex\">\n<figure class=\"wp-block-image size-large\"><img loading=\"lazy\" decoding=\"async\" width=\"574\" height=\"292\" data-id=\"25077\" src=\"https:\/\/nuevademocracia.com.co\/wp-content\/uploads\/2022\/11\/Mex-Ale-01.jpg\" alt=\"\" class=\"wp-image-25077\" srcset=\"https:\/\/nuevademocracia.com.co\/wp-content\/uploads\/2022\/11\/Mex-Ale-01.jpg 574w, https:\/\/nuevademocracia.com.co\/wp-content\/uploads\/2022\/11\/Mex-Ale-01-300x153.jpg 300w\" sizes=\"auto, (max-width: 574px) 100vw, 574px\" \/><\/figure>\n\n\n\n<figure class=\"wp-block-image size-large\"><img loading=\"lazy\" decoding=\"async\" width=\"1000\" height=\"667\" data-id=\"25078\" src=\"https:\/\/nuevademocracia.com.co\/wp-content\/uploads\/2022\/11\/Mex-Ale-02.jpg\" alt=\"\" class=\"wp-image-25078\" srcset=\"https:\/\/nuevademocracia.com.co\/wp-content\/uploads\/2022\/11\/Mex-Ale-02.jpg 1000w, https:\/\/nuevademocracia.com.co\/wp-content\/uploads\/2022\/11\/Mex-Ale-02-300x200.jpg 300w, https:\/\/nuevademocracia.com.co\/wp-content\/uploads\/2022\/11\/Mex-Ale-02-768x512.jpg 768w\" sizes=\"auto, (max-width: 1000px) 100vw, 1000px\" \/><\/figure>\n\n\n\n<figure class=\"wp-block-image size-large\"><img loading=\"lazy\" decoding=\"async\" width=\"1024\" height=\"654\" data-id=\"25079\" src=\"https:\/\/nuevademocracia.com.co\/wp-content\/uploads\/2022\/11\/Mex-Ale-03-1024x654.jpg\" alt=\"\" class=\"wp-image-25079\" srcset=\"https:\/\/nuevademocracia.com.co\/wp-content\/uploads\/2022\/11\/Mex-Ale-03-1024x654.jpg 1024w, https:\/\/nuevademocracia.com.co\/wp-content\/uploads\/2022\/11\/Mex-Ale-03-300x192.jpg 300w, https:\/\/nuevademocracia.com.co\/wp-content\/uploads\/2022\/11\/Mex-Ale-03-768x491.jpg 768w, https:\/\/nuevademocracia.com.co\/wp-content\/uploads\/2022\/11\/Mex-Ale-03-1536x981.jpg 1536w, https:\/\/nuevademocracia.com.co\/wp-content\/uploads\/2022\/11\/Mex-Ale-03-2048x1309.jpg 2048w\" sizes=\"auto, (max-width: 1024px) 100vw, 1024px\" \/><\/figure>\n\n\n\n<figure class=\"wp-block-image size-large\"><img loading=\"lazy\" decoding=\"async\" width=\"1024\" height=\"235\" data-id=\"25081\" src=\"https:\/\/nuevademocracia.com.co\/wp-content\/uploads\/2022\/11\/Mex-Ale-04-1024x235.jpg\" alt=\"\" class=\"wp-image-25081\" srcset=\"https:\/\/nuevademocracia.com.co\/wp-content\/uploads\/2022\/11\/Mex-Ale-04-1024x235.jpg 1024w, https:\/\/nuevademocracia.com.co\/wp-content\/uploads\/2022\/11\/Mex-Ale-04-300x69.jpg 300w, https:\/\/nuevademocracia.com.co\/wp-content\/uploads\/2022\/11\/Mex-Ale-04-768x176.jpg 768w, https:\/\/nuevademocracia.com.co\/wp-content\/uploads\/2022\/11\/Mex-Ale-04-1536x352.jpg 1536w, https:\/\/nuevademocracia.com.co\/wp-content\/uploads\/2022\/11\/Mex-Ale-04-2048x469.jpg 2048w\" sizes=\"auto, (max-width: 1024px) 100vw, 1024px\" \/><\/figure>\n\n\n\n<figure class=\"wp-block-image size-large\"><img loading=\"lazy\" decoding=\"async\" width=\"1024\" height=\"615\" data-id=\"25080\" src=\"https:\/\/nuevademocracia.com.co\/wp-content\/uploads\/2022\/11\/Mex-Ale-05-1024x615.jpg\" alt=\"\" class=\"wp-image-25080\" srcset=\"https:\/\/nuevademocracia.com.co\/wp-content\/uploads\/2022\/11\/Mex-Ale-05-1024x615.jpg 1024w, https:\/\/nuevademocracia.com.co\/wp-content\/uploads\/2022\/11\/Mex-Ale-05-300x180.jpg 300w, https:\/\/nuevademocracia.com.co\/wp-content\/uploads\/2022\/11\/Mex-Ale-05-768x461.jpg 768w, https:\/\/nuevademocracia.com.co\/wp-content\/uploads\/2022\/11\/Mex-Ale-05-1536x923.jpg 1536w, https:\/\/nuevademocracia.com.co\/wp-content\/uploads\/2022\/11\/Mex-Ale-05.jpg 1651w\" sizes=\"auto, (max-width: 1024px) 100vw, 1024px\" \/><\/figure>\n<\/figure>\n","protected":false},"excerpt":{"rendered":"<p>Hace algunas semanas se conocieron las denuncias realizadas por la organizaci\u00f3n democr\u00e1tica y popular mexicana Corriente del Pueblo \u2013 Sol Rojo sobre el atentado contra el compa\u00f1ero Erick S\u00e1nchez Guti\u00e9rrez (dirigente regional de la CP-SR) y el asesinato de los activistas Filogonio Mart\u00ednez Merino (integrante del Consejo de Pueblos Unidos por la Defensa del R\u00edo [&hellip;]<\/p>\n","protected":false},"author":1,"featured_media":25087,"comment_status":"open","ping_status":"open","sticky":false,"template":"","format":"standard","meta":{"footnotes":""},"categories":[16,31],"tags":[39,91,40,41],"class_list":["post-25070","post","type-post","status-publish","format-standard","has-post-thumbnail","hentry","category-carrusel","category-internacional","tag-internacionalismo","tag-justicia-para-el-pueblo","tag-mexico","tag-represion-estatal"],"blocksy_meta":[],"_links":{"self":[{"href":"https:\/\/nuevademocracia.com.co\/index.php?rest_route=\/wp\/v2\/posts\/25070","targetHints":{"allow":["GET"]}}],"collection":[{"href":"https:\/\/nuevademocracia.com.co\/index.php?rest_route=\/wp\/v2\/posts"}],"about":[{"href":"https:\/\/nuevademocracia.com.co\/index.php?rest_route=\/wp\/v2\/types\/post"}],"author":[{"embeddable":true,"href":"https:\/\/nuevademocracia.com.co\/index.php?rest_route=\/wp\/v2\/users\/1"}],"replies":[{"embeddable":true,"href":"https:\/\/nuevademocracia.com.co\/index.php?rest_route=%2Fwp%2Fv2%2Fcomments&post=25070"}],"version-history":[{"count":5,"href":"https:\/\/nuevademocracia.com.co\/index.php?rest_route=\/wp\/v2\/posts\/25070\/revisions"}],"predecessor-version":[{"id":25090,"href":"https:\/\/nuevademocracia.com.co\/index.php?rest_route=\/wp\/v2\/posts\/25070\/revisions\/25090"}],"wp:featuredmedia":[{"embeddable":true,"href":"https:\/\/nuevademocracia.com.co\/index.php?rest_route=\/wp\/v2\/media\/25087"}],"wp:attachment":[{"href":"https:\/\/nuevademocracia.com.co\/index.php?rest_route=%2Fwp%2Fv2%2Fmedia&parent=25070"}],"wp:term":[{"taxonomy":"category","embeddable":true,"href":"https:\/\/nuevademocracia.com.co\/index.php?rest_route=%2Fwp%2Fv2%2Fcategories&post=25070"},{"taxonomy":"post_tag","embeddable":true,"href":"https:\/\/nuevademocracia.com.co\/index.php?rest_route=%2Fwp%2Fv2%2Ftags&post=25070"}],"curies":[{"name":"wp","href":"https:\/\/api.w.org\/{rel}","templated":true}]}}