{"id":25119,"date":"2023-02-21T17:31:53","date_gmt":"2023-02-21T22:31:53","guid":{"rendered":"https:\/\/nuevademocracia.com.co\/?p=25119"},"modified":"2023-03-15T16:41:55","modified_gmt":"2023-03-15T21:41:55","slug":"conmemoracion-de-la-semana-de-los-martires-en-turquia","status":"publish","type":"post","link":"https:\/\/nuevademocracia.com.co\/?p=25119","title":{"rendered":"Conmemoraci\u00f3n semana de los m\u00e1rtires &#8211; Turqu\u00eda"},"content":{"rendered":"\n<figure class=\"wp-block-image aligncenter size-large\"><img loading=\"lazy\" decoding=\"async\" width=\"1024\" height=\"512\" src=\"https:\/\/nuevademocracia.com.co\/wp-content\/uploads\/2023\/02\/imagen1-1024x512.png\" alt=\"\" class=\"wp-image-25120\" srcset=\"https:\/\/nuevademocracia.com.co\/wp-content\/uploads\/2023\/02\/imagen1-1024x512.png 1024w, https:\/\/nuevademocracia.com.co\/wp-content\/uploads\/2023\/02\/imagen1-300x150.png 300w, https:\/\/nuevademocracia.com.co\/wp-content\/uploads\/2023\/02\/imagen1-768x384.png 768w, https:\/\/nuevademocracia.com.co\/wp-content\/uploads\/2023\/02\/imagen1-1536x768.png 1536w, https:\/\/nuevademocracia.com.co\/wp-content\/uploads\/2023\/02\/imagen1.png 2048w\" sizes=\"auto, (max-width: 1024px) 100vw, 1024px\" \/><figcaption class=\"wp-element-caption\"><mark style=\"background-color:rgba(0, 0, 0, 0)\" class=\"has-inline-color has-black-color\">La frase dice: \u00ab<em>Nuestra herencia inmortalizada es rica, nuestra herencia es vasta, nuestra herencia es inagotable. Ese legado de Abraham a Suleyman, de Kazim a Mehmet, de Meral a Asmin. Ha nacido; creci\u00f3 con el tiempo, bebi\u00f3 del elixir de la inmortalidad, condicionada para la victoria. Tenemos m\u00e1s razones para abrazar la Revoluci\u00f3n Democr\u00e1tica Popular\u00bb.<\/em><\/mark><br>\u00a0<\/figcaption><\/figure>\n\n\n\n<p class=\"has-black-color has-text-color\">Hace 51 a\u00f1os, obreros, campesinos y pueblo trabajador en Turqu\u00eda iniciaron una guerra popular contra la clase feudal, el imperialismo, y los grandes burgueses; dirigidos por el Partido Comunista de Turkia\/marxista-leninista (TKP\/ML) y su gran lider Ibrahim Kaypakkaya. En estos 51 a\u00f1os de lucha por una Revoluci\u00f3n Democr\u00e1tica Popular en Turqu\u00eda cientos de comunistas y revolucionarios han entregado su vida. Ibrahim Kaypakkaya fue capturado, torturado y asesinado por la polic\u00eda, y con ello TKP\/ML se\u00f1ala que fue inmortalizado.&nbsp; El TKP\/ML conmemor\u00f3 la semana de los m\u00e1rtires de la revoluci\u00f3n la \u00faltima semana de enero, en la cual rinde homenaje a los m\u00e1rtires de la revoluci\u00f3n democr\u00e1tica y refirma su compromiso en llevarla hasta el fin. El TKP\/ML adelant\u00f3 decenas de actos conmemorativos en Turqu\u00eda y en varios pa\u00edses de Europa. El Peri\u00f3dico Nueva Democracia de Turqu\u00eda (yenidemokrasi32.net) afirma: <\/p>\n\n\n\n<p class=\"has-black-color has-text-color\">\u201c<em>La Revoluci\u00f3n Democr\u00e1tica Popular se desarrollar\u00e1 sobre los hombros de quienes dedican su vida a ella y de quienes hacen toda clase de sacrificios por ella; triunfar\u00e1 con los que mueren por ella. Esta es la ley de las revoluciones. Aparte de la realidad hist\u00f3rica y su car\u00e1cter absoluto, la raz\u00f3n m\u00e1s importante por la que la revoluci\u00f3n se ha convertido en una causa irreversible son aquellos han dado su vida en ella. &#8230; ninguno de nosotros puede encogerse de hombros, darse el lujo de eludir o renunciar, nos llaman a caminar por el mismo camino, a mostrar el mismo trabajo desinteresado. A lo largo de nuestro medio siglo de historia de lucha, el sentimiento que llevamos por nuestros compa\u00f1eros, a quienes hemos inmortalzado, ha sido el de abrazar la lucha con todas nuestras fuerzas para tratar de hacernos dignos. Este es el fen\u00f3meno que convierte la revoluci\u00f3n en una carrera de relevos, que lleva las armas de mano en mano, que agranda la lucha paso a paso. A nuestra ideolog\u00eda le debemos su capacidad de convertir el dolor y la tristeza en odio, para afinar el dinamismo de la guerra. Nuestro compromiso con el comunismo, con la ideolog\u00eda marxista-leninista-mao\u00edsta condiciona nuestra visi\u00f3n de la revoluci\u00f3n y la guerra popular en una realidad cient\u00edfica&#8230;pero alcanzar las metas que nos plantea nuestra ideolog\u00eda solo se puede lograr a trav\u00e9s de pioneros y l\u00edderes, que es la base que nos gu\u00eda. Los comunistas somos los m\u00e1rtires de la revoluci\u00f3n, cuanto m\u00e1s s\u00f3lida sea la base &#8230;m\u00e1s rico ser\u00e1 el legado que dejaremos a quienes lo contin\u00faen. Cada uno de nuestros m\u00e1rtires se han hecho inmortales al lograr esto<\/em>.\u201d<\/p>\n","protected":false},"excerpt":{"rendered":"<p>Hace 51 a\u00f1os, obreros, campesinos y pueblo trabajador en Turqu\u00eda iniciaron una guerra popular contra la clase feudal, el imperialismo, y los grandes burgueses; dirigidos por el Partido Comunista de Turkia\/marxista-leninista (TKP\/ML) y su gran lider Ibrahim Kaypakkaya. En estos 51 a\u00f1os de lucha por una Revoluci\u00f3n Democr\u00e1tica Popular en Turqu\u00eda cientos de comunistas y [&hellip;]<\/p>\n","protected":false},"author":1,"featured_media":25120,"comment_status":"open","ping_status":"open","sticky":false,"template":"","format":"standard","meta":{"footnotes":""},"categories":[31],"tags":[44,39,99,41],"class_list":["post-25119","post","type-post","status-publish","format-standard","has-post-thumbnail","hentry","category-internacional","tag-criminalizacion-a-la-protesta","tag-internacionalismo","tag-martires-de-la-revolucion","tag-represion-estatal"],"blocksy_meta":[],"_links":{"self":[{"href":"https:\/\/nuevademocracia.com.co\/index.php?rest_route=\/wp\/v2\/posts\/25119","targetHints":{"allow":["GET"]}}],"collection":[{"href":"https:\/\/nuevademocracia.com.co\/index.php?rest_route=\/wp\/v2\/posts"}],"about":[{"href":"https:\/\/nuevademocracia.com.co\/index.php?rest_route=\/wp\/v2\/types\/post"}],"author":[{"embeddable":true,"href":"https:\/\/nuevademocracia.com.co\/index.php?rest_route=\/wp\/v2\/users\/1"}],"replies":[{"embeddable":true,"href":"https:\/\/nuevademocracia.com.co\/index.php?rest_route=%2Fwp%2Fv2%2Fcomments&post=25119"}],"version-history":[{"count":5,"href":"https:\/\/nuevademocracia.com.co\/index.php?rest_route=\/wp\/v2\/posts\/25119\/revisions"}],"predecessor-version":[{"id":25130,"href":"https:\/\/nuevademocracia.com.co\/index.php?rest_route=\/wp\/v2\/posts\/25119\/revisions\/25130"}],"wp:featuredmedia":[{"embeddable":true,"href":"https:\/\/nuevademocracia.com.co\/index.php?rest_route=\/wp\/v2\/media\/25120"}],"wp:attachment":[{"href":"https:\/\/nuevademocracia.com.co\/index.php?rest_route=%2Fwp%2Fv2%2Fmedia&parent=25119"}],"wp:term":[{"taxonomy":"category","embeddable":true,"href":"https:\/\/nuevademocracia.com.co\/index.php?rest_route=%2Fwp%2Fv2%2Fcategories&post=25119"},{"taxonomy":"post_tag","embeddable":true,"href":"https:\/\/nuevademocracia.com.co\/index.php?rest_route=%2Fwp%2Fv2%2Ftags&post=25119"}],"curies":[{"name":"wp","href":"https:\/\/api.w.org\/{rel}","templated":true}]}}