{"id":25125,"date":"2023-02-21T18:00:07","date_gmt":"2023-02-21T23:00:07","guid":{"rendered":"https:\/\/nuevademocracia.com.co\/?p=25125"},"modified":"2025-12-30T20:08:55","modified_gmt":"2025-12-31T01:08:55","slug":"surge-la-liga-comunista-internacional","status":"publish","type":"post","link":"https:\/\/nuevademocracia.com.co\/?p=25125","title":{"rendered":"Surge la Liga Comunista Internacional"},"content":{"rendered":"\n<p class=\"has-black-color has-text-color\">El pasado 26 de diciembre, en el marco de la conmemoraci\u00f3n del natalicio del Presidente Mao Tse-tung, se ha hecho p\u00fablico por parte de la p\u00e1gina web <em>Internacional Comunista<\/em> (www.ci-ic.org), la creaci\u00f3n de una nueva organizaci\u00f3n internacional del proletariado llamada LIGA COMUNISTA INTERNACIONAL. Adem\u00e1s de la noticia, en dicha p\u00e1gina web se puede consultar la <em>Declaraci\u00f3n pol\u00edtica y de principios<\/em> de la nueva y reci\u00e9n fundada organizaci\u00f3n internacional del proletariado, la cual inicia con las siguientes palabras:<\/p>\n\n\n\n<p class=\"has-black-color has-text-color\">\u201cLos partidos y organizaciones marxista-leninista-mao\u00edstas participantes en la CONFERENCIA INTERNACIONAL MAO\u00cdSTA UNIFICADA (CIMU), siguiendo el camino de la Tercera Internacional, fundada por el gran Lenin y las mejores tradiciones del Movimiento Comunista Internacional (MCI), declaran solemnemente al proletariado internacional y a los pueblos oprimidos del mundo que han tomado la decisi\u00f3n hist\u00f3rica y trascendental de dar vida a la nueva organizaci\u00f3n internacional mao\u00edsta, fundada bajo tres grandes y gloriosas banderas rojas: el mao\u00edsmo, la lucha contra el revisionismo y la revoluci\u00f3n proletaria mundial.\u201d <\/p>\n\n\n\n<p class=\"has-black-color has-text-color\">Con motivo de esta noticia, se han reportado durante el mes de enero acciones por todo el mundo saludando la nueva organizaci\u00f3n del proletariado: la Liga Comunista Internacional. Sus fundadores, en sus declaraciones, plantean que este es un acontecimiento hist\u00f3rico que representa un salto en la organizaci\u00f3n de los comunistas a nivel mundial, y que servir\u00e1 a desarrollar e impulsar los procesos revolucionarios en cada pa\u00eds. A continuaci\u00f3n, unas cuantas im\u00e1genes tomadas de la p\u00e1gina web <em>Internacional Comunista.<\/em> En dicha p\u00e1gina web puedes encontrar much\u00edsimas m\u00e1s im\u00e1genes de todos los lugares donde se han realizado acciones celebrando este acontecimiento.<\/p>\n\n\n\n<p><\/p>\n\n\n\n<figure class=\"wp-block-image aligncenter size-full\"><img loading=\"lazy\" decoding=\"async\" width=\"1024\" height=\"676\" src=\"https:\/\/nuevademocracia.com.co\/wp-content\/uploads\/2023\/02\/LCI-Alemania.jpg\" alt=\"\" class=\"wp-image-25131\" srcset=\"https:\/\/nuevademocracia.com.co\/wp-content\/uploads\/2023\/02\/LCI-Alemania.jpg 1024w, https:\/\/nuevademocracia.com.co\/wp-content\/uploads\/2023\/02\/LCI-Alemania-300x198.jpg 300w, https:\/\/nuevademocracia.com.co\/wp-content\/uploads\/2023\/02\/LCI-Alemania-768x507.jpg 768w\" sizes=\"auto, (max-width: 1024px) 100vw, 1024px\" \/><figcaption class=\"wp-element-caption\"><mark style=\"background-color:rgba(0, 0, 0, 0)\" class=\"has-inline-color has-black-color\">Liga Comunista Internacional Alemania<\/mark><\/figcaption><\/figure>\n\n\n\n<figure class=\"wp-block-image aligncenter size-large\"><img decoding=\"async\" src=\"https:\/\/nuevademocracia.com.co\/wp-content\/uploads\/2023\/02\/LCI-Brasil-1-1024x768.jpg\" alt=\"\" class=\"wp-image-25133\"\/><figcaption class=\"wp-element-caption\"><mark style=\"background-color:rgba(0, 0, 0, 0)\" class=\"has-inline-color has-black-color\">Liga Comunista Internacional Brasil<\/mark><\/figcaption><\/figure>\n\n\n\n<p><\/p>\n\n\n\n<figure class=\"wp-block-image aligncenter size-full\"><img loading=\"lazy\" decoding=\"async\" width=\"1024\" height=\"768\" src=\"https:\/\/nuevademocracia.com.co\/wp-content\/uploads\/2023\/02\/LCI-Chile.jpg\" alt=\"\" class=\"wp-image-25134\" srcset=\"https:\/\/nuevademocracia.com.co\/wp-content\/uploads\/2023\/02\/LCI-Chile.jpg 1024w, https:\/\/nuevademocracia.com.co\/wp-content\/uploads\/2023\/02\/LCI-Chile-300x225.jpg 300w, https:\/\/nuevademocracia.com.co\/wp-content\/uploads\/2023\/02\/LCI-Chile-768x576.jpg 768w\" sizes=\"auto, (max-width: 1024px) 100vw, 1024px\" \/><figcaption class=\"wp-element-caption\"><mark style=\"background-color:rgba(0, 0, 0, 0)\" class=\"has-inline-color has-black-color\">Liga Comunista Internacional Chile<\/mark><\/figcaption><\/figure>\n\n\n\n<figure class=\"wp-block-image aligncenter size-full\"><img loading=\"lazy\" decoding=\"async\" width=\"744\" height=\"747\" src=\"https:\/\/nuevademocracia.com.co\/wp-content\/uploads\/2023\/02\/LCI-Espana.jpg\" alt=\"\" class=\"wp-image-25135\" srcset=\"https:\/\/nuevademocracia.com.co\/wp-content\/uploads\/2023\/02\/LCI-Espana.jpg 744w, https:\/\/nuevademocracia.com.co\/wp-content\/uploads\/2023\/02\/LCI-Espana-300x300.jpg 300w, https:\/\/nuevademocracia.com.co\/wp-content\/uploads\/2023\/02\/LCI-Espana-150x150.jpg 150w\" sizes=\"auto, (max-width: 744px) 100vw, 744px\" \/><figcaption class=\"wp-element-caption\"><mark style=\"background-color:rgba(0, 0, 0, 0)\" class=\"has-inline-color has-black-color\">Liga Comunista Internacional Espa\u00f1a<\/mark><\/figcaption><\/figure>\n\n\n\n<figure class=\"wp-block-image aligncenter size-full\"><img loading=\"lazy\" decoding=\"async\" width=\"675\" height=\"1000\" src=\"https:\/\/nuevademocracia.com.co\/wp-content\/uploads\/2023\/02\/LCI-Finlandia.jpg\" alt=\"\" class=\"wp-image-25136\" srcset=\"https:\/\/nuevademocracia.com.co\/wp-content\/uploads\/2023\/02\/LCI-Finlandia.jpg 675w, https:\/\/nuevademocracia.com.co\/wp-content\/uploads\/2023\/02\/LCI-Finlandia-203x300.jpg 203w\" sizes=\"auto, (max-width: 675px) 100vw, 675px\" \/><figcaption class=\"wp-element-caption\"><mark style=\"background-color:rgba(0, 0, 0, 0)\" class=\"has-inline-color has-black-color\">Liga Comunista Internacional Finlandia<\/mark><\/figcaption><\/figure>\n\n\n\n<figure class=\"wp-block-image aligncenter size-full\"><img loading=\"lazy\" decoding=\"async\" width=\"1024\" height=\"683\" src=\"https:\/\/nuevademocracia.com.co\/wp-content\/uploads\/2023\/02\/LCI-Medellin.jpg\" alt=\"\" class=\"wp-image-25137\" srcset=\"https:\/\/nuevademocracia.com.co\/wp-content\/uploads\/2023\/02\/LCI-Medellin.jpg 1024w, https:\/\/nuevademocracia.com.co\/wp-content\/uploads\/2023\/02\/LCI-Medellin-300x200.jpg 300w, https:\/\/nuevademocracia.com.co\/wp-content\/uploads\/2023\/02\/LCI-Medellin-768x512.jpg 768w\" sizes=\"auto, (max-width: 1024px) 100vw, 1024px\" \/><figcaption class=\"wp-element-caption\"><mark style=\"background-color:rgba(0, 0, 0, 0)\" class=\"has-inline-color has-black-color\">Liga Comunista Internacional Medell\u00edn<\/mark><\/figcaption><\/figure>\n\n\n\n<p><\/p>\n\n\n\n<figure class=\"wp-block-image aligncenter size-full\"><img loading=\"lazy\" decoding=\"async\" width=\"1024\" height=\"768\" src=\"https:\/\/nuevademocracia.com.co\/wp-content\/uploads\/2023\/02\/LCI-Noruega.jpg\" alt=\"\" class=\"wp-image-25138\" srcset=\"https:\/\/nuevademocracia.com.co\/wp-content\/uploads\/2023\/02\/LCI-Noruega.jpg 1024w, https:\/\/nuevademocracia.com.co\/wp-content\/uploads\/2023\/02\/LCI-Noruega-300x225.jpg 300w, https:\/\/nuevademocracia.com.co\/wp-content\/uploads\/2023\/02\/LCI-Noruega-768x576.jpg 768w\" sizes=\"auto, (max-width: 1024px) 100vw, 1024px\" \/><figcaption class=\"wp-element-caption\"><mark style=\"background-color:rgba(0, 0, 0, 0)\" class=\"has-inline-color has-black-color\">Liga Comunista Internacional Noruega<\/mark><\/figcaption><\/figure>\n\n\n\n<figure class=\"wp-block-image aligncenter size-full\"><img loading=\"lazy\" decoding=\"async\" width=\"1024\" height=\"683\" src=\"https:\/\/nuevademocracia.com.co\/wp-content\/uploads\/2023\/02\/LCI-USA.jpg\" alt=\"\" class=\"wp-image-25139\" srcset=\"https:\/\/nuevademocracia.com.co\/wp-content\/uploads\/2023\/02\/LCI-USA.jpg 1024w, https:\/\/nuevademocracia.com.co\/wp-content\/uploads\/2023\/02\/LCI-USA-300x200.jpg 300w, https:\/\/nuevademocracia.com.co\/wp-content\/uploads\/2023\/02\/LCI-USA-768x512.jpg 768w\" sizes=\"auto, (max-width: 1024px) 100vw, 1024px\" \/><figcaption class=\"wp-element-caption\"><mark style=\"background-color:rgba(0, 0, 0, 0)\" class=\"has-inline-color has-black-color\">Liga Comunista Internacional Estados Unidos<\/mark><\/figcaption><\/figure>\n\n\n\n<p><\/p>\n","protected":false},"excerpt":{"rendered":"<p>El pasado mes de diciembre fue fundada la Liga Comunista Internacional que agrupa a varios partidos y organizaciones comunistas de todo el mundo.<\/p>\n","protected":false},"author":1,"featured_media":25135,"comment_status":"open","ping_status":"open","sticky":false,"template":"","format":"standard","meta":{"footnotes":""},"categories":[16,31],"tags":[],"class_list":["post-25125","post","type-post","status-publish","format-standard","has-post-thumbnail","hentry","category-carrusel","category-internacional"],"blocksy_meta":[],"_links":{"self":[{"href":"https:\/\/nuevademocracia.com.co\/index.php?rest_route=\/wp\/v2\/posts\/25125","targetHints":{"allow":["GET"]}}],"collection":[{"href":"https:\/\/nuevademocracia.com.co\/index.php?rest_route=\/wp\/v2\/posts"}],"about":[{"href":"https:\/\/nuevademocracia.com.co\/index.php?rest_route=\/wp\/v2\/types\/post"}],"author":[{"embeddable":true,"href":"https:\/\/nuevademocracia.com.co\/index.php?rest_route=\/wp\/v2\/users\/1"}],"replies":[{"embeddable":true,"href":"https:\/\/nuevademocracia.com.co\/index.php?rest_route=%2Fwp%2Fv2%2Fcomments&post=25125"}],"version-history":[{"count":5,"href":"https:\/\/nuevademocracia.com.co\/index.php?rest_route=\/wp\/v2\/posts\/25125\/revisions"}],"predecessor-version":[{"id":28364,"href":"https:\/\/nuevademocracia.com.co\/index.php?rest_route=\/wp\/v2\/posts\/25125\/revisions\/28364"}],"wp:featuredmedia":[{"embeddable":true,"href":"https:\/\/nuevademocracia.com.co\/index.php?rest_route=\/wp\/v2\/media\/25135"}],"wp:attachment":[{"href":"https:\/\/nuevademocracia.com.co\/index.php?rest_route=%2Fwp%2Fv2%2Fmedia&parent=25125"}],"wp:term":[{"taxonomy":"category","embeddable":true,"href":"https:\/\/nuevademocracia.com.co\/index.php?rest_route=%2Fwp%2Fv2%2Fcategories&post=25125"},{"taxonomy":"post_tag","embeddable":true,"href":"https:\/\/nuevademocracia.com.co\/index.php?rest_route=%2Fwp%2Fv2%2Ftags&post=25125"}],"curies":[{"name":"wp","href":"https:\/\/api.w.org\/{rel}","templated":true}]}}