{"id":25149,"date":"2023-02-25T11:22:05","date_gmt":"2023-02-25T16:22:05","guid":{"rendered":"https:\/\/nuevademocracia.com.co\/?p=25149"},"modified":"2023-02-25T11:23:39","modified_gmt":"2023-02-25T16:23:39","slug":"terremoto-deja-mas-de-40-mil-muertos-en-turquia-y-siria-erdogan-es-responsabilizado-y-profundiza-la-represion-sobre-las-masas","status":"publish","type":"post","link":"https:\/\/nuevademocracia.com.co\/?p=25149","title":{"rendered":"Terremoto deja m\u00e1s de 40 mil muertos en Turqu\u00eda y Siria; Erdogan es responsabilizado y profundiza la represi\u00f3n sobre las masas"},"content":{"rendered":"\n<p><em>Este es un art\u00edculo tomado del Jornal de Nova Democracia. Lo hemos traducido integramente para presentarlo al lector.<\/em><\/p>\n\n\n\n<figure class=\"wp-block-image aligncenter size-full\"><img loading=\"lazy\" decoding=\"async\" width=\"620\" height=\"372\" src=\"https:\/\/nuevademocracia.com.co\/wp-content\/uploads\/2023\/02\/image.png\" alt=\"\" class=\"wp-image-25150\" srcset=\"https:\/\/nuevademocracia.com.co\/wp-content\/uploads\/2023\/02\/image.png 620w, https:\/\/nuevademocracia.com.co\/wp-content\/uploads\/2023\/02\/image-300x180.png 300w\" sizes=\"auto, (max-width: 620px) 100vw, 620px\" \/><figcaption class=\"wp-element-caption\"><mark style=\"background-color:rgba(0, 0, 0, 0)\" class=\"has-inline-color has-black-color\">Foto: Hassan Ayadi\/AFP\/Getty Images<\/mark><\/figcaption><\/figure>\n\n\n\n<p class=\"has-black-color has-text-color\">M\u00e1s de 40 mil personas murieron y decenas de miles quedaron heridas en Turqu\u00eda y Siria como resultado de un terremoto el d\u00eda 6 de enero. Al menos nueve ciudades de Turqu\u00eda fueron afectadas por el desastre, adem\u00e1s de ciudades del norte de Siria. Un estado de emergencia fue decretado en Turqu\u00eda un d\u00eda despu\u00e9s de la cat\u00e1strofe. Activistas dem\u00f3cratas y revolucionarios en el pa\u00eds han organizado acciones de solidaridad activa y [fueron] condenados a prisi\u00f3n masas, militantes y periodistas que denunciaran la negligencia del viejo estado turco con las medidas de prevenci\u00f3n a los efectos del terremoto.<\/p>\n\n\n\n<p class=\"has-black-color has-text-color\">El terremoto fue sentido inicialmente a las 4:17 a.m. del d\u00eda 6\/01 en la ciudad de Maras, epicentro del desastre. Adem\u00e1s de Maras, por lo menos otras ocho ciudades turcas y parte del territorio de Siria tambi\u00e9n sufrieron con la dispersi\u00f3n del terremoto, que alcanz\u00f3 la magnitud de 7,8 en la escala Richter.<\/p>\n\n\n\n<p class=\"has-black-color has-text-color\">El n\u00famero de muertos, que aumenta a cada d\u00eda, alcanz\u00f3 un total de 40 mil el d\u00eda 14 de febrero, siendo 35418 el n\u00famero de muertos en Turqu\u00eda y 5814 en Siria. Adem\u00e1s de los muertos, m\u00e1s de 80 mil personas quedaron heridas y centenas de predios (dentro de los cuales est\u00e1n incluidas las residencias del pueblo turco) fueron destruidos o fuertemente damnificados.<\/p>\n\n\n\n<p class=\"has-black-color has-text-color\">Hasta la fecha, el n\u00famero de afectados por los terremotos no fue totalizado. Decenas de millares de personas a\u00fan est\u00e1n hospitalizadas en espera de cirug\u00edas, mientras que muchas otras se encuentran sepultadas. Las masas que fueron rescatadas reclaman la falta de atenci\u00f3n m\u00e9dica, la falta de abrigo y el hecho de que han tenido que dormir en el fr\u00edo, adem\u00e1s de la falta de agua potable y otros recursos b\u00e1sicos para la sobrevivencia. Profesionales de la salud de la ciudad de Iskenderun denunciaron que fueron obligados a trabajar en un bloque del hospital estatal de Iskenderun que fue gravemente damnificado por el terremoto.<\/p>\n\n\n\n<p class=\"has-black-color has-text-color\"><strong>Erdogan aprovecha la cat\u00e1strofe para atacar derechos y libertades democr\u00e1ticas<\/strong><\/p>\n\n\n\n<figure class=\"wp-block-image aligncenter size-full\"><img loading=\"lazy\" decoding=\"async\" width=\"800\" height=\"450\" src=\"https:\/\/nuevademocracia.com.co\/wp-content\/uploads\/2023\/02\/image-1.png\" alt=\"\" class=\"wp-image-25151\" srcset=\"https:\/\/nuevademocracia.com.co\/wp-content\/uploads\/2023\/02\/image-1.png 800w, https:\/\/nuevademocracia.com.co\/wp-content\/uploads\/2023\/02\/image-1-300x169.png 300w, https:\/\/nuevademocracia.com.co\/wp-content\/uploads\/2023\/02\/image-1-768x432.png 768w\" sizes=\"auto, (max-width: 800px) 100vw, 800px\" \/><figcaption class=\"wp-element-caption\"><mark style=\"background-color:rgba(0, 0, 0, 0)\" class=\"has-inline-color has-black-color\">Foto: Cuenta Oficial de Twitter<\/mark><\/figcaption><\/figure>\n\n\n\n<p class=\"has-black-color has-text-color\">Al d\u00eda siguiente a la cat\u00e1strofe, el presidente de Turqu\u00eda, Recep Teyyip Erdogan, decret\u00f3 un estado de emergencia en el pa\u00eds en tentativa de impedir las inn\u00fameras cr\u00edticas en contra de la gesti\u00f3n de su gobierno antes y despu\u00e9s del terremoto. Como parte de las medidas de estado de emergencia estaba la prohibici\u00f3n de la vaga y ambigua acci\u00f3n de \u201cdifundir o transmitir rumores falsos, exagerados y noticias con la intenci\u00f3n especial de causar esc\u00e1ndalo p\u00fablico y p\u00e1nico\u201d.<\/p>\n\n\n\n<p class=\"has-black-color has-text-color\">Como resultado, al menos cuatro periodistas fueron apresados, detenidos o amenazados el mismo d\u00eda que el decreto fue anunciado. El periodista Volken Pekal, de <em>Evrensel, <\/em>fue apresado por filmar los resultados del terremoto en Adana.<\/p>\n\n\n\n<p class=\"has-black-color has-text-color\">Seg\u00fan lo polic\u00edas, el gobernador de la regi\u00f3n hab\u00eda prohibido cualquier filmaci\u00f3n sin permiso. En el mismo d\u00eda, polic\u00edas en Diyarbakir impidieron que periodistas realizaran un reportaje en la ciudad y amenazaron con detener a los moradores en caso de que ellos conversaran con los profesionales de la prensa. A\u00fan el d\u00eda 7 de enero, los periodistas Merdan Yanarga y Enver Aysever y el polit\u00f3logo \u00d6zg\u00fcn Emre Ko\u00e7 fueron detenidos e investigados despu\u00e9s de criticar las medidas del gobierno.<\/p>\n\n\n\n<p class=\"has-black-color has-text-color\">La justificativa oficial de la detenci\u00f3n fue por \u201cdifundir odio y hostilidad entre el pueblo\u201d. En los siguientes d\u00edas, otros periodistas, activistas y masas fueron v\u00edctimas de persecuci\u00f3n y prohibiciones por parte de las fuerzas represivas del viejo estado. Fueron los casos de los periodistas Mahmut Alt\u0131ntas (<em>Mesopotamia Agency<\/em>) y Sema \u00c7aglak (<em>Jinnews<\/em>), apresados en Urfa por no portar credenciales de prensa de Comunicaci\u00f3n Presidencial, [tambi\u00e9n] del periodista Mehmet G\u00fcles (<em>Mesopotamia Agency<\/em>), detenido en Diyarbakir y del activista de Mazlum Oru\u00e7 (Federaci\u00f3n de Asociaciones Juveniles Socialistas \u2013 SGDF), apresado en una batida domiciliaria por la misma acusaci\u00f3n de \u201cincitar al pueblo al odio y la enemistad\u201d.<\/p>\n\n\n\n<p class=\"has-black-color has-text-color\">Adem\u00e1s de las constantes prisiones de activistas, masas y periodistas que levantaron denuncias contra Erdogan, se acumularon las acusaciones de que las restricciones impuestas por el viejo Estado turco impidi\u00f3 las acciones de ayuda y solidaridad activa movilizadas por activistas populares que llegaron de determinadas regiones del pa\u00eds. Organizaciones como la Federaci\u00f3n de Trabajadores de Turqu\u00eda en Alemania (Atif) y el Sindicato de los Trabajadores Migrantes en Europa (Ageb) denunciaron que diversas donaciones que ellos recogieron no consiguieron pasar las fronteras golpeadas por el terremoto y no pudieron ser destinadas a las ciudades del Norte de Siria.<\/p>\n\n\n\n<p class=\"has-black-color has-text-color\"><strong>Amnistia de erdogan a predios irregulares es la verdadera raz\u00f3n del alto n\u00famero de muertos.<\/strong><\/p>\n\n\n\n<p class=\"has-black-color has-text-color\">De entre las inn\u00fameras denuncias levantadas contra el viejo estado turco y el r\u00e9gimen reaccionario de Erdogan, se destacan las m\u00faltiples acusaciones de que el n\u00famero asombroso de muertos en la cat\u00e1strofe podr\u00eda haber sido evitado. No es correcto aquello que afirma el presidente del pa\u00eds de que \u201cno es posible estar preparado para tal desastre\u201d o \u201clo que sucede, sucede. Es parte del plan del destino\u201d -afirmaciones que recuerdan su pronunciamiento despu\u00e9s de la explosi\u00f3n de una mina en el pa\u00eds, el a\u00f1o pasado. En verdad, relatos y datos muestran que el n\u00famero de muertos del pa\u00eds se debi\u00f3 principalmente a las construcciones irregulares resultados del boom de construcci\u00f3n civil impulsado por el presidente y parlamento turcos.<\/p>\n\n\n\n<p class=\"has-black-color has-text-color\">Hace aproximadamente dos d\u00e9cadas, la construcci\u00f3n civil en Turqu\u00eda ha sido impulsada en masa por la colonizaci\u00f3n reaccionaria de Erdogan, su Partido para la Justicia y el Desarrollo (AKP) y otros reaccionarios. El n\u00famero de permisos para empresas de construcci\u00f3n (muchos de ellos llevados a cabo&nbsp; por contratistas que tienen diversas relaciones con el viejo Estado turco) se han triplicado desde la elecci\u00f3n de Erdogan a la presidencia en 2014.<\/p>\n\n\n\n<p class=\"has-black-color has-text-color\">En Turqu\u00eda, los predios necesitan seguir regulaciones estrictas de seguridad para terremotos, aun m\u00e1s exigentes desde 1999. Sin embargo, la mayor\u00eda de los empresarios del pa\u00eds ignoran estas regulaciones, y de vez en cuando, el viejo Estado turco los perdona oficialmente. El mecanismo de perd\u00f3n, llamado \u201camnist\u00eda\u201d para construcciones, ocurre de a\u00f1os en a\u00f1os: en \u00e9l, el viejo Estado turco realiza un inventario de predios irregulares en el pa\u00eds. Estos paga una cuota al viejo Estado y reciben la \u201camnist\u00eda\u201d para continuar existiendo (sin la necesidad de atender las regulaciones).<\/p>\n\n\n\n<p class=\"has-black-color has-text-color\">La \u00faltima de esas amnist\u00edas fue concedida en 2018, para v\u00edsperas de la reelecci\u00f3n de Erdogan para la presidencia. En ese momento, se plante\u00f3 que al menos el 50% de los edificios del pa\u00eds hab\u00edan violado las regulaciones. De los miles de edificios derribados en el \u00faltimo terremoto, muchos se hab\u00edan construido en los \u00faltimos dos a\u00f1os.<\/p>\n\n\n\n<p class=\"has-black-color has-text-color\"><strong>Revolucion\u00e1rios, democratas y progressistas organizan a las masas en medio de la&nbsp; calamidad.<\/strong><\/p>\n\n\n\n<figure class=\"wp-block-image aligncenter size-full\"><img loading=\"lazy\" decoding=\"async\" width=\"768\" height=\"576\" src=\"https:\/\/nuevademocracia.com.co\/wp-content\/uploads\/2023\/02\/image-2.png\" alt=\"\" class=\"wp-image-25152\" srcset=\"https:\/\/nuevademocracia.com.co\/wp-content\/uploads\/2023\/02\/image-2.png 768w, https:\/\/nuevademocracia.com.co\/wp-content\/uploads\/2023\/02\/image-2-300x225.png 300w\" sizes=\"auto, (max-width: 768px) 100vw, 768px\" \/><figcaption class=\"wp-element-caption\"><mark style=\"background-color:rgba(0, 0, 0, 0)\" class=\"has-inline-color has-black-color\">Activistas hacen refrigerio para masas turcas. Foto: Avrupa Haber<\/mark><\/figcaption><\/figure>\n\n\n\n<p class=\"has-black-color has-text-color\">Frente a ese escenario siniestro que asola la sociedad turca, diversas organizaciones revolucionarias, democr\u00e1ticas y progresistas han denunciado los cr\u00edmenes del r\u00e9gimen de Erdogan y organizado a las masas en acciones de solidaridad popular. Activistas de la organizaci\u00f3n <em>Partizan<\/em> distribuyeron peri\u00f3dicos sobre el terremoto y la responsabilidad del viejo Estado y del r\u00e9gimen de Erdogan sobre el alto n\u00famero de muertos. Los activistas conversaron con diversas familias durante la acci\u00f3n. Seg\u00fan la prensa popular turca <em>Yeni Demokrasi<\/em>, una de las personas abordadas por los activistas de <em>Partizan<\/em> afirm\u00f3 que su familia no recibi\u00f3 ninguna ayuda del Estado turco y que sus parientes se organizaron para resolver los problemas con las propias manos.<\/p>\n\n\n\n<figure class=\"wp-block-image aligncenter size-full\"><img loading=\"lazy\" decoding=\"async\" width=\"784\" height=\"1024\" src=\"https:\/\/nuevademocracia.com.co\/wp-content\/uploads\/2023\/02\/image-3.png\" alt=\"\" class=\"wp-image-25153\" srcset=\"https:\/\/nuevademocracia.com.co\/wp-content\/uploads\/2023\/02\/image-3.png 784w, https:\/\/nuevademocracia.com.co\/wp-content\/uploads\/2023\/02\/image-3-230x300.png 230w, https:\/\/nuevademocracia.com.co\/wp-content\/uploads\/2023\/02\/image-3-768x1003.png 768w\" sizes=\"auto, (max-width: 784px) 100vw, 784px\" \/><figcaption class=\"wp-element-caption\"><mark style=\"background-color:rgba(0, 0, 0, 0)\" class=\"has-inline-color has-black-color\">Activistas organizan donaci\u00f3n de v\u00edveres para las v\u00edctimas del terremoto. Foto: Avrupa Haber<\/mark><\/figcaption><\/figure>\n\n\n\n<p class=\"has-black-color has-text-color\">Adem\u00e1s de <em>Partizan<\/em>, organizaciones como Ageb, Atif, Itif y el Colectivo Morzikil tambien realizaron&nbsp; diversas acciones de solidaridad entre las masas turcas. Una comida colectiva fue organizada en la sede de la&nbsp; Asociaci\u00f3n Democr\u00e1tica de los Trabajadores W\u00f6rgl, en la cual fue servido lahmacun y pan durante todo el fin de semana. Adem\u00e1s de eso, activistas de Ageb en pa\u00edses de Europa han recaudado fondos para donar a las v\u00edctimas del terremoto, mientras que los militantes de Itif en Suiza recolectaron donaciones de alimentos para enviar a las masas turcas.<\/p>\n","protected":false},"excerpt":{"rendered":"<p>Este es un art\u00edculo tomado del Jornal de Nova Democracia. Lo hemos traducido integramente para presentarlo al lector. M\u00e1s de 40 mil personas murieron y decenas de miles quedaron heridas en Turqu\u00eda y Siria como resultado de un terremoto el d\u00eda 6 de enero. Al menos nueve ciudades de Turqu\u00eda fueron afectadas por el desastre, [&hellip;]<\/p>\n","protected":false},"author":1,"featured_media":25153,"comment_status":"open","ping_status":"open","sticky":false,"template":"","format":"standard","meta":{"footnotes":""},"categories":[16,31],"tags":[44,39,41],"class_list":["post-25149","post","type-post","status-publish","format-standard","has-post-thumbnail","hentry","category-carrusel","category-internacional","tag-criminalizacion-a-la-protesta","tag-internacionalismo","tag-represion-estatal"],"blocksy_meta":[],"_links":{"self":[{"href":"https:\/\/nuevademocracia.com.co\/index.php?rest_route=\/wp\/v2\/posts\/25149","targetHints":{"allow":["GET"]}}],"collection":[{"href":"https:\/\/nuevademocracia.com.co\/index.php?rest_route=\/wp\/v2\/posts"}],"about":[{"href":"https:\/\/nuevademocracia.com.co\/index.php?rest_route=\/wp\/v2\/types\/post"}],"author":[{"embeddable":true,"href":"https:\/\/nuevademocracia.com.co\/index.php?rest_route=\/wp\/v2\/users\/1"}],"replies":[{"embeddable":true,"href":"https:\/\/nuevademocracia.com.co\/index.php?rest_route=%2Fwp%2Fv2%2Fcomments&post=25149"}],"version-history":[{"count":2,"href":"https:\/\/nuevademocracia.com.co\/index.php?rest_route=\/wp\/v2\/posts\/25149\/revisions"}],"predecessor-version":[{"id":25155,"href":"https:\/\/nuevademocracia.com.co\/index.php?rest_route=\/wp\/v2\/posts\/25149\/revisions\/25155"}],"wp:featuredmedia":[{"embeddable":true,"href":"https:\/\/nuevademocracia.com.co\/index.php?rest_route=\/wp\/v2\/media\/25153"}],"wp:attachment":[{"href":"https:\/\/nuevademocracia.com.co\/index.php?rest_route=%2Fwp%2Fv2%2Fmedia&parent=25149"}],"wp:term":[{"taxonomy":"category","embeddable":true,"href":"https:\/\/nuevademocracia.com.co\/index.php?rest_route=%2Fwp%2Fv2%2Fcategories&post=25149"},{"taxonomy":"post_tag","embeddable":true,"href":"https:\/\/nuevademocracia.com.co\/index.php?rest_route=%2Fwp%2Fv2%2Ftags&post=25149"}],"curies":[{"name":"wp","href":"https:\/\/api.w.org\/{rel}","templated":true}]}}