{"id":25156,"date":"2023-02-25T11:36:40","date_gmt":"2023-02-25T16:36:40","guid":{"rendered":"https:\/\/nuevademocracia.com.co\/?p=25156"},"modified":"2023-03-15T16:40:31","modified_gmt":"2023-03-15T21:40:31","slug":"a-dos-meses-de-levantamiento-popular-en-peru","status":"publish","type":"post","link":"https:\/\/nuevademocracia.com.co\/?p=25156","title":{"rendered":"<strong>A dos meses de levantamiento popular en Per\u00fa<\/strong>"},"content":{"rendered":"\n<figure class=\"wp-block-image aligncenter size-large\"><img loading=\"lazy\" decoding=\"async\" width=\"1024\" height=\"768\" src=\"https:\/\/nuevademocracia.com.co\/wp-content\/uploads\/2023\/02\/Imagen-1-1-1024x768.jpg\" alt=\"\" class=\"wp-image-25157\" srcset=\"https:\/\/nuevademocracia.com.co\/wp-content\/uploads\/2023\/02\/Imagen-1-1-1024x768.jpg 1024w, https:\/\/nuevademocracia.com.co\/wp-content\/uploads\/2023\/02\/Imagen-1-1-300x225.jpg 300w, https:\/\/nuevademocracia.com.co\/wp-content\/uploads\/2023\/02\/Imagen-1-1-768x576.jpg 768w, https:\/\/nuevademocracia.com.co\/wp-content\/uploads\/2023\/02\/Imagen-1-1.jpg 1200w\" sizes=\"auto, (max-width: 1024px) 100vw, 1024px\" \/><figcaption class=\"wp-element-caption\"><mark style=\"background-color:rgba(0, 0, 0, 0)\" class=\"has-inline-color has-black-color\">Foto: Radio Nacional de Colombia<\/mark><\/figcaption><\/figure>\n\n\n\n<p class=\"has-black-color has-text-color\">El 7 de febrero se cumplieron 2 meses del estallido social en Per\u00fa, uni\u00e9ndose al esp\u00edritu que recorre el continente con grandes levantamientos populares en varios pa\u00edses de la regi\u00f3n. Las protestas son protagonizadas por sectores mayoritariamente campesinos que exigen disoluci\u00f3n del congreso y convocatoria a nuevas elecciones en medio de la destituci\u00f3n y detenci\u00f3n de Pedro Castillo, antiguo mandatario del estado peruano.<\/p>\n\n\n\n<p class=\"has-black-color has-text-color\">La realidad es que Per\u00fa se sostiene sobre condiciones de pobreza para la mayor\u00eda del pueblo, principalmente entre los ind\u00edgenas y campesinos. En Juliaca por ejemplo, una ciudad rural que ha sido uno de los escenarios de las actuales protestas, el 60% de la poblaci\u00f3n no cuenta con agua potable, muchos caminos no est\u00e1n pavimentados y en el \u00fanico hospital p\u00fablico que hay, la malnutrici\u00f3n es el principal problema<a href=\"#_ftn1\" id=\"_ftnref1\">[1]<\/a>.<\/p>\n\n\n\n<p class=\"has-black-color has-text-color\">Por otro lado en Per\u00fa, hay una s\u00f3lida, extensa y ejemplar historia de lucha. De hecho, previo al actual levantamiento, el mismo Pedro Castillo enfrent\u00f3 la protesta popular del campesinado a la cual respondi\u00f3 con represi\u00f3n.<\/p>\n\n\n\n<p class=\"has-black-color has-text-color\">Es natural que en las clases dominantes se presenten pugnas entre sus diversas fracciones. Y a esto se le agrega dos ingredientes: uno, la situaci\u00f3n actual de crisis del imperialismo que disminuye la riqueza a repartir entre este sector y dos, la lucha del pueblo que amenaza sus intereses. Esto ocasiona una profunda inestabilidad y aun m\u00e1s impulso a la lucha, lo cual se ha expresado por ejemplo en el hecho de que en los \u00faltimos cuatro a\u00f1os en Per\u00fa se ha cambiado cuatro veces de presidente en medio de la protesta popular.<\/p>\n\n\n\n<p class=\"has-black-color has-text-color\">Pedro Castillo lleg\u00f3 a su posici\u00f3n con un discurso populista de promesas de cambio y cabalgando sobre la organizaci\u00f3n y la movilizaci\u00f3n del pueblo. Por eso, con ayuda de organizaciones oportunistas que decantan el inconformismo popular hacia luchas burocr\u00e1ticas y electoreras, su destituci\u00f3n y detenci\u00f3n ha sido la primera chispa para el actual levantamiento popular.<\/p>\n\n\n\n<p class=\"has-black-color has-text-color\">Pero lo que en realidad late en el coraz\u00f3n de las actuales y masivas movilizaciones en Per\u00fa son los deseos irrefrenables de una vida distinta y el odio a una clase dominante que ha desangrado al pueblo desde siempre. &nbsp;Incluso se ha podido leer en un afiche la siguiente consigna: \u201crefundar una patria nueva\u201d. Remecer el podrido orden desde sus cimientos y construir el poder del pueblo, eso y no una farsa de elecciones es la verdadera reivindicaci\u00f3n popular.<\/p>\n\n\n\n<p class=\"has-black-color has-text-color\">El Estado reaccionario ha respondido como suele responder al levantamiento del pueblo. Con una cruenta represi\u00f3n que ya deja m\u00e1s de 50 muertos. Por su parte el pueblo ha dejado escuchar su rumor y cientos de miles de peruanos han puesto a temblar al pa\u00eds.<\/p>\n\n\n\n<p><\/p>\n","protected":false},"excerpt":{"rendered":"<p>El 7 de febrero se cumplieron 2 meses del estallido social en Per\u00fa, uni\u00e9ndose al esp\u00edritu que recorre el continente con grandes levantamientos populares en varios pa\u00edses de la regi\u00f3n. Las protestas son protagonizadas por sectores mayoritariamente campesinos que exigen disoluci\u00f3n del congreso y convocatoria a nuevas elecciones en medio de la destituci\u00f3n y detenci\u00f3n [&hellip;]<\/p>\n","protected":false},"author":1,"featured_media":25157,"comment_status":"open","ping_status":"open","sticky":false,"template":"","format":"standard","meta":{"footnotes":""},"categories":[31],"tags":[44,8,101,18,41],"class_list":["post-25156","post","type-post","status-publish","format-standard","has-post-thumbnail","hentry","category-internacional","tag-criminalizacion-a-la-protesta","tag-oportunismo","tag-peru-2","tag-protestas","tag-represion-estatal"],"blocksy_meta":[],"_links":{"self":[{"href":"https:\/\/nuevademocracia.com.co\/index.php?rest_route=\/wp\/v2\/posts\/25156","targetHints":{"allow":["GET"]}}],"collection":[{"href":"https:\/\/nuevademocracia.com.co\/index.php?rest_route=\/wp\/v2\/posts"}],"about":[{"href":"https:\/\/nuevademocracia.com.co\/index.php?rest_route=\/wp\/v2\/types\/post"}],"author":[{"embeddable":true,"href":"https:\/\/nuevademocracia.com.co\/index.php?rest_route=\/wp\/v2\/users\/1"}],"replies":[{"embeddable":true,"href":"https:\/\/nuevademocracia.com.co\/index.php?rest_route=%2Fwp%2Fv2%2Fcomments&post=25156"}],"version-history":[{"count":1,"href":"https:\/\/nuevademocracia.com.co\/index.php?rest_route=\/wp\/v2\/posts\/25156\/revisions"}],"predecessor-version":[{"id":25158,"href":"https:\/\/nuevademocracia.com.co\/index.php?rest_route=\/wp\/v2\/posts\/25156\/revisions\/25158"}],"wp:featuredmedia":[{"embeddable":true,"href":"https:\/\/nuevademocracia.com.co\/index.php?rest_route=\/wp\/v2\/media\/25157"}],"wp:attachment":[{"href":"https:\/\/nuevademocracia.com.co\/index.php?rest_route=%2Fwp%2Fv2%2Fmedia&parent=25156"}],"wp:term":[{"taxonomy":"category","embeddable":true,"href":"https:\/\/nuevademocracia.com.co\/index.php?rest_route=%2Fwp%2Fv2%2Fcategories&post=25156"},{"taxonomy":"post_tag","embeddable":true,"href":"https:\/\/nuevademocracia.com.co\/index.php?rest_route=%2Fwp%2Fv2%2Ftags&post=25156"}],"curies":[{"name":"wp","href":"https:\/\/api.w.org\/{rel}","templated":true}]}}