{"id":25159,"date":"2023-02-25T11:50:35","date_gmt":"2023-02-25T16:50:35","guid":{"rendered":"https:\/\/nuevademocracia.com.co\/?p=25159"},"modified":"2023-03-15T16:40:03","modified_gmt":"2023-03-15T21:40:03","slug":"levantamientos-populares-al-rededor-del-mundo","status":"publish","type":"post","link":"https:\/\/nuevademocracia.com.co\/?p=25159","title":{"rendered":"Levantamientos populares al rededor del mundo"},"content":{"rendered":"\n<p class=\"has-black-color has-text-color\">El 17 de febrero del presente a\u00f1o, manifestantes en medio de protestas contra la carest\u00eda de la vida invadieron el Parlamento de Paranimbo, capital de Surinam, pa\u00eds africano. Las manifestaciones se iniciaron&nbsp; contra las medidas de austeridad que impuso el gobierno de Chan Santoki, las cuales acabaron con los subsidios de electricidad y gasolina, entre otros. Fueron son medidas implementadas por el gobierno con el fin de cumplir acuerdo hechos con el Fondo Monetario Internacional.<\/p>\n\n\n\n<figure class=\"wp-block-image aligncenter size-full\"><img loading=\"lazy\" decoding=\"async\" width=\"700\" height=\"395\" src=\"https:\/\/nuevademocracia.com.co\/wp-content\/uploads\/2023\/02\/surinam_protestas_twitter.jpg\" alt=\"\" class=\"wp-image-25160\" srcset=\"https:\/\/nuevademocracia.com.co\/wp-content\/uploads\/2023\/02\/surinam_protestas_twitter.jpg 700w, https:\/\/nuevademocracia.com.co\/wp-content\/uploads\/2023\/02\/surinam_protestas_twitter-300x169.jpg 300w\" sizes=\"auto, (max-width: 700px) 100vw, 700px\" \/><figcaption class=\"wp-element-caption\"><mark style=\"background-color:rgba(0, 0, 0, 0)\" class=\"has-inline-color has-black-color\">Foto: Noticias TeleSur<\/mark><\/figcaption><\/figure>\n\n\n\n<p class=\"has-black-color has-text-color\">Al menos 2 millones de personas en aproximadamente 200 ciudades de Francia salieron a protestar contra las reformas pensionales de Emanuel Macron. Hubo confrontaci\u00f3n con las tropas policiales y represi\u00f3n por parte del estado hacia los manifestantes. Un bloque de la organizaci\u00f3n Juventud Revolucionaria denunci\u00f3 la inflaci\u00f3n, la reforma pensional lesiva y la crisis bajo la consigna: la rebeli\u00f3n se justifica.<\/p>\n\n\n\n<figure class=\"wp-block-image aligncenter size-full\"><img loading=\"lazy\" decoding=\"async\" width=\"900\" height=\"506\" src=\"https:\/\/nuevademocracia.com.co\/wp-content\/uploads\/2023\/02\/Imagen-3.jpg\" alt=\"\" class=\"wp-image-25161\" srcset=\"https:\/\/nuevademocracia.com.co\/wp-content\/uploads\/2023\/02\/Imagen-3.jpg 900w, https:\/\/nuevademocracia.com.co\/wp-content\/uploads\/2023\/02\/Imagen-3-300x169.jpg 300w, https:\/\/nuevademocracia.com.co\/wp-content\/uploads\/2023\/02\/Imagen-3-768x432.jpg 768w\" sizes=\"auto, (max-width: 900px) 100vw, 900px\" \/><figcaption class=\"wp-element-caption\"><mark style=\"background-color:rgba(0, 0, 0, 0)\" class=\"has-inline-color has-black-color\">Foto: AFP\/Alain Jocard<\/mark><\/figcaption><\/figure>\n\n\n\n<p class=\"has-black-color has-text-color\">El primero de febrero en Reino Unido, medio mill\u00f3n de trabajadores declararon huelga e hicieron manifestaciones en todo el pa\u00eds. Las protestas se centraron en consignas contra la crisis y de repudio a la ley que restringe el derecho a la huelga. Fueron varios los sectores que se tomaron las calles.<\/p>\n\n\n\n<figure class=\"wp-block-image aligncenter size-large\"><img loading=\"lazy\" decoding=\"async\" width=\"1024\" height=\"597\" src=\"https:\/\/nuevademocracia.com.co\/wp-content\/uploads\/2023\/02\/Imagen-2-1024x597.jpg\" alt=\"\" class=\"wp-image-25162\" srcset=\"https:\/\/nuevademocracia.com.co\/wp-content\/uploads\/2023\/02\/Imagen-2-1024x597.jpg 1024w, https:\/\/nuevademocracia.com.co\/wp-content\/uploads\/2023\/02\/Imagen-2-300x175.jpg 300w, https:\/\/nuevademocracia.com.co\/wp-content\/uploads\/2023\/02\/Imagen-2-768x448.jpg 768w, https:\/\/nuevademocracia.com.co\/wp-content\/uploads\/2023\/02\/Imagen-2.jpg 1200w\" sizes=\"auto, (max-width: 1024px) 100vw, 1024px\" \/><figcaption class=\"wp-element-caption\"><mark style=\"background-color:rgba(0, 0, 0, 0)\" class=\"has-inline-color has-black-color\">Foto tomada de Sinpermiso<\/mark><\/figcaption><\/figure>\n","protected":false},"excerpt":{"rendered":"<p>El 17 de febrero del presente a\u00f1o, manifestantes en medio de protestas contra la carest\u00eda de la vida invadieron el Parlamento de Paranimbo, capital de Surinam, pa\u00eds africano. Las manifestaciones se iniciaron&nbsp; contra las medidas de austeridad que impuso el gobierno de Chan Santoki, las cuales acabaron con los subsidios de electricidad y gasolina, entre [&hellip;]<\/p>\n","protected":false},"author":1,"featured_media":25160,"comment_status":"open","ping_status":"open","sticky":false,"template":"","format":"standard","meta":{"footnotes":""},"categories":[31],"tags":[102,44,104,56,18,41,103],"class_list":["post-25159","post","type-post","status-publish","format-standard","has-post-thumbnail","hentry","category-internacional","tag-africa","tag-criminalizacion-a-la-protesta","tag-francia","tag-inglaterra","tag-protestas","tag-represion-estatal","tag-surinam"],"blocksy_meta":[],"_links":{"self":[{"href":"https:\/\/nuevademocracia.com.co\/index.php?rest_route=\/wp\/v2\/posts\/25159","targetHints":{"allow":["GET"]}}],"collection":[{"href":"https:\/\/nuevademocracia.com.co\/index.php?rest_route=\/wp\/v2\/posts"}],"about":[{"href":"https:\/\/nuevademocracia.com.co\/index.php?rest_route=\/wp\/v2\/types\/post"}],"author":[{"embeddable":true,"href":"https:\/\/nuevademocracia.com.co\/index.php?rest_route=\/wp\/v2\/users\/1"}],"replies":[{"embeddable":true,"href":"https:\/\/nuevademocracia.com.co\/index.php?rest_route=%2Fwp%2Fv2%2Fcomments&post=25159"}],"version-history":[{"count":2,"href":"https:\/\/nuevademocracia.com.co\/index.php?rest_route=\/wp\/v2\/posts\/25159\/revisions"}],"predecessor-version":[{"id":25202,"href":"https:\/\/nuevademocracia.com.co\/index.php?rest_route=\/wp\/v2\/posts\/25159\/revisions\/25202"}],"wp:featuredmedia":[{"embeddable":true,"href":"https:\/\/nuevademocracia.com.co\/index.php?rest_route=\/wp\/v2\/media\/25160"}],"wp:attachment":[{"href":"https:\/\/nuevademocracia.com.co\/index.php?rest_route=%2Fwp%2Fv2%2Fmedia&parent=25159"}],"wp:term":[{"taxonomy":"category","embeddable":true,"href":"https:\/\/nuevademocracia.com.co\/index.php?rest_route=%2Fwp%2Fv2%2Fcategories&post=25159"},{"taxonomy":"post_tag","embeddable":true,"href":"https:\/\/nuevademocracia.com.co\/index.php?rest_route=%2Fwp%2Fv2%2Ftags&post=25159"}],"curies":[{"name":"wp","href":"https:\/\/api.w.org\/{rel}","templated":true}]}}