{"id":25164,"date":"2023-02-25T12:04:22","date_gmt":"2023-02-25T17:04:22","guid":{"rendered":"https:\/\/nuevademocracia.com.co\/?p=25164"},"modified":"2024-07-10T13:28:31","modified_gmt":"2024-07-10T18:28:31","slug":"ejercito-de-israel-asesina-a-10-palestinos-y-deja-heridos-a-mas-de-100-actualidad-de-la-resistencia-palestina","status":"publish","type":"post","link":"https:\/\/nuevademocracia.com.co\/?p=25164","title":{"rendered":"Ej\u00e9rcito de Israel asesina a 10 palestinos y deja heridos a m\u00e1s de 100. Actualidad de la resistencia palestina"},"content":{"rendered":"\n<figure class=\"wp-block-image aligncenter size-full\"><img loading=\"lazy\" decoding=\"async\" width=\"686\" height=\"368\" src=\"https:\/\/nuevademocracia.com.co\/wp-content\/uploads\/2023\/02\/Palestina-000.jpg\" alt=\"\" class=\"wp-image-25165\" srcset=\"https:\/\/nuevademocracia.com.co\/wp-content\/uploads\/2023\/02\/Palestina-000.jpg 686w, https:\/\/nuevademocracia.com.co\/wp-content\/uploads\/2023\/02\/Palestina-000-300x161.jpg 300w\" sizes=\"auto, (max-width: 686px) 100vw, 686px\" \/><\/figure>\n\n\n\n<p class=\"has-black-color has-text-color\">El conflicto contempor\u00e1neo entre Palestina e Israel se origin\u00f3 en el a\u00f1o de 1947, cuando varias potencias imperialistas, a trav\u00e9s de la ONU, decidieron arbitrariamente y en detrimento del pueblo palestino, dividir su territorio en dos Estados: uno \u00e1rabe (Palestina) y otro jud\u00edo (Israel). En ese momento, el pueblo palestino perdi\u00f3 la mitad de su territorio.<\/p>\n\n\n\n<p class=\"has-black-color has-text-color\">El Estado de Israel, con la ayuda de EE.UU. y otras potencias europeas, se convirti\u00f3 en uno de los Estados m\u00e1s poderosos en la regi\u00f3n, convirti\u00e9ndose en el perro guardi\u00e1n de los intereses imperialistas en medio oriente, fiel lacayo, armado hasta los dientes y listo para atacar la resistencia de los pueblos \u00e1rabes.<\/p>\n\n\n\n<p class=\"has-black-color has-text-color\">Aprovechando su superioridad econ\u00f3mica y militar, Israel cada a\u00f1o ataca al pueblo palestino. A trav\u00e9s de ataques armados despoja a miles de palestinos de sus tierras, los expulsa, destruye sus casas, y en aquellas tierras robadas construye asentamientos para colonos jud\u00edos. Ante la resistencia del pueblo palestino, el ej\u00e9rcito israel\u00ed y los colonos israel\u00eds, defienden la invasi\u00f3n y la usurpaci\u00f3n con la superioridad de sus armas y el apoyo del imperialismo yanqui y europeo.<\/p>\n\n\n\n<p class=\"has-black-color has-text-color\">A continuaci\u00f3n, algunas noticias recientes de este conflicto y de la resistencia palestina contra el invasor israel\u00ed.<\/p>\n\n\n\n<p class=\"has-black-color has-text-color\">26 de enero: El ej\u00e9rcito de Israel dej\u00f3 10 muertos y veinte heridos en una operaci\u00f3n realizada en Jenin, ciudad palestina invadida por Israel en el norte de Cisjordania. Las tropas israel\u00eds ingresaron al campo de refugiados de Jenin buscando militantes de la Resistencia Nacional Palestina. Cerca de tres horas duraron los combates entre las tropas israel\u00eds y los milicianos palestinos locales. Entre los muertos se encuentra Magda Obaid, se\u00f1ora de 61 a\u00f1os asesinada con un tiro en el cuello dentro de su propia casa. Esta es la redada israel\u00ed m\u00e1s letal en Cisjordania en las \u00faltimas dos d\u00e9cadas.<\/p>\n\n\n\n<p class=\"has-black-color has-text-color\">Ese mismo jueves 26 de enero, el pueblo palestino sali\u00f3 masivamente a realizar el funeral de sus muertos y luego de ello se organizaron fuertes protestas. En diferentes lugares fueron levantadas barricadas. Una de estas protestas, en la ciudad de Al-Ram, fue atacada con disparos por el ej\u00e9rcito israel\u00ed y all\u00ed muri\u00f3 Youssef Yahya, joven palestino de 22 a\u00f1os.<\/p>\n\n\n\n<figure class=\"wp-block-image aligncenter size-full\"><img loading=\"lazy\" decoding=\"async\" width=\"900\" height=\"507\" src=\"https:\/\/nuevademocracia.com.co\/wp-content\/uploads\/2023\/02\/Palestina-001.jpg\" alt=\"\" class=\"wp-image-25166\" srcset=\"https:\/\/nuevademocracia.com.co\/wp-content\/uploads\/2023\/02\/Palestina-001.jpg 900w, https:\/\/nuevademocracia.com.co\/wp-content\/uploads\/2023\/02\/Palestina-001-300x169.jpg 300w, https:\/\/nuevademocracia.com.co\/wp-content\/uploads\/2023\/02\/Palestina-001-768x433.jpg 768w\" sizes=\"auto, (max-width: 900px) 100vw, 900px\" \/><figcaption class=\"wp-element-caption\"><mark style=\"background-color:rgba(0, 0, 0, 0)\" class=\"has-inline-color has-black-color\">Palestinos cargan los cuerpos de las victimas de la operaci\u00f3n sionista en Jenin. Foto: Reuters.<\/mark><\/figcaption><\/figure>\n\n\n\n<p class=\"has-black-color has-text-color\">27 y 28 de enero: Como retaliaci\u00f3n a los anteriores hechos, en Jerusal\u00e9n Oriental, regi\u00f3n palestina invadida por Israel, se presentaron dos ataques contra israel\u00eds. El primer ataque fue realizado por un palestino de 21 a\u00f1os, quien dispar\u00f3 contra 17 israel\u00eds, matando a siete de ellos y luego cuando intentaba huir fue abaleado y falleci\u00f3. El segundo ataque fue realizado por un joven palestino de 13 a\u00f1os, quien dispar\u00f3 contra cinco israel\u00eds, dejando heridos a dos de ellos, luego el joven fue baleado por colonos israel\u00eds y posteriormente apresado por el ej\u00e9rcito.<\/p>\n\n\n\n<p class=\"has-black-color has-text-color\">Desde el a\u00f1o pasado se viene presentando una escalada de la agresi\u00f3n de Israel contra Palestina. Precisamente en el 2022 hubo la mayor cantidad de muertes palestinas a manos de fuerzas israel\u00eds desde 2008, 225 muertos en total de los cuales 53 fueron ni\u00f1os. Adem\u00e1s, durante 2022, 6 mil palestinos fueron presos por el ej\u00e9rcito israel\u00ed y hubo m\u00e1s de 700 desalojos forzados. La ONG Amnist\u00eda Internacional, en sus informes, ha denunciado que el Estado de Israel <em>\u201caplica un sistema institucionalizado de opresi\u00f3n y dominaci\u00f3n contra la poblaci\u00f3n palestina [\u2026] con el objetivo primordial de mantener una mayor\u00eda demogr\u00e1fica jud\u00eda y de maximizar el control de la tierra y los recursos para beneficiar a la poblaci\u00f3n israel\u00ed jud\u00eda en detrimento del pueblo palestino.\u201d<\/em>&nbsp;<\/p>\n\n\n\n<p class=\"has-black-color has-text-color\">Pero no solo han aumentado los ataques del ej\u00e9rcito israel\u00ed contra la poblaci\u00f3n palestina, tambi\u00e9n han aumentado los ataques violentos por parte de colonos israel\u00eds. <em>\u201cEst\u00e1 ampliamente documentado que las autoridades israel\u00edes consienten y facilitan esta violencia, en especial cuando detienen a personas palestinas que est\u00e1n siendo atacadas, cuando proporcionan escolta armada a los colonos o cuando simplemente se limitan a contemplar c\u00f3mo se golpea al pueblo palestino y se destruyen sus propiedades.\u201d<\/em> <\/p>\n\n\n\n<p class=\"has-black-color has-text-color\">Tras los ataques palestinos del 27 y 28 de enero, el gobierno de Israel, como represalia, ha aumentado las detenciones masivas generalizadas y amenaza con demoliciones de poblaciones palestinas enteras. Adem\u00e1s, el gobierno israel\u00ed pretende estimular a\u00fan m\u00e1s las acciones violentas de los colonos israel\u00eds contra la poblaci\u00f3n palestina, para ello, el ultra reaccionario primer ministro de Israel, Benjamin Netanyahu, ha anunciado planes para agilizar los permisos de porte de armas para la poblaci\u00f3n israel\u00ed, y tambi\u00e9n ha dicho que reforzar\u00e1 y ampliar\u00e1 los asentamientos israel\u00eds, es decir las ocupaciones ilegales de territorios palestinos.<\/p>\n\n\n\n<p class=\"has-black-color has-text-color\">Febrero 04: Fuerzas israel\u00eds asaltan un campamento palestino en Jeric\u00f3, dejando heridos a varios palestinos. Esta acci\u00f3n gener\u00f3 combates entre las fuerzas de ocupaci\u00f3n israel\u00eds y combatientes palestinos de la resistencia nacional.&nbsp;<\/p>\n\n\n\n<p class=\"has-black-color has-text-color\">Febrero 06: El ej\u00e9rcito de Israel asesina a cinco palestinos en Jeric\u00f3, en un nuevo asalto a un campamento palestino, bajo el pretexto de intentar arrestar a miembros de los grupos armados de la Resistencia Nacional. <\/p>\n\n\n\n<figure class=\"wp-block-image aligncenter size-full\"><img loading=\"lazy\" decoding=\"async\" width=\"770\" height=\"513\" src=\"https:\/\/nuevademocracia.com.co\/wp-content\/uploads\/2023\/02\/Palestina-002.jpg\" alt=\"\" class=\"wp-image-25167\" srcset=\"https:\/\/nuevademocracia.com.co\/wp-content\/uploads\/2023\/02\/Palestina-002.jpg 770w, https:\/\/nuevademocracia.com.co\/wp-content\/uploads\/2023\/02\/Palestina-002-300x200.jpg 300w, https:\/\/nuevademocracia.com.co\/wp-content\/uploads\/2023\/02\/Palestina-002-768x512.jpg 768w\" sizes=\"auto, (max-width: 770px) 100vw, 770px\" \/><figcaption class=\"wp-element-caption\"><mark style=\"background-color:rgba(0, 0, 0, 0)\" class=\"has-inline-color has-black-color\">J\u00f3venes levantan barricada cerca a la frontera entre Gaza e Israel. Foto: Al Jazeera\/Abdelkhaim Abu Riash<\/mark><\/figcaption><\/figure>\n\n\n\n<p class=\"has-black-color has-text-color\">Febrero 22: El hecho m\u00e1s reciente, fue el operativo militar Israel\u00ed, que asesino diez palestinos y dejo m\u00e1s de cien heridos en Cisjordania, seis de ellos son heridos de gravedad. Una vez m\u00e1s, la justificaci\u00f3n de la operaci\u00f3n militar fue encontrar una c\u00e9lula, que estar\u00eda relacionada con la muerte de un militar en el a\u00f1o 2022. Ante estos hechos la juventud palestina ofreci\u00f3 resistencia, lanzando piedras a veh\u00edculos militares y quemando llantas, obligando a militares israel\u00eds a abandonar la ciudad. La escalada en la invasi\u00f3n israel\u00ed continuar\u00e1 este a\u00f1o, s\u00f3lo en enero de 2023 fueron asesinados 35 palestinos por parte del ej\u00e9rcito israel\u00ed. Las acciones de las fuerzas invasoras y el robo del territorio palestino continuar\u00e1n. Sin embargo, <strong>all\u00ed donde hay opresi\u00f3n siempre habr\u00e1 resistencia,<\/strong> y el aumento de las acciones del invasor israel\u00ed, ha ocasionado el crecimiento de los grupos armados palestinos y tambi\u00e9n de las acciones de la Resistencia Nacional Palestina: durante 2022 aumentaron los lanzamientos de misiles hacia Israel, ataques con bombas, acciones armadas, protestas de masas, disturbios y bloqueos de v\u00edas, etc. El grupo armado Jihad Isl\u00e1mica Palestina (JIP) ha prometido vengar la sangre de los palestinos asesinados: <em>\u201cno seremos quebrantados y ni nos rendiremos, a pesar del dolor. Nuestras banderas continuar\u00e1n erguidas y nuestras armas est\u00e1n listas para luchar y defender al pueblo Palestino\u201d.<\/em> As\u00ed mismo, uno de los comandantes del grupo Hamas, grupo armado palestino que tambi\u00e9n resiste la invasi\u00f3n, afirm\u00f3 que <em>\u201cla respuesta de la resistencia no tardar\u00e1 en llegar. Israel va a pagar el precio por la masacre de Jenin\u201d<\/em>.<\/p>\n\n\n\n<p><\/p>\n","protected":false},"excerpt":{"rendered":"<p>El conflicto contempor\u00e1neo entre Palestina e Israel se origin\u00f3 en el a\u00f1o de 1947, cuando varias potencias imperialistas, a trav\u00e9s de la ONU, decidieron arbitrariamente y en detrimento del pueblo palestino, dividir su territorio en dos Estados: uno \u00e1rabe (Palestina) y otro jud\u00edo (Israel). En ese momento, el pueblo palestino perdi\u00f3 la mitad de su [&hellip;]<\/p>\n","protected":false},"author":1,"featured_media":25167,"comment_status":"open","ping_status":"open","sticky":false,"template":"","format":"standard","meta":{"footnotes":""},"categories":[31,135],"tags":[44,32,107,51,18,41,105],"class_list":["post-25164","post","type-post","status-publish","format-standard","has-post-thumbnail","hentry","category-internacional","category-resistencia-palestina","tag-criminalizacion-a-la-protesta","tag-imperialismo","tag-israel","tag-palestina","tag-protestas","tag-represion-estatal","tag-resistencia-palestina"],"blocksy_meta":[],"_links":{"self":[{"href":"https:\/\/nuevademocracia.com.co\/index.php?rest_route=\/wp\/v2\/posts\/25164","targetHints":{"allow":["GET"]}}],"collection":[{"href":"https:\/\/nuevademocracia.com.co\/index.php?rest_route=\/wp\/v2\/posts"}],"about":[{"href":"https:\/\/nuevademocracia.com.co\/index.php?rest_route=\/wp\/v2\/types\/post"}],"author":[{"embeddable":true,"href":"https:\/\/nuevademocracia.com.co\/index.php?rest_route=\/wp\/v2\/users\/1"}],"replies":[{"embeddable":true,"href":"https:\/\/nuevademocracia.com.co\/index.php?rest_route=%2Fwp%2Fv2%2Fcomments&post=25164"}],"version-history":[{"count":1,"href":"https:\/\/nuevademocracia.com.co\/index.php?rest_route=\/wp\/v2\/posts\/25164\/revisions"}],"predecessor-version":[{"id":25168,"href":"https:\/\/nuevademocracia.com.co\/index.php?rest_route=\/wp\/v2\/posts\/25164\/revisions\/25168"}],"wp:featuredmedia":[{"embeddable":true,"href":"https:\/\/nuevademocracia.com.co\/index.php?rest_route=\/wp\/v2\/media\/25167"}],"wp:attachment":[{"href":"https:\/\/nuevademocracia.com.co\/index.php?rest_route=%2Fwp%2Fv2%2Fmedia&parent=25164"}],"wp:term":[{"taxonomy":"category","embeddable":true,"href":"https:\/\/nuevademocracia.com.co\/index.php?rest_route=%2Fwp%2Fv2%2Fcategories&post=25164"},{"taxonomy":"post_tag","embeddable":true,"href":"https:\/\/nuevademocracia.com.co\/index.php?rest_route=%2Fwp%2Fv2%2Ftags&post=25164"}],"curies":[{"name":"wp","href":"https:\/\/api.w.org\/{rel}","templated":true}]}}