{"id":25169,"date":"2023-02-26T12:01:22","date_gmt":"2023-02-26T17:01:22","guid":{"rendered":"http:\/\/nuevademocracia.com.co\/?p=25169"},"modified":"2023-03-15T16:38:46","modified_gmt":"2023-03-15T21:38:46","slug":"inflacion-desbordada-la-crisis-del-sistema-se-descarga-sobre-el-pueblo","status":"publish","type":"post","link":"https:\/\/nuevademocracia.com.co\/?p=25169","title":{"rendered":"Inflaci\u00f3n desbordada. La crisis del sistema se descarga sobre el pueblo"},"content":{"rendered":"\n<figure class=\"wp-block-image aligncenter size-large\"><img loading=\"lazy\" decoding=\"async\" width=\"1024\" height=\"477\" src=\"https:\/\/nuevademocracia.com.co\/wp-content\/uploads\/2023\/02\/Imagen-1-1024x477.png\" alt=\"\" class=\"wp-image-25170\" srcset=\"https:\/\/nuevademocracia.com.co\/wp-content\/uploads\/2023\/02\/Imagen-1-1024x477.png 1024w, https:\/\/nuevademocracia.com.co\/wp-content\/uploads\/2023\/02\/Imagen-1-300x140.png 300w, https:\/\/nuevademocracia.com.co\/wp-content\/uploads\/2023\/02\/Imagen-1-768x358.png 768w, https:\/\/nuevademocracia.com.co\/wp-content\/uploads\/2023\/02\/Imagen-1-1536x715.png 1536w, https:\/\/nuevademocracia.com.co\/wp-content\/uploads\/2023\/02\/Imagen-1.png 1677w\" sizes=\"auto, (max-width: 1024px) 100vw, 1024px\" \/><figcaption class=\"wp-element-caption\"><mark style=\"background-color:rgba(0, 0, 0, 0)\" class=\"has-inline-color has-black-color\">Foto: Shutterstock<\/mark><\/figcaption><\/figure>\n\n\n\n<p class=\"has-black-color has-text-color\">Seg\u00fan las cifras del organismo estatal DANE -Departamento Administrativo Nacional de Estad\u00edstica &#8211; durante el 2022 la inflaci\u00f3n en Colombia se ubic\u00f3 en un 13,22%, y para enero del presente a\u00f1o, comparada con el mismo mes del a\u00f1o pasado, se sit\u00faa en 13,25%. El aumento general y sostenido de los precios de los bienes lleva siete meses por encima del 10%, y est\u00e1 cerca de superar el porcentaje de 13,51% que alcanz\u00f3 en marzo de 1999, la cifra m\u00e1s alta de la historia reciente en el pa\u00eds.<\/p>\n\n\n\n<p class=\"has-black-color has-text-color\">Son los trabajadores formales, informales y desempleados del campo y la ciudad, la gran mayor\u00eda popular del pa\u00eds, a quienes golpea de forma m\u00e1s contundente el incremento de los precios, ya que esta poblaci\u00f3n dedica una mayor proporci\u00f3n de su salario a la compra de alimentos e insumos b\u00e1sicos de subsistencia, en comparaci\u00f3n con los segmentos m\u00e1s ricos de la poblaci\u00f3n. Los alimentos son uno de los principales segmentos que ha jalonado la inflaci\u00f3n, subiendo un 27%. En modo similar, lo han hecho los servicios p\u00fablicos -agua, luz, electricidad, etc. -que, seg\u00fan los datos oficiales, han subido en un 25%.<\/p>\n\n\n\n<p class=\"has-black-color has-text-color\">La mayor crudeza de esta realidad para los pobres tambi\u00e9n es indicada por cifras: para los 19,6 millones de pobres que tiene Colombia, la inflaci\u00f3n alcanz\u00f3 casi el 15%, mientras que para la poblaci\u00f3n rica el aumento de los precios estuvo por debajo de la media, con un 13,12%.<\/p>\n\n\n\n<p class=\"has-black-color has-text-color\">A su vez, los peque\u00f1os y medianos empresarios del pa\u00eds se ven muy especialmente afectados por el aumento de las tasas de inter\u00e9s impuesto por los bancos, aumento que para el 27 de enero llegaba a un 12,75%, porque as\u00ed se hace m\u00e1s dif\u00edcil el acceso a pr\u00e9stamos y cr\u00e9ditos, los cuales son, en cambio, f\u00e1cilmente suministrados a las empresas de la gran burgues\u00eda cuando hay crisis econ\u00f3mica, como ocurri\u00f3 recientemente cuando sobrevino la pandemia. Esto, al mismo tiempo, frustra los deseos que tienen muchos sectores populares de invertir en la construcci\u00f3n de sus viviendas, e impulsa la ocupaci\u00f3n de terrenos en las ciudades, principalmente por las masas de campesinos desterrados.<\/p>\n\n\n\n<p class=\"has-black-color has-text-color\">La naci\u00f3n, por su parte, tambi\u00e9n sufre esta medida de aumento de las tasas de inter\u00e9s efectuada por los bancos imperialistas como la Reserva Federal de Estados Unidos. Junto con el aumento y volatilidad reciente del precio del d\u00f3lar, esto ha contribuido a mantener altos los precios de la deuda externa en el pa\u00eds. Efectivamente, el indicador m\u00e1s reciente se\u00f1ala que la deuda externa alcanza un 52,2% del total del PIB de la naci\u00f3n.<\/p>\n\n\n\n<p class=\"has-black-color has-text-color\">El aumento de las tasas de inter\u00e9s es una medida que los bancos centrales tradicionalmente operan en contextos de inflaci\u00f3n. El fondo de esta medida es la intenci\u00f3n de recargar la crisis sobre el pueblo, porque divulgan la idea de que la inflaci\u00f3n es el resultado de una amplificaci\u00f3n del gasto por parte de la poblaci\u00f3n, como si el pueblo realmente hubiera visto aumentado su poder adquisitivo en los \u00faltimos a\u00f1os: antes bien, mientras que el costo de vida ha aumentado, el salario m\u00ednimo, el que solo cubre al 15,7% de la clase trabajadora, el que es pactado a\u00f1o tras a\u00f1o entre la aristocracia obrera, el Estado y la gran burgues\u00eda, esto es, los enemigos de esa clase trabajadora, a duras penas si se ajusta a la elevaci\u00f3n general de los precios. De hecho, el aumento del salario m\u00ednimo para el 2023, decretado por el gobierno de Petro y M\u00e1rquez, ha sido, con relaci\u00f3n a la inflaci\u00f3n, el m\u00e1s bajo desde 2016. Mucho peor es la situaci\u00f3n para un 43,1% de los 22 millones de trabajadores del pa\u00eds, que se ganan menos de un salario m\u00ednimo.<\/p>\n\n\n\n<p class=\"has-black-color has-text-color\">El encarecimiento de los bienes de consumo se traduce inmediatamente en aumento del hambre. Seg\u00fan el Instituto Nacional de Salud, 85 ni\u00f1os murieron por desnutrici\u00f3n en el departamento de La Guajira en el 2022 (44 casos m\u00e1s que en el 2021). En todo el pa\u00eds los muertos por desnutrici\u00f3n fueron 308 menores. Cifras recientes, adem\u00e1s, se\u00f1alan que el 36,6% de la poblaci\u00f3n no alcanza a comer tres comidas al d\u00eda.<\/p>\n\n\n\n<p class=\"has-black-color has-text-color\">La inflaci\u00f3n es otro s\u00edntoma m\u00e1s que evidencia la crisis del decadente sistema imperialista. Si bien Colombia tiene una de las tasas m\u00e1s altas de Am\u00e9rica Latina, los centros imperialistas como Estados Unidos e Inglaterra tambi\u00e9n est\u00e1n percibiendo fen\u00f3menos similares -en el primero de estos pa\u00edses, de hecho, se est\u00e1 dando la inflaci\u00f3n m\u00e1s alta en m\u00e1s de 40 a\u00f1os, y los diagn\u00f3sticos de los economistas burgueses apuntan a una sistem\u00e1tica ralentizaci\u00f3n del crecimiento.<\/p>\n\n\n\n<p class=\"has-black-color has-text-color\">La guerra de agresi\u00f3n en Ucrania es uno de los factores que ha encarecido los costos de materias primas, fertilizantes y transporte de mercanc\u00edas, costos que la burgues\u00eda monopolista y los terratenientes transfieren a los trabajadores a trav\u00e9s del aumento de precios de las mercanc\u00edas y la consecuente disminuci\u00f3n de los salarios, para preservar tanto como sea posible su tasa de ganancia. En el encarecimiento de los costos de transporte tambi\u00e9n han influido, seg\u00fan la prensa monop\u00f3lica, las dificultades log\u00edsticas de la distribuci\u00f3n internacional de mercanc\u00edas en la medida en que se fueron flexibilizando las medidas contra la expansi\u00f3n de la pandemia.<\/p>\n\n\n\n<p class=\"has-black-color has-text-color\">M\u00e1s importante a\u00fan es que, en el fondo, con todo y que es un fen\u00f3meno de m\u00faltiples causas inmediatas, la inflaci\u00f3n est\u00e1 perfectamente ligada a un sistema moribundo y defensivo, donde los medios de producci\u00f3n de la vida material est\u00e1n privatizados y la producci\u00f3n en su conjunto es an\u00e1rquica, cada vez m\u00e1s dif\u00edcil de estabilizar y no est\u00e1 sujeta a planificaci\u00f3n seg\u00fan las necesidades del pueblo.<\/p>\n\n\n\n<p class=\"has-black-color has-text-color\">Actualmente, distintos sectores populares del pa\u00eds y del mundo exigen a sus gobiernos medidas de paliaci\u00f3n de la crisis. El costo del transporte ha sido causal de importantes movilizaciones populares en ciudades como Bogot\u00e1, donde los trabajadores y estudiantes se niegan a acoger la subida del precio del viaje en Transmilenio. De igual manera, m\u00e1s de 80 bloqueos se hicieron en las carreteras del pa\u00eds durante el primer mes de 2023, por causales como el aumento del costo de los fletes, aumento arbitrario en el costo de los peajes, dificultades econ\u00f3micas de los peque\u00f1os productores para distribuir los alimentos, entre otras.<\/p>\n\n\n\n<p class=\"has-black-color has-text-color\">Frente a esta situaci\u00f3n, las clases dominantes solo encuentran como salida la represi\u00f3n y -cada vez menos- atenuadores moment\u00e1neos. \u00c9sta y otras manifestaciones de la decadencia proveen las condiciones para una mayor concientizaci\u00f3n de las masas sobre la inviabilidad del sistema, y la necesidad hist\u00f3rica de derrocarlo revolucionariamente.<\/p>\n","protected":false},"excerpt":{"rendered":"<p>Seg\u00fan las cifras del organismo estatal DANE -Departamento Administrativo Nacional de Estad\u00edstica &#8211; durante el 2022 la inflaci\u00f3n en Colombia se ubic\u00f3 en un 13,22%, y para enero del presente a\u00f1o, comparada con el mismo mes del a\u00f1o pasado, se sit\u00faa en 13,25%. El aumento general y sostenido de los precios de los bienes lleva [&hellip;]<\/p>\n","protected":false},"author":1,"featured_media":25170,"comment_status":"open","ping_status":"open","sticky":false,"template":"","format":"standard","meta":{"footnotes":""},"categories":[4],"tags":[108,65,66],"class_list":["post-25169","post","type-post","status-publish","format-standard","has-post-thumbnail","hentry","category-colombia","tag-colombia","tag-costo-de-vida","tag-inflacion"],"blocksy_meta":[],"_links":{"self":[{"href":"https:\/\/nuevademocracia.com.co\/index.php?rest_route=\/wp\/v2\/posts\/25169","targetHints":{"allow":["GET"]}}],"collection":[{"href":"https:\/\/nuevademocracia.com.co\/index.php?rest_route=\/wp\/v2\/posts"}],"about":[{"href":"https:\/\/nuevademocracia.com.co\/index.php?rest_route=\/wp\/v2\/types\/post"}],"author":[{"embeddable":true,"href":"https:\/\/nuevademocracia.com.co\/index.php?rest_route=\/wp\/v2\/users\/1"}],"replies":[{"embeddable":true,"href":"https:\/\/nuevademocracia.com.co\/index.php?rest_route=%2Fwp%2Fv2%2Fcomments&post=25169"}],"version-history":[{"count":1,"href":"https:\/\/nuevademocracia.com.co\/index.php?rest_route=\/wp\/v2\/posts\/25169\/revisions"}],"predecessor-version":[{"id":25171,"href":"https:\/\/nuevademocracia.com.co\/index.php?rest_route=\/wp\/v2\/posts\/25169\/revisions\/25171"}],"wp:featuredmedia":[{"embeddable":true,"href":"https:\/\/nuevademocracia.com.co\/index.php?rest_route=\/wp\/v2\/media\/25170"}],"wp:attachment":[{"href":"https:\/\/nuevademocracia.com.co\/index.php?rest_route=%2Fwp%2Fv2%2Fmedia&parent=25169"}],"wp:term":[{"taxonomy":"category","embeddable":true,"href":"https:\/\/nuevademocracia.com.co\/index.php?rest_route=%2Fwp%2Fv2%2Fcategories&post=25169"},{"taxonomy":"post_tag","embeddable":true,"href":"https:\/\/nuevademocracia.com.co\/index.php?rest_route=%2Fwp%2Fv2%2Ftags&post=25169"}],"curies":[{"name":"wp","href":"https:\/\/api.w.org\/{rel}","templated":true}]}}