{"id":25172,"date":"2023-02-26T12:10:01","date_gmt":"2023-02-26T17:10:01","guid":{"rendered":"http:\/\/nuevademocracia.com.co\/?p=25172"},"modified":"2024-07-10T13:45:29","modified_gmt":"2024-07-10T18:45:29","slug":"verdadera-y-falsa-polarizacion","status":"publish","type":"post","link":"https:\/\/nuevademocracia.com.co\/?p=25172","title":{"rendered":"Editorial &#8211; Verdadera y falsa polarizaci\u00f3n"},"content":{"rendered":"\n<p class=\"has-black-color has-text-color\">El Paro Nacional de Noviembre de 2019, las batallas heroicas de la juventud popular del 9 al 11 de septiembre de 2020 y, marcadamente, el Gran levantamiento Popular de abril a junio de 2021, son los principales hitos de la \u00faltima gran ola de lucha popular en nuestro pa\u00eds, y hacen parte a su vez de los nuevos y tempestuosos tiempos que se han abierto en el mundo, en que la gente trabajadora inunda las calles y hace estremecer el viejo e injusto orden social.<\/p>\n\n\n\n<p class=\"has-black-color has-text-color\">Explosiones de masas sintom\u00e1ticas de un sistema social enfermo, caduco, un mundo y un pa\u00eds cada vez m\u00e1s desiguales y polarizados: en un polo la inmensa mayor\u00eda, las clases trabajadoras, m\u00e1s explotadas y pobres, que se levantan contra el injusto orden establecido, y en el otro polo, una minor\u00eda, las clases opresoras, m\u00e1s ricas y represoras, defendiendo este viejo orden. Seg\u00fan recientes cifras publicadas por la ONG Oxfam, por cada 100 d\u00f3lares de riqueza creada en los \u00faltimos 10 a\u00f1os en el mundo, \u00a145 han ido a parar al 1% m\u00e1s rico y solo 12,4 al 90% m\u00e1s pobre! En esa d\u00e9cada en nuestro pa\u00eds, las cuatro personas m\u00e1s ricas obtuvieron m\u00e1s riqueza que 25,5 millones de colombianos.<\/p>\n\n\n\n<p class=\"has-black-color has-text-color\">Pero en Colombia, igual que pasa en las calles del Per\u00fa, la respuesta de las clases dominantes ante la rebeli\u00f3n popular contra la injusticia, muestra el car\u00e1cter reaccionario y antipopular del viejo Estado, que defendiendo los intereses de ese pu\u00f1ado de explotadores, recurre a la m\u00e1s cruenta represi\u00f3n y genocidio, asesinando y desapareciendo a decenas de personas, encarcelando y judicializando a otros tantos. Un centenar de madres del pueblo colombiano lloraron a sus hijos asesinados por el viejo Estado, cuyas vidas fueron cegadas por osar luchar, por erguir alto su cabeza y levantar su pu\u00f1o en las calles en busca del derecho a una vida digna. Alrededor de 200 j\u00f3venes hoy est\u00e1n encarcelados por rebelarse contra la injusticia y la opresi\u00f3n a que se ven sometidos d\u00eda a d\u00eda los hijos del pueblo.<\/p>\n\n\n\n<p class=\"has-black-color has-text-color\">Sin embargo, para los opresores nunca ha sido posible sojuzgar a los pueblos con solo represi\u00f3n y violencia, han de echar mano siempre de la demagogia y el enga\u00f1o, cuya principal forma en estos tiempos es vendernos como democracia el proceso de renovaci\u00f3n de sus autoridades: el circo electoral. La particularidad hoy, ante la gravedad de la situaci\u00f3n econ\u00f3mica del pueblo, el profundo odio y desprestigio que se han ganado los partidos tradicionales y la desconfianza de las masas en las instituciones reaccionarias, es que a la vieja estrategia de la falsa democracia tuvieron que agregarle una nueva t\u00e1ctica e incluso renovar algunos de sus personajes m\u00e1s \u201cquemados\u201d.<\/p>\n\n\n\n<p class=\"has-black-color has-text-color\">Tomaron protagonismo entonces unos \u201cnuevos\u201d actores que hab\u00edan sido relegados hist\u00f3ricamente a ser minor\u00eda en el Congreso o si mucho a ejercer alg\u00fan gobierno local o regional: los partidos del oportunismo. Estos politiqueros, a diferencia de los tradicionales, con su t\u00e1ctica oportunista enga\u00f1an m\u00e1s f\u00e1cilmente al pueblo, pues muchos de ellos merodean en los movimientos populares, donde escalan y construyen su capital pol\u00edtico tom\u00e1ndose la vocer\u00eda de las luchas de las masas, cabalgando sobre ellas, vendi\u00e9ndolas por prebendas y cargos para una costra de bur\u00f3cratas que se atornilla as\u00ed a las direcciones de muchos sindicatos, organizaciones estudiantiles y campesinas, y las conduce al pacifismo y al electorerismo a favor de uno u otro de sus partidos politiqueros.<\/p>\n\n\n\n<figure class=\"wp-block-image aligncenter size-full\"><img loading=\"lazy\" decoding=\"async\" width=\"980\" height=\"600\" src=\"https:\/\/nuevademocracia.com.co\/wp-content\/uploads\/2023\/02\/Imagen-1-3.jpg\" alt=\"\" class=\"wp-image-25174\" srcset=\"https:\/\/nuevademocracia.com.co\/wp-content\/uploads\/2023\/02\/Imagen-1-3.jpg 980w, https:\/\/nuevademocracia.com.co\/wp-content\/uploads\/2023\/02\/Imagen-1-3-300x184.jpg 300w, https:\/\/nuevademocracia.com.co\/wp-content\/uploads\/2023\/02\/Imagen-1-3-768x470.jpg 768w\" sizes=\"auto, (max-width: 980px) 100vw, 980px\" \/><figcaption class=\"wp-element-caption\"><mark style=\"background-color:rgba(0, 0, 0, 0)\" class=\"has-inline-color has-black-color\">Miembros de Primera L\u00ednea &#8211; Foto: EFE<\/mark><\/figcaption><\/figure>\n\n\n\n<p class=\"has-black-color has-text-color\">Un grupo de estos oportunistas (el Comit\u00e9 de Paro) trataron primero de tomarse la vocer\u00eda del Gran Levantamiento Popular, pero las masas no les hicieron caso, luego otro grupo (liderado por Petro) las llamaron a cesar el Paro Nacional cuando se logr\u00f3 tumbar la reforma tributaria antipopular, pero tampoco lo lograron. La lucha contin\u00fao y creci\u00f3. Entonces el gobierno de Duque arreci\u00f3 la represi\u00f3n y los partidos oportunistas siguieron sembrando pacifismo e ilusiones en que a trav\u00e9s de las elecciones vendr\u00edan los cambios por los que la gente luchaba.<\/p>\n\n\n\n<p class=\"has-black-color has-text-color\">El pueblo colombiano, si bien logr\u00f3 acontecimientos grandiosos y brillantes en las calles (hace a\u00f1os que no se expresaba tan claramente el poder del pueblo cuando se moviliza masiva y combativamente), debido a que aun es d\u00e9bil su conciencia y organizaci\u00f3n, no pudo seguir manteniendo la lucha en las calles a ese ritmo y dimensi\u00f3n y la protesta social fue dispers\u00e1ndose para terminar expres\u00e1ndose hasta hoy en numerosas luchas reivindicativas locales y sectoriales (tan solo en el mes de enero hubo 81 bloqueos en las v\u00edas del pa\u00eds).<\/p>\n\n\n\n<p class=\"has-black-color has-text-color\">La dispersi\u00f3n de las masas y su frustraci\u00f3n por no haber conseguido un cambio social, fueron aprovechadas por estos partidos oportunistas para venderle al pueblo que ellos lo representaban y que por medio de las elecciones, votando por ellos, obtendr\u00eda el cambio que anhelaba. Este mercadeo de ilusiones, de grandes promesas y el \u201cPacto Hist\u00f3rico\u201d hecho con partidos de la derecha (liberales, conservadores, la U) le permitieron a los partidos de la falsa izquierda hacerse al gobierno del viejo Estado.<\/p>\n\n\n\n<p class=\"has-black-color has-text-color\">Pero transcurridos 6 meses bajo el \u201cgobierno del cambio\u201d la realidad desmiente el pomposo slogan. No ha cambiado para bien sino para mal la situaci\u00f3n del pueblo: mientras el desempleo sigue rondando los 2,5 millones de personas y la pobreza cobija a cerca del 40% de la poblaci\u00f3n, la situaci\u00f3n econ\u00f3mica para los trabajadores se torna cada vez m\u00e1s asfixiante por la fuerte carest\u00eda en el costo de vida, especialmente en los alimentos, lo que golpea sobre todo a los m\u00e1s pobres quienes dedican el 70% de sus ingresos a alimentaci\u00f3n y transporte. Seg\u00fan cifras oficiales la canasta b\u00e1sica de alimentos a enero de 2023 subi\u00f3 \u00a1casi 30%! (28,61) si se le compara con enero de 2022. El salario m\u00ednimo subi\u00f3 16%, y el gobierno alarde\u00f3 con que este era un aumento \u201ccomo nunca antes\u201d pero lo cierto es que, tambi\u00e9n \u00a1el costo de vida subi\u00f3 como nunca antes: casi el doble que el salario!<\/p>\n\n\n\n<p class=\"has-black-color has-text-color\">Este gobierno prometi\u00f3 acabar con el ESMAD y no lo hizo, \u00a1solo cambi\u00f3 el color de sus uniformes! Pero este odiado aparato represivo sigui\u00f3 cumpliendo su funci\u00f3n: reprimiendo al pueblo, desalojando campesinos y masas sin techo que luchan por un lugar para levantar su vivienda y mantener su hogar; prometi\u00f3 dejar en libertad a los cerca de 200 j\u00f3venes condenados por luchar, pero solo han salido 3 o 4 de ellos y adem\u00e1s bajo el sucio chantaje de hacerlos \u201cgestores de paz\u201d, para comprar conciencias y buscar que ellos sirvan a apaciguar a las comunidades junto a las que lucharon; prometieron dar tierra al campesinado e hicieron un show medi\u00e1tico para decir que \u201ccon la entrega de la hacienda T\u00e1mesis inici\u00f3 la reforma agraria\u201d, pero ni siquiera tras 4 meses de este rimbombante acto la tierra de esa hacienda ha pasado a manos del campesinado. Su prop\u00f3sito m\u00e1s bien era embaucar al campesino para que cesara su justa lucha por la tierra; prometieron darle empleo en el sector p\u00fablico a todo aquel que no encontrara en el privado, pero fue m\u00e1s bla bla bla, siguen sin empleo m\u00e1s de dos millones de colombianos\u2026 y as\u00ed un largo etc\u00e9tera. En pocas palabras: Petro, gracias a su larga carrera politiquera entre la \u201cizquierda\u201d que lo ha graduado como buen demagogo y oportunista, promete al pueblo esta vida y la otra pero al final entrega solo unas migajas.<\/p>\n\n\n\n<p class=\"has-black-color has-text-color\">En realidad, con el gobierno de Petro, el oportunismo se puso a la cabeza de la contraofensiva que las clases dominantes desataron para contener la ofensiva popular. Como los proyectiles de plomo que lanz\u00f3 el gobierno liderado por los uribistas no fueron suficiente, sino que por el contrario exacerbaron la rabia del pueblo, se hicieron necesarios los proyectiles endulzados del gobierno liderado por los petristas: grandes promesas, m\u00edseras reformas, embelecos de \u201cpaz total\u201d, para apaciguar la rabia popular ante la aguda crisis social y ayudar a legitimar el desprestigiado viejo Estado y sus instituciones reaccionarias.<\/p>\n\n\n\n<p class=\"has-black-color has-text-color\">La polarizaci\u00f3n de la que hablan los medios de comunicaci\u00f3n entre uribistas y petristas es una falsa polarizaci\u00f3n en la que no est\u00e1 el pueblo; es la agudizaci\u00f3n de la pugna dentro del viejo Estado entre facciones y grupos de las clases dominantes. La verdadera polarizaci\u00f3n sigue siendo la que enfrenta a todo el pueblo trabajador contra un Estado explotador firmemente estructurado -por dos siglos- para mantener el orden injusto actual e impedir la revoluci\u00f3n social.&nbsp;<\/p>\n\n\n\n<p class=\"has-black-color has-text-color\">El aumento de las pugnas entre las clases dominantes con el que ha comenzado el nuevo a\u00f1o, se debe a que el gobierno oportunista impulsar\u00e1 sus reformas a la salud, laboral y pensional, reformas que, aun cuando muchas voces desde hace a\u00f1os piden que se aborden, no han podido serlo precisamente por la fuerte lucha de intereses entre los diferentes grupos de las clases dominantes en torno a estas. Los grandes montos de dinero y puestos que manejan la salud y las pensiones son para las clases dominantes y sus representantes -los politiqueros- un jugoso bot\u00edn por el que pelean como perros rabiosos. Adicionalmente, este 2023 para ellos est\u00e1n en juego sus fortines pol\u00edticos y econ\u00f3micos, pues a finales del a\u00f1o vuelve a darse el circo electoral, esta vez para escoger alcaldes y gobernadores, lo que acrecienta la pelea por el poder local y regional.<\/p>\n\n\n\n<p class=\"has-black-color has-text-color\">Los llamados de Petro a \u201cdiscutir en las calles las reformas que se avecinan\u201d, su invitaci\u00f3n a \u201cacompa\u00f1arme en la plaza p\u00fablica este 14 de febrero y el 1 de mayo\u201d, o los del uribismo y la oposici\u00f3n a \u201cmarchar este 15 de febrero contra el gobierno\u201d, persiguen el objetivo de que las masas caigan en esta falsa polarizaci\u00f3n para ponerlas a la cola de uno u otro grupo de las clases dominantes y desdibujar la verdadera polarizaci\u00f3n que opone en un extremo a todo el pueblo trabajador y en el otro a todas las clases dominantes, su Estado y sus partidos politiqueros (liberal, conservador, Polo, Progresistas, pacto hist\u00f3rico, Verdes, etc.). La ya conocida argucia de los de arriba de enfrentar a pueblo contra pueblo, en nombre de Conservadores o Liberales, vuelve al ruedo de la historia m\u00e1s refinada, pues por primera vez en el bando del gobierno est\u00e1n los camaleones del oportunismo, vistiendo el disfraz de \u201cgobierno del pueblo\u201d.<\/p>\n\n\n\n<p class=\"has-black-color has-text-color\">El agravamiento de la confrontaci\u00f3n entre los politiqueros es indicativo de su crisis de \u201cgobernabilidad\u201d, de que, ante el desarrollo de la lucha popular, los de arriba no pueden seguir mandando del mismo modo como lo ven\u00edan haciendo. En esta crisis del capitalismo burocr\u00e1tico y el viejo Estado que lo regenta, en esta contienda entre opresores de diferente pelaje, al pueblo no le sirve ning\u00fan lado. Por el contrario, en la medida en que las masas construyan un frente de lucha por los derechos del pueblo, independiente del Estado y los partidos politiqueros,&nbsp; en la medida en que el oportunismo participe m\u00e1s del viejo Estado que rige este sistema social opresor y explotador, y conforme las clases dominantes se saquen m\u00e1s y m\u00e1s los podridos trapitos al sol, ante los ojos del pueblo se ir\u00e1 diluyendo el disfraz de estos traficantes y aflorar\u00e1 m\u00e1s claro el verdadero car\u00e1cter reaccionario de estos autodenominados partidos de \u201cizquierda\u201d y su papel de avanzada de la contraofensiva de las clases dominantes ante los nuevos tiempos de rebeli\u00f3n y revoluci\u00f3n popular.<\/p>\n\n\n\n<figure class=\"wp-block-image aligncenter size-large is-resized\"><img loading=\"lazy\" decoding=\"async\" src=\"https:\/\/nuevademocracia.com.co\/wp-content\/uploads\/2023\/02\/Imagen-2-2-1024x576.png\" alt=\"\" class=\"wp-image-25175\" width=\"836\" height=\"470\" srcset=\"https:\/\/nuevademocracia.com.co\/wp-content\/uploads\/2023\/02\/Imagen-2-2-1024x576.png 1024w, https:\/\/nuevademocracia.com.co\/wp-content\/uploads\/2023\/02\/Imagen-2-2-300x169.png 300w, https:\/\/nuevademocracia.com.co\/wp-content\/uploads\/2023\/02\/Imagen-2-2-768x432.png 768w, https:\/\/nuevademocracia.com.co\/wp-content\/uploads\/2023\/02\/Imagen-2-2.png 1180w\" sizes=\"auto, (max-width: 836px) 100vw, 836px\" \/><figcaption class=\"wp-element-caption\"><mark style=\"background-color:rgba(0, 0, 0, 0)\" class=\"has-inline-color has-black-color\">Foto: El Heraldo<\/mark><\/figcaption><\/figure>\n\n\n\n<p><\/p>\n","protected":false},"excerpt":{"rendered":"<p>El Paro Nacional de Noviembre de 2019, las batallas heroicas de la juventud popular del 9 al 11 de septiembre de 2020 y, marcadamente, el Gran levantamiento Popular de abril a junio de 2021, son los principales hitos de la \u00faltima gran ola de lucha popular en nuestro pa\u00eds, y hacen parte a su vez [&hellip;]<\/p>\n","protected":false},"author":1,"featured_media":25174,"comment_status":"open","ping_status":"open","sticky":false,"template":"","format":"standard","meta":{"footnotes":""},"categories":[16,4,10],"tags":[108,111,5,110],"class_list":["post-25172","post","type-post","status-publish","format-standard","has-post-thumbnail","hentry","category-carrusel","category-colombia","category-editorial","tag-colombia","tag-falsa-polarizacion","tag-petro","tag-uribe"],"blocksy_meta":[],"_links":{"self":[{"href":"https:\/\/nuevademocracia.com.co\/index.php?rest_route=\/wp\/v2\/posts\/25172","targetHints":{"allow":["GET"]}}],"collection":[{"href":"https:\/\/nuevademocracia.com.co\/index.php?rest_route=\/wp\/v2\/posts"}],"about":[{"href":"https:\/\/nuevademocracia.com.co\/index.php?rest_route=\/wp\/v2\/types\/post"}],"author":[{"embeddable":true,"href":"https:\/\/nuevademocracia.com.co\/index.php?rest_route=\/wp\/v2\/users\/1"}],"replies":[{"embeddable":true,"href":"https:\/\/nuevademocracia.com.co\/index.php?rest_route=%2Fwp%2Fv2%2Fcomments&post=25172"}],"version-history":[{"count":3,"href":"https:\/\/nuevademocracia.com.co\/index.php?rest_route=\/wp\/v2\/posts\/25172\/revisions"}],"predecessor-version":[{"id":26532,"href":"https:\/\/nuevademocracia.com.co\/index.php?rest_route=\/wp\/v2\/posts\/25172\/revisions\/26532"}],"wp:featuredmedia":[{"embeddable":true,"href":"https:\/\/nuevademocracia.com.co\/index.php?rest_route=\/wp\/v2\/media\/25174"}],"wp:attachment":[{"href":"https:\/\/nuevademocracia.com.co\/index.php?rest_route=%2Fwp%2Fv2%2Fmedia&parent=25172"}],"wp:term":[{"taxonomy":"category","embeddable":true,"href":"https:\/\/nuevademocracia.com.co\/index.php?rest_route=%2Fwp%2Fv2%2Fcategories&post=25172"},{"taxonomy":"post_tag","embeddable":true,"href":"https:\/\/nuevademocracia.com.co\/index.php?rest_route=%2Fwp%2Fv2%2Ftags&post=25172"}],"curies":[{"name":"wp","href":"https:\/\/api.w.org\/{rel}","templated":true}]}}