{"id":25177,"date":"2023-02-26T12:18:45","date_gmt":"2023-02-26T17:18:45","guid":{"rendered":"http:\/\/nuevademocracia.com.co\/?p=25177"},"modified":"2023-03-05T16:02:54","modified_gmt":"2023-03-05T21:02:54","slug":"con-bloqueos-de-vias-campesinos-de-la-mojana-exigen-cierre-del-boquete-en-cara-e-gato","status":"publish","type":"post","link":"https:\/\/nuevademocracia.com.co\/?p=25177","title":{"rendered":"Con bloqueos de v\u00edas campesinos de la Mojana exigen cierre del boquete en cara e\u00b4 gato"},"content":{"rendered":"\n<p class=\"has-black-color has-text-color\">La Mojana es una regi\u00f3n del departamento de Colombia que cuenta con 500 mil hect\u00e1reas, agrupa a 11 municipios de Sucre, Antioquia, Bol\u00edvar y confluyen en ella 4 r\u00edos, entre ellos el r\u00edo Cauca y el rio Magdalena. La Mojana es una regi\u00f3n de campesinos pobres que desde el 2010 en la \u00e9poca en que el fen\u00f3meno de la ni\u00f1a tuvo fuertes impactos sobre la poblaci\u00f3n, agrega a su aquejada vida el martirio de las inundaciones.<\/p>\n\n\n\n<p class=\"has-black-color has-text-color\">Hasta el mes de setiembre del a\u00f1o pasado las personas afectadas por las inundaciones en la regi\u00f3n ascend\u00edan a un aproximado de 500 mil. Precisamente fue el a\u00f1o pasado el peor a\u00f1o para las comunidades de la Mojana, quienes no pudieron sembrar o pastorear animales ni desarrollar ninguna otra actividad econ\u00f3mica ligada a lo agropecuario.<\/p>\n\n\n\n<p class=\"has-black-color has-text-color\">La problem\u00e1tica actual es que desde el hace dos a\u00f1os, en el 2021, el r\u00edo Cauca abri\u00f3 un boquete en el canal de dique, en un tramo que se conoce como cara e\u00b4 gato, dejando a las comunidades a merced de la lluvia.<\/p>\n\n\n\n<figure class=\"wp-block-image aligncenter size-full\"><img loading=\"lazy\" decoding=\"async\" width=\"525\" height=\"350\" src=\"https:\/\/nuevademocracia.com.co\/wp-content\/uploads\/2023\/02\/Imagen-1-4.jpg\" alt=\"\" class=\"wp-image-25178\" srcset=\"https:\/\/nuevademocracia.com.co\/wp-content\/uploads\/2023\/02\/Imagen-1-4.jpg 525w, https:\/\/nuevademocracia.com.co\/wp-content\/uploads\/2023\/02\/Imagen-1-4-300x200.jpg 300w\" sizes=\"auto, (max-width: 525px) 100vw, 525px\" \/><figcaption class=\"wp-element-caption\"><mark style=\"background-color:rgba(0, 0, 0, 0)\" class=\"has-inline-color has-black-color\">Camila \u2013 El Espectador<br><\/mark><\/figcaption><\/figure>\n\n\n\n<p class=\"has-black-color has-text-color\">Los gobiernos de turno se achacan las responsabilidades unos a otros. Lo cierto es que ning\u00fan gobierno ha dado soluci\u00f3n a los campesinos quienes decidieron tomar las v\u00edas de hechos para exigir al actual presidente soluci\u00f3n a su situaci\u00f3n. Han iniciado paros indefinidos varias veces. En noviembre del a\u00f1o pasado hubo m\u00e1s o menos dos semanas de bloqueos. Los manifestantes se retiraron de las carreteras despu\u00e9s de haber llegado a acuerdos con el gobierno, sin embargo, ante el incumplimiento de este, en enero retomaron las v\u00edas con nuevos bloqueos indefinidos, bloqueos que ya se han levantado. Por lo pronto las comunidades de la Mojana est\u00e1n esperando que su presi\u00f3n sea suficiente, sin embargo, como es costumbre, el gobierno continuo con incumplimientos y ya se escuchan denuncias de que las maquinarias para tapar el boquete de cara e\u00b4 gato son insuficientes y que, si de nuevo se presentan incumplimientos, de nuevo tomaran las v\u00edas.<\/p>\n\n\n\n<p><\/p>\n","protected":false},"excerpt":{"rendered":"<p>La Mojana es una regi\u00f3n del departamento de Colombia que cuenta con 500 mil hect\u00e1reas, agrupa a 11 municipios de Sucre, Antioquia, Bol\u00edvar y confluyen en ella 4 r\u00edos, entre ellos el r\u00edo Cauca y el rio Magdalena. La Mojana es una regi\u00f3n de campesinos pobres que desde el 2010 en la \u00e9poca en que [&hellip;]<\/p>\n","protected":false},"author":1,"featured_media":25178,"comment_status":"open","ping_status":"open","sticky":false,"template":"","format":"standard","meta":{"footnotes":""},"categories":[16,4],"tags":[21,108,18,41],"class_list":["post-25177","post","type-post","status-publish","format-standard","has-post-thumbnail","hentry","category-carrusel","category-colombia","tag-campesinos","tag-colombia","tag-protestas","tag-represion-estatal"],"blocksy_meta":[],"_links":{"self":[{"href":"https:\/\/nuevademocracia.com.co\/index.php?rest_route=\/wp\/v2\/posts\/25177","targetHints":{"allow":["GET"]}}],"collection":[{"href":"https:\/\/nuevademocracia.com.co\/index.php?rest_route=\/wp\/v2\/posts"}],"about":[{"href":"https:\/\/nuevademocracia.com.co\/index.php?rest_route=\/wp\/v2\/types\/post"}],"author":[{"embeddable":true,"href":"https:\/\/nuevademocracia.com.co\/index.php?rest_route=\/wp\/v2\/users\/1"}],"replies":[{"embeddable":true,"href":"https:\/\/nuevademocracia.com.co\/index.php?rest_route=%2Fwp%2Fv2%2Fcomments&post=25177"}],"version-history":[{"count":4,"href":"https:\/\/nuevademocracia.com.co\/index.php?rest_route=\/wp\/v2\/posts\/25177\/revisions"}],"predecessor-version":[{"id":25200,"href":"https:\/\/nuevademocracia.com.co\/index.php?rest_route=\/wp\/v2\/posts\/25177\/revisions\/25200"}],"wp:featuredmedia":[{"embeddable":true,"href":"https:\/\/nuevademocracia.com.co\/index.php?rest_route=\/wp\/v2\/media\/25178"}],"wp:attachment":[{"href":"https:\/\/nuevademocracia.com.co\/index.php?rest_route=%2Fwp%2Fv2%2Fmedia&parent=25177"}],"wp:term":[{"taxonomy":"category","embeddable":true,"href":"https:\/\/nuevademocracia.com.co\/index.php?rest_route=%2Fwp%2Fv2%2Fcategories&post=25177"},{"taxonomy":"post_tag","embeddable":true,"href":"https:\/\/nuevademocracia.com.co\/index.php?rest_route=%2Fwp%2Fv2%2Ftags&post=25177"}],"curies":[{"name":"wp","href":"https:\/\/api.w.org\/{rel}","templated":true}]}}