{"id":25181,"date":"2023-02-26T12:23:37","date_gmt":"2023-02-26T17:23:37","guid":{"rendered":"http:\/\/nuevademocracia.com.co\/?p=25181"},"modified":"2023-03-05T16:01:24","modified_gmt":"2023-03-05T21:01:24","slug":"presos-politicos-grandes-anuncios-realidad-entre-muros","status":"publish","type":"post","link":"https:\/\/nuevademocracia.com.co\/?p=25181","title":{"rendered":"Presos Pol\u00edticos. Grandes anuncios, realidad entre muros"},"content":{"rendered":"\n<figure class=\"wp-block-image aligncenter size-full\"><img loading=\"lazy\" decoding=\"async\" width=\"780\" height=\"565\" src=\"https:\/\/nuevademocracia.com.co\/wp-content\/uploads\/2023\/02\/Imagen-1-5.jpg\" alt=\"\" class=\"wp-image-25182\" srcset=\"https:\/\/nuevademocracia.com.co\/wp-content\/uploads\/2023\/02\/Imagen-1-5.jpg 780w, https:\/\/nuevademocracia.com.co\/wp-content\/uploads\/2023\/02\/Imagen-1-5-300x217.jpg 300w, https:\/\/nuevademocracia.com.co\/wp-content\/uploads\/2023\/02\/Imagen-1-5-768x556.jpg 768w\" sizes=\"auto, (max-width: 780px) 100vw, 780px\" \/><figcaption class=\"wp-element-caption\"><mark style=\"background-color:rgba(0, 0, 0, 0)\" class=\"has-inline-color has-black-color\">Foto: El Heraldo<\/mark><\/figcaption><\/figure>\n\n\n\n<p class=\"has-black-color has-text-color\">El gobierno oportunista de Petro ha procurado no perder el apoyo popular que lo llev\u00f3 al gobierno, haciendo anuncios a diferentes sectores del pueblo con grandes promesas que simulan un compromiso con sus reivindicaciones. Los presos del Gran Levantamiento de 2021, en torno a los cuales se mantienen luchadores principalmente de la juventud popular, no son una excepci\u00f3n.<\/p>\n\n\n\n<p class=\"has-black-color has-text-color\">Durante lo que lleva su mandato, Petro ha realizado varias promesas de libertad, la m\u00e1s importante fue la realizada el 3 de diciembre de 2022, en la que dijo: \u201cEste es el Gobierno del Cambio. Este lugar, donde el miedo cundi\u00f3 y se llen\u00f3 el espacio, el temor debe ser resignificado. Aqu\u00ed anuncio que centenares de j\u00f3venes detenidos por participar en protesta ser\u00e1n declarados gestores de paz antes de Nochebuena en Colombia\u201d, prometiendo que ser\u00edan dejados en libertad.<\/p>\n\n\n\n<p class=\"has-black-color has-text-color\">Pese a este resonado anuncio, la realidad ha sido diferente. De los 367 j\u00f3venes entre 18 y 26 a\u00f1os capturados por hechos ocurridos en el marco de las protestas de 2020 y 2021 (Seg\u00fan comunicado de la Fiscal\u00eda en Agosto de 2022); m\u00e1s de 260 \u00fanicamente de 2021 (Seg\u00fan <em>Objetivo Libertad <\/em>2023), el presidente \u00fanicamente ha solicitado la liberaci\u00f3n de 17 procesados, y peor a\u00fan, <strong>la excarcelaci\u00f3n solo se ha hecho realidad para dos de ellos<\/strong>.<\/p>\n\n\n\n<p class=\"has-black-color has-text-color\">A esta realidad, que muestra casi nulos resultados, se suman otros elementos. La figura para la liberaci\u00f3n de los presos por luchar se denomina \u201cVoceros de paz\u201d, y en primer lugar, es una figura absolutamente limitada, ya que no plantea la libertad y absoluci\u00f3n de quienes lucharon, \u00fanicamente permite la libertad de los acusados durante el proceso judicial. Quienes sean cobijados por la medida, podr\u00e1n ser declarados culpables y volver a la c\u00e1rcel, a pesar de estar bajo ama\u00f1ados procesos.<\/p>\n\n\n\n<p class=\"has-black-color has-text-color\">Adicionalmente, quienes est\u00e1n acusados de delitos graves no podr\u00e1n ser \u201cbeneficiarios\u201d de esta medida. Cabe recordar que lo que ha caracterizado los procesos judiciales de quienes participaron de los alzamientos populares, ha sido precisamente la utilizaci\u00f3n de acusaciones infladas respecto a los hechos, como es el caso de Secuestro agravado (por retener polic\u00edas durante la protesta), Concierto para delinquir (por organizar marchas y acciones de sabotaje) y Terrorismo (por participar combativamente de la lucha).<\/p>\n\n\n\n<p class=\"has-black-color has-text-color\">Finalmente, en palabras del propio gobierno: \u201cLos voceros de paz tienen la misi\u00f3n de contribuir a desescalar la conflictividad social en el pa\u00eds, promover la reconciliaci\u00f3n entre los colombianos y la convivencia pac\u00edfica en el marco de la Paz Total\u201d. Es decir, obliga a quienes lucharon, a tener un papel en el apaciguamiento de sus comunidades, a promover la reconciliaci\u00f3n del pueblo con sus verdugos.<\/p>\n\n\n\n<p class=\"has-black-color has-text-color\">En s\u00edntesis, el <em>Gobierno del Cambio<\/em> sigue condenando a los pueblos por rebelarse contra la injusticia, sus <em>mayores esfuerzos<\/em> no pasan de ser grandiosas pero vac\u00edas promesas que se acumulan en el tiempo y un burdo intento de instrumentalizaci\u00f3n de quienes lucharon.<\/p>\n","protected":false},"excerpt":{"rendered":"<p>El gobierno oportunista de Petro ha procurado no perder el apoyo popular que lo llev\u00f3 al gobierno, haciendo anuncios a diferentes sectores del pueblo con grandes promesas que simulan un compromiso con sus reivindicaciones. Los presos del Gran Levantamiento de 2021, en torno a los cuales se mantienen luchadores principalmente de la juventud popular, no [&hellip;]<\/p>\n","protected":false},"author":1,"featured_media":25182,"comment_status":"open","ping_status":"open","sticky":false,"template":"","format":"standard","meta":{"footnotes":""},"categories":[16,4],"tags":[44,28,5,48,18,41],"class_list":["post-25181","post","type-post","status-publish","format-standard","has-post-thumbnail","hentry","category-carrusel","category-colombia","tag-criminalizacion-a-la-protesta","tag-juventud","tag-petro","tag-presos-politicos","tag-protestas","tag-represion-estatal"],"blocksy_meta":[],"_links":{"self":[{"href":"https:\/\/nuevademocracia.com.co\/index.php?rest_route=\/wp\/v2\/posts\/25181","targetHints":{"allow":["GET"]}}],"collection":[{"href":"https:\/\/nuevademocracia.com.co\/index.php?rest_route=\/wp\/v2\/posts"}],"about":[{"href":"https:\/\/nuevademocracia.com.co\/index.php?rest_route=\/wp\/v2\/types\/post"}],"author":[{"embeddable":true,"href":"https:\/\/nuevademocracia.com.co\/index.php?rest_route=\/wp\/v2\/users\/1"}],"replies":[{"embeddable":true,"href":"https:\/\/nuevademocracia.com.co\/index.php?rest_route=%2Fwp%2Fv2%2Fcomments&post=25181"}],"version-history":[{"count":2,"href":"https:\/\/nuevademocracia.com.co\/index.php?rest_route=\/wp\/v2\/posts\/25181\/revisions"}],"predecessor-version":[{"id":25197,"href":"https:\/\/nuevademocracia.com.co\/index.php?rest_route=\/wp\/v2\/posts\/25181\/revisions\/25197"}],"wp:featuredmedia":[{"embeddable":true,"href":"https:\/\/nuevademocracia.com.co\/index.php?rest_route=\/wp\/v2\/media\/25182"}],"wp:attachment":[{"href":"https:\/\/nuevademocracia.com.co\/index.php?rest_route=%2Fwp%2Fv2%2Fmedia&parent=25181"}],"wp:term":[{"taxonomy":"category","embeddable":true,"href":"https:\/\/nuevademocracia.com.co\/index.php?rest_route=%2Fwp%2Fv2%2Fcategories&post=25181"},{"taxonomy":"post_tag","embeddable":true,"href":"https:\/\/nuevademocracia.com.co\/index.php?rest_route=%2Fwp%2Fv2%2Ftags&post=25181"}],"curies":[{"name":"wp","href":"https:\/\/api.w.org\/{rel}","templated":true}]}}