{"id":25186,"date":"2023-03-04T11:19:45","date_gmt":"2023-03-04T16:19:45","guid":{"rendered":"https:\/\/nuevademocracia.com.co\/?p=25186"},"modified":"2024-07-10T13:29:31","modified_gmt":"2024-07-10T18:29:31","slug":"campesinos-protestan-contra-petrolerea-china-en-san-vicente-del-caguan","status":"publish","type":"post","link":"https:\/\/nuevademocracia.com.co\/?p=25186","title":{"rendered":"Campesinos protagonizan asonada contra petrolera china en San Vicente del Cagu\u00e1n"},"content":{"rendered":"\n<p class=\"has-black-color has-text-color\">Desde hace m\u00e1s de un mes ind\u00edgenas y campesinos de la Guardia Campesina han venido protestando y bloqueando el ingreso de las instalaciones de la petrolera Emerald Energy, compa\u00f1\u00eda que pertenece a la empresa estatal china Sinochem.<\/p>\n\n\n\n<p class=\"has-black-color has-text-color\">Emerald Energy viene haciendo exploraci\u00f3n y explotaci\u00f3n petrolera en Caquet\u00e1 desde 2013, lo que representa saqueo extractivista por parte del imperialismo chino sobre esta zona del pa\u00eds. En este periodo de operaciones ha causado grandes da\u00f1os ambientales, empeoramiento de la calidad de vida de los habitantes de la regi\u00f3n, adem\u00e1s de da\u00f1os de infraestructura. El m\u00e1s significativo es el causado en la carretera que comunica a Los Pozos con el casco urbano de San Vicente del Cagu\u00e1n. Esta carretera es la usada por los campesinos para transportar sus productos agr\u00edcolas al comercio y se est\u00e1 exigiendo su reparaci\u00f3n. <\/p>\n\n\n\n<p class=\"has-black-color has-text-color\">En 2018 a la empresa le fue negada\u00a0 la licencia para la exploraci\u00f3n s\u00edsmica en el bloque Nogal en Caquet\u00e1 por las falencias en los estudios t\u00e9cnicos y ambientales y por los atropellos a las comunidades aleda\u00f1as. Este triunfo contra la petrolera se dio gracias a las movilizaciones y manifestaciones de diverso tipo por parte del campesinado de la zona. Sin embargo en la actualidad Emerald Energy ocupa alrededor de 16 mil hect\u00e1reas y produce 2.200 barriles al d\u00eda.<\/p>\n\n\n\n<figure class=\"wp-block-image aligncenter size-full\"><img loading=\"lazy\" decoding=\"async\" width=\"650\" height=\"488\" src=\"https:\/\/nuevademocracia.com.co\/wp-content\/uploads\/2023\/03\/cortesiaaaa_41846318_20230302155300.jpg\" alt=\"\" class=\"wp-image-25191\" srcset=\"https:\/\/nuevademocracia.com.co\/wp-content\/uploads\/2023\/03\/cortesiaaaa_41846318_20230302155300.jpg 650w, https:\/\/nuevademocracia.com.co\/wp-content\/uploads\/2023\/03\/cortesiaaaa_41846318_20230302155300-300x225.jpg 300w\" sizes=\"auto, (max-width: 650px) 100vw, 650px\" \/><figcaption class=\"wp-element-caption\">Foto: El Colombiano<\/figcaption><\/figure>\n\n\n\n<p class=\"has-black-color has-text-color\">Los m\u00e1s recientes hechos en esta disputa ocurrieron el pasado jueves 2 de Marzo cuando al rededor de mil ind\u00edgenas y campesinos de la Guardia Campesina se tomaron las instalaciones de la filial china, impidiendo que continuaran operaciones. Los manifestantes prendieron fuego a la infraestructura en rechazo al incumplimiento de sus exigencias. <\/p>\n\n\n\n<figure class=\"wp-block-image aligncenter size-large\"><img loading=\"lazy\" decoding=\"async\" width=\"1024\" height=\"768\" src=\"https:\/\/nuevademocracia.com.co\/wp-content\/uploads\/2023\/03\/UKRH7B6ECX2GRCZEDRB3TJSYYA-1024x768.jpg\" alt=\"\" class=\"wp-image-25187\" srcset=\"https:\/\/nuevademocracia.com.co\/wp-content\/uploads\/2023\/03\/UKRH7B6ECX2GRCZEDRB3TJSYYA-1024x768.jpg 1024w, https:\/\/nuevademocracia.com.co\/wp-content\/uploads\/2023\/03\/UKRH7B6ECX2GRCZEDRB3TJSYYA-300x225.jpg 300w, https:\/\/nuevademocracia.com.co\/wp-content\/uploads\/2023\/03\/UKRH7B6ECX2GRCZEDRB3TJSYYA-768x576.jpg 768w, https:\/\/nuevademocracia.com.co\/wp-content\/uploads\/2023\/03\/UKRH7B6ECX2GRCZEDRB3TJSYYA-1536x1152.jpg 1536w, https:\/\/nuevademocracia.com.co\/wp-content\/uploads\/2023\/03\/UKRH7B6ECX2GRCZEDRB3TJSYYA-2048x1536.jpg 2048w\" sizes=\"auto, (max-width: 1024px) 100vw, 1024px\" \/><figcaption class=\"wp-element-caption\"><mark style=\"background-color:rgba(0, 0, 0, 0)\" class=\"has-inline-color has-black-color\">Foto: Infobae<\/mark><\/figcaption><\/figure>\n\n\n\n<p class=\"has-black-color has-text-color\">El ESMAD hizo presencia en la zona para proteger a la empresa y reprimir las acciones de la comunidad, sin embargo los manifestantes lograron someter a los uniformados y mantuvieron retenidos a 70 de sus miembros por varias horas. En las requisas les encontraron armas de fuego. La confrontaci\u00f3n dej\u00f3 como saldo un polic\u00eda y un campesino muertos. El nombre del campesino, quien fue asesinado por un disparo era: Reinel Ar\u00e9valo. <\/p>\n\n\n\n<figure class=\"wp-block-image aligncenter size-large\"><img loading=\"lazy\" decoding=\"async\" width=\"1024\" height=\"576\" src=\"https:\/\/nuevademocracia.com.co\/wp-content\/uploads\/2023\/03\/image-1024x576.png\" alt=\"\" class=\"wp-image-25195\" srcset=\"https:\/\/nuevademocracia.com.co\/wp-content\/uploads\/2023\/03\/image-1024x576.png 1024w, https:\/\/nuevademocracia.com.co\/wp-content\/uploads\/2023\/03\/image-300x169.png 300w, https:\/\/nuevademocracia.com.co\/wp-content\/uploads\/2023\/03\/image-768x432.png 768w, https:\/\/nuevademocracia.com.co\/wp-content\/uploads\/2023\/03\/image.png 1180w\" sizes=\"auto, (max-width: 1024px) 100vw, 1024px\" \/><figcaption class=\"wp-element-caption\"><mark style=\"background-color:rgba(0, 0, 0, 0)\" class=\"has-inline-color has-black-color\">Reinel Ar\u00e9valo. Foto: El Heraldo.<\/mark><\/figcaption><\/figure>\n\n\n\n<p class=\"has-black-color has-text-color\">Lejos de una soluci\u00f3n justa para las comunidades afectadas por la acci\u00f3n de la Emerald Energy, la respuesta de parte del gobierno de Petro ante las exigencias, necesidades y combatividad de los manifestantes fue solicitar al ejercito \u00abdetener los hechos de violencia\u00bb, con lo cual sienta la posici\u00f3n estatal de defensa de los intereses de la petrolera China. <\/p>\n\n\n\n<p class=\"has-black-color has-text-color\">La prensa monop\u00f3lica por su parte ha representado a las fuerzas represivas como v\u00edctimas desamparadas de los manifestantes.  Es probable que la resistencia campesina contin\u00fae en la zona, pues ha sido una constante desde el inicio de operaciones de la empresa. <\/p>\n","protected":false},"excerpt":{"rendered":"<p>Desde hace m\u00e1s de un mes ind\u00edgenas y campesinos de la Guardia Campesina han venido protestando y bloqueando el ingreso de las instalaciones de la petrolera Emerald Energy, compa\u00f1\u00eda que pertenece a la empresa estatal china Sinochem. Emerald Energy viene haciendo exploraci\u00f3n y explotaci\u00f3n petrolera en Caquet\u00e1 desde 2013, lo que representa saqueo extractivista por [&hellip;]<\/p>\n","protected":false},"author":1,"featured_media":25188,"comment_status":"open","ping_status":"open","sticky":false,"template":"","format":"standard","meta":{"footnotes":""},"categories":[16,4,144],"tags":[21,44,32,18,41],"class_list":["post-25186","post","type-post","status-publish","format-standard","has-post-thumbnail","hentry","category-carrusel","category-colombia","category-lucha-por-la-tierra","tag-campesinos","tag-criminalizacion-a-la-protesta","tag-imperialismo","tag-protestas","tag-represion-estatal"],"blocksy_meta":[],"_links":{"self":[{"href":"https:\/\/nuevademocracia.com.co\/index.php?rest_route=\/wp\/v2\/posts\/25186","targetHints":{"allow":["GET"]}}],"collection":[{"href":"https:\/\/nuevademocracia.com.co\/index.php?rest_route=\/wp\/v2\/posts"}],"about":[{"href":"https:\/\/nuevademocracia.com.co\/index.php?rest_route=\/wp\/v2\/types\/post"}],"author":[{"embeddable":true,"href":"https:\/\/nuevademocracia.com.co\/index.php?rest_route=\/wp\/v2\/users\/1"}],"replies":[{"embeddable":true,"href":"https:\/\/nuevademocracia.com.co\/index.php?rest_route=%2Fwp%2Fv2%2Fcomments&post=25186"}],"version-history":[{"count":2,"href":"https:\/\/nuevademocracia.com.co\/index.php?rest_route=\/wp\/v2\/posts\/25186\/revisions"}],"predecessor-version":[{"id":25196,"href":"https:\/\/nuevademocracia.com.co\/index.php?rest_route=\/wp\/v2\/posts\/25186\/revisions\/25196"}],"wp:featuredmedia":[{"embeddable":true,"href":"https:\/\/nuevademocracia.com.co\/index.php?rest_route=\/wp\/v2\/media\/25188"}],"wp:attachment":[{"href":"https:\/\/nuevademocracia.com.co\/index.php?rest_route=%2Fwp%2Fv2%2Fmedia&parent=25186"}],"wp:term":[{"taxonomy":"category","embeddable":true,"href":"https:\/\/nuevademocracia.com.co\/index.php?rest_route=%2Fwp%2Fv2%2Fcategories&post=25186"},{"taxonomy":"post_tag","embeddable":true,"href":"https:\/\/nuevademocracia.com.co\/index.php?rest_route=%2Fwp%2Fv2%2Ftags&post=25186"}],"curies":[{"name":"wp","href":"https:\/\/api.w.org\/{rel}","templated":true}]}}