{"id":25203,"date":"2023-03-15T16:54:18","date_gmt":"2023-03-15T21:54:18","guid":{"rendered":"https:\/\/nuevademocracia.com.co\/?p=25203"},"modified":"2024-07-10T13:29:19","modified_gmt":"2024-07-10T18:29:19","slug":"acerca-del-paro-minero-en-el-bajo-cauca","status":"publish","type":"post","link":"https:\/\/nuevademocracia.com.co\/?p=25203","title":{"rendered":"Acerca del paro minero en el Bajo Cauca"},"content":{"rendered":"\n<p class=\"has-black-color has-text-color\">El pasado 2 de marzo inici\u00f3 un paro minero que abarca varios municipios de Antioquia y C\u00f3rdoba, en la subregi\u00f3n conocida como Bajo Cauca. A la fecha de esta publicaci\u00f3n el paro completa 13 d\u00edas de bloqueos y enfrentamientos entre los mineros y la fuerza p\u00fablica. A continuaci\u00f3n, un breve compilado con algunos acontecimientos importantes.<\/p>\n\n\n\n<p class=\"has-black-color has-text-color\">Antecedentes: El gobierno nacional, a trav\u00e9s del ej\u00e9rcito, viene realizando desde hace semanas, operativos para destruir maquinaria dedicada a la extracci\u00f3n ilegal de oro, bajo la orden de \u201cguerra total\u201d contra la miner\u00eda ilegal, por parte del Ministro de Defensa, Iv\u00e1n Vel\u00e1squez. Seg\u00fan un reporte del 2 de marzo, el comandante de la Brigada 14 del ej\u00e9rcito afirm\u00f3 que han desarticulado 39 minas informales, destruyendo 70 dragas, dos excavadoras, 110 motobombas, entre otras herramientas.<\/p>\n\n\n\n<figure class=\"wp-block-image aligncenter size-full\"><img loading=\"lazy\" decoding=\"async\" width=\"601\" height=\"511\" src=\"https:\/\/nuevademocracia.com.co\/wp-content\/uploads\/2023\/03\/ministro-defensa-paro-minero.jpg\" alt=\"\" class=\"wp-image-25204\" srcset=\"https:\/\/nuevademocracia.com.co\/wp-content\/uploads\/2023\/03\/ministro-defensa-paro-minero.jpg 601w, https:\/\/nuevademocracia.com.co\/wp-content\/uploads\/2023\/03\/ministro-defensa-paro-minero-300x255.jpg 300w\" sizes=\"auto, (max-width: 601px) 100vw, 601px\" \/><\/figure>\n\n\n\n<p class=\"has-black-color has-text-color\">Marzo 02: a ra\u00edz de esta fuerte arremetida del Estado y sus fuerzas armadas contra la miner\u00eda informal, miles de personas de estas regiones, quienes viven de esta actividad econ\u00f3mica, han decidido tomar las v\u00edas de hecho para protestar. Se calcula que entre la v\u00eda Medell\u00edn y la Costa Atl\u00e1ntica, protestan m\u00e1s de 5.000 mineros. El primer d\u00eda la protesta transcurri\u00f3 pac\u00edficamente, bloqueando s\u00f3lo un carril de la carretera, pues los mineros esperaban una pronta reuni\u00f3n con las autoridades locales y nacionales para resolver la situaci\u00f3n.<\/p>\n\n\n\n<figure class=\"wp-block-image aligncenter size-full is-style-default\"><img loading=\"lazy\" decoding=\"async\" width=\"1000\" height=\"563\" src=\"https:\/\/nuevademocracia.com.co\/wp-content\/uploads\/2023\/03\/paro-minero-colombia-2023-1.jpg\" alt=\"\" class=\"wp-image-25205\" srcset=\"https:\/\/nuevademocracia.com.co\/wp-content\/uploads\/2023\/03\/paro-minero-colombia-2023-1.jpg 1000w, https:\/\/nuevademocracia.com.co\/wp-content\/uploads\/2023\/03\/paro-minero-colombia-2023-1-300x169.jpg 300w, https:\/\/nuevademocracia.com.co\/wp-content\/uploads\/2023\/03\/paro-minero-colombia-2023-1-768x432.jpg 768w\" sizes=\"auto, (max-width: 1000px) 100vw, 1000px\" \/><figcaption class=\"wp-element-caption\"><em>Foto: NP Noticias<\/em><\/figcaption><\/figure>\n\n\n\n<p class=\"has-black-color has-text-color\">Marzo 03: Los manifestantes aumentan la presi\u00f3n con bloqueos totales de v\u00edas y ataques a algunas instituciones del Estado. En el municipio de Caucasia se presentaron fuertes enfrentamientos entre manifestantes y la polic\u00eda, la Alcald\u00eda de este municipio fue destruida. Caucasia es el lugar donde se han concentrado la mayor cantidad de mineros y donde la protesta tiene mayor fuerza. Ante las combativas acciones de los mineros, el gobierno decret\u00f3 toques de queda en varios municipios de la regi\u00f3n. Los d\u00edas siguientes se van a mantener los bloqueos en varias importantes carreteras que comunican Antioquia, C\u00f3rdoba, Sucre y el sur de Bol\u00edvar, convirti\u00e9ndose este en un tema de importancia nacional.<\/p>\n\n\n\n<figure class=\"wp-block-image aligncenter size-full\"><img loading=\"lazy\" decoding=\"async\" width=\"768\" height=\"407\" src=\"https:\/\/nuevademocracia.com.co\/wp-content\/uploads\/2023\/03\/paro-minero-colombia-2023-3.jpg\" alt=\"\" class=\"wp-image-25206\" srcset=\"https:\/\/nuevademocracia.com.co\/wp-content\/uploads\/2023\/03\/paro-minero-colombia-2023-3.jpg 768w, https:\/\/nuevademocracia.com.co\/wp-content\/uploads\/2023\/03\/paro-minero-colombia-2023-3-300x159.jpg 300w\" sizes=\"auto, (max-width: 768px) 100vw, 768px\" \/><figcaption class=\"wp-element-caption\"><em>Foto: Facebook Noticias de Caucasia.<\/em><\/figcaption><\/figure>\n\n\n\n<p class=\"has-black-color has-text-color\">Marzo 9: Gobierno intenta entablar una mesa de di\u00e1logo con los voceros del paro minero. Sin embargo, los representantes mineros se levantan de la mesa de negociaci\u00f3n. Argumentan que la delegaci\u00f3n del gobierno est\u00e1 conformada por viceministros sin capacidad para tomar decisiones y exigen que hagan presencia los ministros que puedan darles garant\u00edas para solucionar la problem\u00e1tica. Como respuesta, el gobierno, a trav\u00e9s de una rueda de prensa el d\u00eda 10 de marzo, anuncia que mientras sigan los bloqueos no habr\u00e1 negociaci\u00f3n. Esa misma noche, se presentaron fuertes enfrentamientos, en los cuales, seg\u00fan el diario El Pa\u00eds, 8 polic\u00edas resultaron heridos.<\/p>\n\n\n\n<p class=\"has-black-color has-text-color\">Marzo 12. Manifestantes destruyen e incendian el peaje de Taraz\u00e1. El d\u00eda anterior tambi\u00e9n se report\u00f3 la quema de dos camiones repartidores de huevos de la empresa Avinal. Ante lo cual el gobierno ha ampliado los toques de queda en varios municipios, y ha desplegado soldados en la zona para, de forma conjunta con la polic\u00eda, intentar controlar la situaci\u00f3n.<\/p>\n\n\n\n<figure class=\"wp-block-image aligncenter size-full\"><img loading=\"lazy\" decoding=\"async\" width=\"401\" height=\"530\" src=\"https:\/\/nuevademocracia.com.co\/wp-content\/uploads\/2023\/03\/paro-minero-colombia-2023-4.jpg\" alt=\"\" class=\"wp-image-25207\" srcset=\"https:\/\/nuevademocracia.com.co\/wp-content\/uploads\/2023\/03\/paro-minero-colombia-2023-4.jpg 401w, https:\/\/nuevademocracia.com.co\/wp-content\/uploads\/2023\/03\/paro-minero-colombia-2023-4-227x300.jpg 227w\" sizes=\"auto, (max-width: 401px) 100vw, 401px\" \/><\/figure>\n\n\n\n<p class=\"has-black-color has-text-color\">Marzo 15: Algunas v\u00edas han sido desbloqueadas debido a la fuerte represi\u00f3n, sin embargo para el d\u00eda de hoy se tienen planeadas varias movilizaciones en diferentes municipios del Bajo Cauca. <\/p>\n\n\n\n<p class=\"has-black-color has-text-color\">Testimonios de algunos l\u00edderes del paro minero: Sa\u00fal Bedoya, uno de los voceros, afirma que no acepta que se estigmatice la actividad minera en la regi\u00f3n, llam\u00e1ndola \u201cilegal\u201d o \u201ccriminal\u201d, pues la gran mayor\u00eda de mineros son personas pobres que subsisten de esta actividad, sin negar que al interior del gremio minero \u201chan habido cosas distintas, eso es otra cosa, como las han habido por a\u00f1os, en el pa\u00eds\u201d, con lo cual, deducimos, hace alusi\u00f3n a que efectivamente, dentro de la actividad minera, existen grupos armados ilegales que se benefician de ella. Por otra parte, Never Aguas, otro vocero, afirma que los mineros est\u00e1n dispuestos a negociar, y le exige al gobierno soluciones: \u201cal doctor Gustavo Petro, a la ministra de Ambiente, al ministro de Defensa, porque no solamente es venir hacer los operativos para quemar la maquinaria que nosotros tenemos en los territorios, es venir a traernos las propuestas\u201d. La principal exigencia de los mineros es que se detengan los operativos contra la miner\u00eda en la regi\u00f3n y se generen condiciones favorables para la formalizaci\u00f3n de la actividad minera.<\/p>\n\n\n\n<h2 class=\"has-black-color has-text-color wp-block-heading\"><strong>La respuesta del Estado<\/strong><\/h2>\n\n\n\n<p class=\"has-black-color has-text-color\">Representantes del Estado, como el gobernador de Antioquia, Anibal Gaviria, o el Ministro de Defensa, insisten en que el paro se encuentra infiltrado y promovido por grupos armados que se dedican a la extracci\u00f3n ilegal de oro, por ejemplo, despu\u00e9s de los disturbios del 10 de marzo, Gaviria afirm\u00f3 que \u201cen la noche de este viernes este grupo criminal (el Clan del Golfo) estuvo en varios municipios obligando a los j\u00f3venes a montarse en volquetas para ir a los sitios del paro. Eso qued\u00f3 grabado y tenemos pruebas\u00bb.<\/p>\n\n\n\n<p class=\"has-black-color has-text-color\">El principal grupo armado, al cual se le atribuye la miner\u00eda ilegal en el Bajo Cauca, son las Autodefensas Gaitanistas de Colombia (AGC), tambi\u00e9n conocidos como Clan del Golfo. Altos funcionarios del Estado y grandes medios de comunicaci\u00f3n, afirman que las AGC han intimidado a los comerciantes para mantener sus negocios cerrados durante el paro, por ejemplo, la Revista Semana ha publicado chats evidenciando amenazas a comerciantes y transportadores para participar del paro. Otra noticia recurrente, han sido los supuestos pagos de dinero a j\u00f3venes, para provocar disturbios, atacar a la polic\u00eda y mantener los bloqueos. Con todas estas noticias y declaraciones de altos funcionarios, buscan posicionar a las AGC como el actor principal del paro, dejando en segundo plano a los miles de peque\u00f1os y medianos mineros informales, sugiriendo que estos mineros que mantienen cerradas las v\u00edas, que se enfrentan a la polic\u00eda y que han resistido los intentos de desalojos, est\u00e1n all\u00ed, o en contra de su voluntad, o recibiendo pagos por parte de las AGC, y difuminando sutilmente que, la mayor\u00eda de mineros est\u00e1n all\u00ed luchando a causa de su propia necesidad.<\/p>\n\n\n\n<p class=\"has-black-color has-text-color\">La presencia de las AGC en la regi\u00f3n, su relaci\u00f3n con la extracci\u00f3n minera y su participaci\u00f3n en el paro, son innegables, sin embargo, es importante cuestionar toda la campa\u00f1a medi\u00e1tica del gobierno y de la prensa burguesa para posicionar en la opini\u00f3n p\u00fablica a las AGC como los organizadores del paro. Con dicha campa\u00f1a desdibujan las justas reivindicaciones de los peque\u00f1os y medianos mineros del Bajo Cauca, una de las regiones m\u00e1s pobres de todo el departamento de Antioquia. El diario El Colombiano, citando la Encuesta de Calidad de Vida de Antioquia, se\u00f1ala que, en esta regi\u00f3n, el 28,5% de sus habitantes es pobre y el empleo informal es del 68%.<\/p>\n\n\n\n<p class=\"has-black-color has-text-color\">En ese contexto, la miner\u00eda informal e ilegal se ha convertido en una de las pocas opciones de subsistencia para miles de personas que habitan esta regi\u00f3n, y evidentemente, ante la pobreza y falta de oportunidades, muchos mineros recurren a esta actividad econ\u00f3mica informal (sin licencias ni permisos), o ilegal (relacionada con las AGC u otras estructuras armadas).<\/p>\n\n\n\n<p class=\"has-black-color has-text-color\">El gobierno ha lanzado una ofensiva contra las AGC, y argumentando acabar con sus rentas y fuentes de recursos, ha embestido contra la miner\u00eda ilegal, desmontando sus minas y destruyendo sus maquinarias. Pero en esta embestida del gobierno est\u00e1n sufriendo las consecuencias todos los actores, tanto las AGC, a quienes les destruyen maquinaria y golpean sus finanzas, como aquellos medianos mineros que no pertenecen a dicha organizaci\u00f3n, que realizan miner\u00eda informal y son tratados como criminales cuando les destruyen sus maquinarias. Tambi\u00e9n sufren los peque\u00f1os mineros, los m\u00e1s pobres, que son la inmensa mayor\u00eda, los que no tienen maquinaria, quienes trabajan como mano de obra para los due\u00f1os de maquinaria, o simplemente trabajan de manera independiente, con sus bateas rebuscando oro en aquellos sitios donde ya la maquinaria extrajo lo m\u00e1s significativo.<\/p>\n\n\n\n<p class=\"has-black-color has-text-color\">Conociendo este contexto, no es justo que el gobierno ataque de manera indiscriminada la miner\u00eda informal e ilegal. Los bur\u00f3cratas del gobierno, que ya tienen sus vidas resueltas, proh\u00edben la miner\u00eda informal argumentando su relaci\u00f3n con grupos armados ilegales y la gran destrucci\u00f3n del medio ambiente en la regi\u00f3n. Pero los miles de mineros pobres, para quienes el hambre no distingue de formalidad o ilegalidad, encuentran en la miner\u00eda su \u00fanica forma de subsistir, por lo tanto, su lucha por defender esta actividad econ\u00f3mica es justa.<\/p>\n\n\n\n<figure class=\"wp-block-image aligncenter size-full\"><img loading=\"lazy\" decoding=\"async\" width=\"650\" height=\"488\" src=\"https:\/\/nuevademocracia.com.co\/wp-content\/uploads\/2023\/03\/paro-minero-colombia-2023-2.jpg\" alt=\"\" class=\"wp-image-25208\" srcset=\"https:\/\/nuevademocracia.com.co\/wp-content\/uploads\/2023\/03\/paro-minero-colombia-2023-2.jpg 650w, https:\/\/nuevademocracia.com.co\/wp-content\/uploads\/2023\/03\/paro-minero-colombia-2023-2-300x225.jpg 300w\" sizes=\"auto, (max-width: 650px) 100vw, 650px\" \/><figcaption class=\"wp-element-caption\"><em>Foto: Caracol Radio<\/em><\/figcaption><\/figure>\n\n\n\n<p class=\"has-black-color has-text-color\">Por otra parte, en la gran mayor\u00eda de reportajes que realiza la prensa burguesa sobre esta coyuntura (como es habitual siempre que ocurren bloqueos de v\u00edas), dedican gran cantidad de tiempo al cubrimiento de la llamada \u201cemergencia humanitaria\u201d, mostrando a las masas que habitan las poblaciones afectadas, como las principales v\u00edctimas del paro. Despliegan parte de sus periodistas para buscar todo tipo de testimonios donde se evidencien la escasez de alimentos, de medicamentos, de combustibles, la p\u00e9rdida de cosechas y productos, y personas perjudicadas por la falta de transporte, etc. Es importante aclarar que dicha escasez y las afectaciones a las poblaciones son ciertas en gran medida, pero poner el centro de atenci\u00f3n en esto, y no en las causas que llevaron a los manifestantes a acudir a las v\u00edas de hecho, es una forma solapada de intentar desprestigiar la protesta, lavarles la imagen a las autoridades y justificar la represi\u00f3n contra el paro minero, bajo la premisa de desbloquear las v\u00edas para garantizar los derechos de las poblaciones afectadas. Todo paro y todo bloqueo implica unas consecuencias y costos, pero siempre hay que tener claro \u00bfDe qui\u00e9n es la responsabilidad? \u00bfDe qui\u00e9n lucha y bloquea para defender su subsistencia o del Estado y las autoridades que han ocasionado la problem\u00e1tica?<\/p>\n\n\n\n<p class=\"has-black-color has-text-color\">Finalmente, el otro argumento grande del Estado y la prensa burguesa, para atacar la miner\u00eda informal en el Bajo Cauca, han sido las fuertes consecuencias de esta actividad minera en el medio ambiente. Problemas como la utilizaci\u00f3n de cianuro y contaminaci\u00f3n de fuentes h\u00eddricas, la deforestaci\u00f3n desmedida, el desv\u00edo de los r\u00edos, la destrucci\u00f3n de ecosistemas, entre otras, son problem\u00e1ticas muy importantes, pero que s\u00f3lo tendr\u00e1n soluci\u00f3n cuando las masas, de estas regiones abandonadas y sin oportunidades, encuentren realmente oportunidades tangibles y concretas para su subsistencia, problema que nunca se podr\u00e1 resolver de parte del Estado, mucho menos con embestidas represivas y prohibiciones que no resuelven las causas de fondo, es decir las necesidades b\u00e1sicas de las masas trabajadoras en esa regi\u00f3n.<\/p>\n","protected":false},"excerpt":{"rendered":"<p>El pasado 2 marzo inici\u00f3 un paro minero que abarca varios municipios de Antioquia y C\u00f3rdoba, en la subregi\u00f3n conocida como Bajo Cauca. A la fecha de esta publicaci\u00f3n el paro completa 13 d\u00edas de bloqueos y enfrentamientos entre los mineros y la fuerza p\u00fablica. <\/p>\n","protected":false},"author":1,"featured_media":25206,"comment_status":"open","ping_status":"open","sticky":false,"template":"","format":"standard","meta":{"footnotes":""},"categories":[16,4,144],"tags":[113,19,114,112,18],"class_list":["post-25203","post","type-post","status-publish","format-standard","has-post-thumbnail","hentry","category-carrusel","category-colombia","category-lucha-por-la-tierra","tag-bajo-cauca","tag-disturbios","tag-mineria","tag-paro-minero","tag-protestas"],"blocksy_meta":[],"_links":{"self":[{"href":"https:\/\/nuevademocracia.com.co\/index.php?rest_route=\/wp\/v2\/posts\/25203","targetHints":{"allow":["GET"]}}],"collection":[{"href":"https:\/\/nuevademocracia.com.co\/index.php?rest_route=\/wp\/v2\/posts"}],"about":[{"href":"https:\/\/nuevademocracia.com.co\/index.php?rest_route=\/wp\/v2\/types\/post"}],"author":[{"embeddable":true,"href":"https:\/\/nuevademocracia.com.co\/index.php?rest_route=\/wp\/v2\/users\/1"}],"replies":[{"embeddable":true,"href":"https:\/\/nuevademocracia.com.co\/index.php?rest_route=%2Fwp%2Fv2%2Fcomments&post=25203"}],"version-history":[{"count":4,"href":"https:\/\/nuevademocracia.com.co\/index.php?rest_route=\/wp\/v2\/posts\/25203\/revisions"}],"predecessor-version":[{"id":25213,"href":"https:\/\/nuevademocracia.com.co\/index.php?rest_route=\/wp\/v2\/posts\/25203\/revisions\/25213"}],"wp:featuredmedia":[{"embeddable":true,"href":"https:\/\/nuevademocracia.com.co\/index.php?rest_route=\/wp\/v2\/media\/25206"}],"wp:attachment":[{"href":"https:\/\/nuevademocracia.com.co\/index.php?rest_route=%2Fwp%2Fv2%2Fmedia&parent=25203"}],"wp:term":[{"taxonomy":"category","embeddable":true,"href":"https:\/\/nuevademocracia.com.co\/index.php?rest_route=%2Fwp%2Fv2%2Fcategories&post=25203"},{"taxonomy":"post_tag","embeddable":true,"href":"https:\/\/nuevademocracia.com.co\/index.php?rest_route=%2Fwp%2Fv2%2Ftags&post=25203"}],"curies":[{"name":"wp","href":"https:\/\/api.w.org\/{rel}","templated":true}]}}