{"id":25219,"date":"2023-03-21T17:36:57","date_gmt":"2023-03-21T22:36:57","guid":{"rendered":"https:\/\/nuevademocracia.com.co\/?p=25219"},"modified":"2023-03-30T18:19:45","modified_gmt":"2023-03-30T23:19:45","slug":"reactivacion-del-movimiento-estudiantil","status":"publish","type":"post","link":"https:\/\/nuevademocracia.com.co\/?p=25219","title":{"rendered":"Reactivaci\u00f3n del movimiento estudiantil"},"content":{"rendered":"\n<div class=\"wp-block-group is-layout-constrained wp-block-group-is-layout-constrained\"><\/div>\n\n\n\n<p class=\"has-black-color has-text-color\"><mark style=\"background-color:rgba(0, 0, 0, 0)\" class=\"has-inline-color has-black-color\">Lo que va de este a\u00f1o las masas campesinas, ind\u00edgenas y trabajadoras han realizado m\u00e1s de 100 bloqueos alrededor de todo el pa\u00eds en contra de la carest\u00eda de los alimentos, pasajes y de la vida en general y han resistido combativamente la represi\u00f3n estatal<\/mark>.<\/p>\n\n\n\n<p class=\"has-black-color has-text-color\"><mark style=\"background-color:rgba(0, 0, 0, 0)\" class=\"has-inline-color has-black-color\">Como no podr\u00eda ser de otra manera, el movimiento estudiantil tambi\u00e9n se ha estado reactivando principalmente en Bogot\u00e1, pero tambi\u00e9n ha habido jornadas de movilizaciones y protestas en otras ciudades del pa\u00eds. Las principales razones son la carest\u00eda de los alimentos, el pasaje y la vida en general, el poco presupuesto de las universidades p\u00fablicas y a las p\u00e9simas condiciones de vida a la que las clases dominantes tienen sometido al pueblo.<\/mark><\/p>\n\n\n\n<p class=\"has-black-color has-text-color\"><mark style=\"background-color:rgba(0, 0, 0, 0)\" class=\"has-inline-color has-black-color\">En enero se realiz\u00f3 el incremento en el costo del pasaje de transmilenio en Bogot\u00e1 por lo cual estudiantes universitarios de varias universidades p\u00fablicas en esa ciudad han realizado varias \u201ccolatones\u201d en protesta contra el p\u00e9simo servicio de transporte y el alto costo del pasaje (el cual cuesta aproximadamente 3000 pesos) y bajo la consigna de \u201cEvadir, no pagar, otra forma de luchar\u201d.<\/mark><\/p>\n\n\n\n<p class=\"has-black-color has-text-color\"><mark style=\"background-color:rgba(0, 0, 0, 0)\" class=\"has-inline-color has-black-color\">El 7 de febrero estudiantes de la Facultad de Ciencias y Matem\u00e1ticas de la Universidad Distrital entraron en paro indefinido y salieron a bloquear una v\u00eda frente a la universidad, las principales razones y exigencias son el mal estado de la infraestructura y que no hay espacios ni salones para recibir clases, pues la universidad ha tenido que arrendar salones en otras universidades y colegios. Al d\u00eda siguiente, el 8 de febrero, los estudiantes se movilizaron hacia la sede administrativa de la universidad a exigir soluciones. En ambas jornadas hubo presencia y represi\u00f3n por parte de la Unidad Nacional de Di\u00e1logo y Mantenimiento del Orden (UNDMO), antes llamado ESMAD.<\/mark><\/p>\n\n\n\n<figure class=\"wp-block-image aligncenter size-full\"><img loading=\"lazy\" decoding=\"async\" width=\"886\" height=\"665\" src=\"https:\/\/nuevademocracia.com.co\/wp-content\/uploads\/2023\/03\/image-2.png\" alt=\"\" class=\"wp-image-25221\" srcset=\"https:\/\/nuevademocracia.com.co\/wp-content\/uploads\/2023\/03\/image-2.png 886w, https:\/\/nuevademocracia.com.co\/wp-content\/uploads\/2023\/03\/image-2-300x225.png 300w, https:\/\/nuevademocracia.com.co\/wp-content\/uploads\/2023\/03\/image-2-768x576.png 768w\" sizes=\"auto, (max-width: 886px) 100vw, 886px\" \/><figcaption class=\"wp-element-caption\"><mark style=\"background-color:rgba(0, 0, 0, 0)\" class=\"has-inline-color has-black-color\">Estudiantes de la U.Distrital \/\/ Bogot\u00e1 Tr\u00e1nsito<\/mark><\/figcaption><\/figure>\n\n\n\n<p class=\"has-black-color has-text-color\"><mark style=\"background-color:rgba(0, 0, 0, 0)\" class=\"has-inline-color has-black-color\">El 23 de febrero alrededor de 130 estudiantes del Colegio Mayor de Cundinamarca salieron a bloquear una v\u00eda cerca del centro de Bogot\u00e1, protestando en contra del vencimiento de las p\u00f3lizas de seguros estudiantiles, el alza en los precios de matr\u00edcula y por la falta de mantenimiento a la infraestructura, fue una jornada combativa que fue reprimida por la UNDMO. El mismo d\u00eda por lo menos 250 estudiantes de la Universidad Nacional tambi\u00e9n se movilizaron al interior de la universidad, donde quemaron unos torniquetes que la administraci\u00f3n hab\u00eda puesto recientemente y que seg\u00fan los estudiantes representan un intento de privatizaci\u00f3n de la universidad, luego de eso salieron a bloquear las v\u00edas del Transmilenio.<\/mark><\/p>\n\n\n\n<p class=\"has-black-color has-text-color\"><mark style=\"background-color:rgba(0, 0, 0, 0)\" class=\"has-inline-color has-black-color\">El siguiente d\u00eda, el 24 de febrero (d\u00eda contra la represi\u00f3n policial, y d\u00eda -en 1999- de nacimiento del ESMAD), estudiantes de la Universidad Pedag\u00f3gica Nacional realizaron un plant\u00f3n frente a la universidad denunciando el actuar criminal del ESMAD (hoy UNDMO) a lo largo de su existencia y en general el actuar criminal y mercenario de la polic\u00eda, y denunciando las falsas promesas que hizo Gustavo Petro en campa\u00f1a, de desmontarlo pues en los hechos esencialmente cambi\u00f3 apenas su nombre y el color del uniforme. Este fue un plant\u00f3n combativo que se enfrent\u00f3 a la represi\u00f3n policial.<\/mark><\/p>\n\n\n\n<figure class=\"wp-block-image aligncenter size-full\"><img loading=\"lazy\" decoding=\"async\" width=\"833\" height=\"550\" src=\"https:\/\/nuevademocracia.com.co\/wp-content\/uploads\/2023\/03\/image-3.png\" alt=\"\" class=\"wp-image-25222\" srcset=\"https:\/\/nuevademocracia.com.co\/wp-content\/uploads\/2023\/03\/image-3.png 833w, https:\/\/nuevademocracia.com.co\/wp-content\/uploads\/2023\/03\/image-3-300x198.png 300w, https:\/\/nuevademocracia.com.co\/wp-content\/uploads\/2023\/03\/image-3-768x507.png 768w\" sizes=\"auto, (max-width: 833px) 100vw, 833px\" \/><figcaption class=\"wp-element-caption\"><mark style=\"background-color:rgba(0, 0, 0, 0)\" class=\"has-inline-color has-black-color\">Foto: La Constituyente<\/mark><\/figcaption><\/figure>\n\n\n\n<p class=\"has-black-color has-text-color\"><mark style=\"background-color:rgba(0, 0, 0, 0)\" class=\"has-inline-color has-black-color\">Alrededor de 400 estudiantes en de la Universidad Nacional Sede Bogot\u00e1 (la cual se encuentra en asamblea permanente) realizaron una marcha el 7 de marzo hacia el ministerio de educaci\u00f3n con el prop\u00f3sito de exigir mayor presupuesto y mejores condiciones para los docentes, una representante estudiantil denuncio que la universidad se encuentra en una crisis presupuestal con un d\u00e9ficit de al menos 13.000 millones de pesos de solo funcionamiento, sin contar otros sectores como investigaci\u00f3n, donde hay tambi\u00e9n un gran d\u00e9ficit. Tambi\u00e9n denuncia el endeudamiento de la universidad con un cr\u00e9dito de 80.000 millones otorgado por Findeter. Esta crisis presupuestal se ha visto reflejada en el bienestar universitario, donde ha habido recortes en conceptos de alimentaci\u00f3n y vivienda para estudiantes y en la contrataci\u00f3n de docentes.<\/mark><\/p>\n\n\n\n<figure class=\"wp-block-image aligncenter size-full is-resized\"><img loading=\"lazy\" decoding=\"async\" src=\"https:\/\/nuevademocracia.com.co\/wp-content\/uploads\/2023\/03\/image-1.png\" alt=\"\" class=\"wp-image-25220\" width=\"840\" height=\"472\" srcset=\"https:\/\/nuevademocracia.com.co\/wp-content\/uploads\/2023\/03\/image-1.png 886w, https:\/\/nuevademocracia.com.co\/wp-content\/uploads\/2023\/03\/image-1-300x169.png 300w, https:\/\/nuevademocracia.com.co\/wp-content\/uploads\/2023\/03\/image-1-768x432.png 768w\" sizes=\"auto, (max-width: 840px) 100vw, 840px\" \/><figcaption class=\"wp-element-caption\"><mark style=\"background-color:rgba(0, 0, 0, 0)\" class=\"has-inline-color has-black-color\">Protestas en la Universidad Nacional.\u00a0&#8211; Foto:\u00a0Twitter memes Universidad Nacional<\/mark><\/figcaption><\/figure>\n\n\n\n<p><mark style=\"background-color:rgba(0, 0, 0, 0)\" class=\"has-inline-color has-black-color\">A la marcha hacia el ministerio se unieron estudiantes de la Universidad Distrital, la jornada termino con una colaton en Transmilenio.<\/mark><\/p>\n\n\n\n<p><mark style=\"background-color:rgba(0, 0, 0, 0)\" class=\"has-inline-color has-black-color\">En otras regiones del pa\u00eds tambi\u00e9n se han desarrollado protestas y movilizaciones: estudiantes de la Universidad del Atl\u00e1ntico realizaron un plant\u00f3n en el corredor universitario en Barranquilla y una movilizaci\u00f3n en Barranquilla y Puerto Colombia, junto a estudiantes de la Universidad del Norte y de la Universidad Libre en contra del alza en el costo del pasaje del Transmetro y dem\u00e1s buses urbanos y exigiendo una tarifa diferencial para estudiantes. Esta es la misma exigencia de los universitarios en Nari\u00f1o quienes protagonizaron protestas a inicios de a\u00f1o.<\/mark><\/p>\n\n\n\n<p><mark style=\"background-color:rgba(0, 0, 0, 0)\" class=\"has-inline-color has-black-color\">Por otro lado, en marzo se presentaron disturbios en la Universidad Popular del Cesar que terminaron en confrontaci\u00f3n con la UNDMO (ESMAD) y los estudiantes y profesores de la Universidad de los Llanos (estos \u00faltimos entraron a Asamblea Permanente) han protagonizado protestas en lo que va corrido de este a\u00f1o en contra de la crisis presupuestal que impide mayor contrataci\u00f3n de profesores y mejoras laborales para la actual planta docente.<\/mark><\/p>\n\n\n\n<figure class=\"wp-block-image aligncenter size-large\"><img loading=\"lazy\" decoding=\"async\" width=\"1024\" height=\"494\" src=\"https:\/\/nuevademocracia.com.co\/wp-content\/uploads\/2023\/03\/Foto-Pasto-1024x494.png\" alt=\"\" class=\"wp-image-25246\" srcset=\"https:\/\/nuevademocracia.com.co\/wp-content\/uploads\/2023\/03\/Foto-Pasto-1024x494.png 1024w, https:\/\/nuevademocracia.com.co\/wp-content\/uploads\/2023\/03\/Foto-Pasto-300x145.png 300w, https:\/\/nuevademocracia.com.co\/wp-content\/uploads\/2023\/03\/Foto-Pasto-768x370.png 768w, https:\/\/nuevademocracia.com.co\/wp-content\/uploads\/2023\/03\/Foto-Pasto.png 1203w\" sizes=\"auto, (max-width: 1024px) 100vw, 1024px\" \/><\/figure>\n\n\n\n<p class=\"has-black-color has-text-color\"><mark style=\"background-color:rgba(0, 0, 0, 0)\" class=\"has-inline-color has-black-color\">Todas estas movilizaciones, plantones y bloqueos que han hecho los estudiantes universitarios a lo largo de este a\u00f1o son muestra de que el movimiento estudiantil est\u00e1 reactiv\u00e1ndose luego de un periodo de pasividad relacionado con la pandemia y con el actual gobierno Gustavo Petro y Francia M\u00e1rquez, que prometieron ser el cambio que necesitaba el pa\u00eds y la educaci\u00f3n, con educaci\u00f3n gratuita y de calidad a toda la juventud colombiana, aumento significativo del presupuesto a la educaci\u00f3n, entre otras promesas.<\/mark><\/p>\n\n\n\n<p><mark style=\"background-color:rgba(0, 0, 0, 0)\" class=\"has-inline-color has-black-color\">No sabemos hay certeza de cu\u00e1l sea el desarrollo de la actual reactivaci\u00f3n del movimiento estudiantil. La realidad es que las universidades p\u00fablicas siguen en crisis, el pueblo est\u00e1 sufriendo la carest\u00eda de la vida y precisamente estas jornadas de movilizaci\u00f3n y sus motivos ponen de relieve tal problem\u00e1tica.<\/mark><\/p>\n\n\n\n<p><mark style=\"background-color:rgba(0, 0, 0, 0)\" class=\"has-inline-color has-black-color\">La crisis presupuestal ha afectado al movimiento estudiantil desde hace muchos a\u00f1os y ning\u00fan gobierno ha sido capaz de dar soluci\u00f3n efectiva a tal situaci\u00f3n. Los avances y triunfos que ha conquistado el movimiento estudiantil y el movimiento social han sido fruto de la lucha organizada, como son ejemplo el paro estudiantil del 2018 y el gran paro nacional del a\u00f1o 2021, sucesos tras los cuales se ha tenido que ceder -entre otras cosas- de parte del Estado a una petici\u00f3n hist\u00f3rica del movimiento estudiantil: la matr\u00edcula cero.<\/mark><\/p>\n\n\n\n<p class=\"has-black-color has-text-color\"><mark style=\"background-color:rgba(0, 0, 0, 0)\" class=\"has-inline-color has-black-color\">Algunos sectores estudiantiles proponen que la soluci\u00f3n a la crisis presupuestal en la que se encuentran las universidades p\u00fablicas, es reformar la ley 30 apoyando a los congresistas que la tramiten. Sin embargo, el camino que m\u00e1s les ha dado frutos a los estudiantes universitarios y el que deben seguir es y ha sido el de construir y organizar un movimiento estudiantil combativo e independiente del Estado y los politiqueros, que le exija mayor presupuesto al gobierno de turno y lo conquiste por medio de la luch<\/mark>a<\/p>\n\n\n\n<p><\/p>\n","protected":false},"excerpt":{"rendered":"<p>Lo que va de este a\u00f1o las masas campesinas, ind\u00edgenas y trabajadoras han realizado m\u00e1s de 100 bloqueos alrededor de todo el pa\u00eds en contra de la carest\u00eda de los alimentos, pasajes y de la vida en general y han resistido combativamente la represi\u00f3n estatal. Como no podr\u00eda ser de otra manera, el movimiento estudiantil [&hellip;]<\/p>\n","protected":false},"author":1,"featured_media":25220,"comment_status":"open","ping_status":"open","sticky":false,"template":"","format":"standard","meta":{"footnotes":""},"categories":[16,4],"tags":[43,18,41],"class_list":["post-25219","post","type-post","status-publish","format-standard","has-post-thumbnail","hentry","category-carrusel","category-colombia","tag-movimiento-estudiantil","tag-protestas","tag-represion-estatal"],"blocksy_meta":[],"_links":{"self":[{"href":"https:\/\/nuevademocracia.com.co\/index.php?rest_route=\/wp\/v2\/posts\/25219","targetHints":{"allow":["GET"]}}],"collection":[{"href":"https:\/\/nuevademocracia.com.co\/index.php?rest_route=\/wp\/v2\/posts"}],"about":[{"href":"https:\/\/nuevademocracia.com.co\/index.php?rest_route=\/wp\/v2\/types\/post"}],"author":[{"embeddable":true,"href":"https:\/\/nuevademocracia.com.co\/index.php?rest_route=\/wp\/v2\/users\/1"}],"replies":[{"embeddable":true,"href":"https:\/\/nuevademocracia.com.co\/index.php?rest_route=%2Fwp%2Fv2%2Fcomments&post=25219"}],"version-history":[{"count":4,"href":"https:\/\/nuevademocracia.com.co\/index.php?rest_route=\/wp\/v2\/posts\/25219\/revisions"}],"predecessor-version":[{"id":25247,"href":"https:\/\/nuevademocracia.com.co\/index.php?rest_route=\/wp\/v2\/posts\/25219\/revisions\/25247"}],"wp:featuredmedia":[{"embeddable":true,"href":"https:\/\/nuevademocracia.com.co\/index.php?rest_route=\/wp\/v2\/media\/25220"}],"wp:attachment":[{"href":"https:\/\/nuevademocracia.com.co\/index.php?rest_route=%2Fwp%2Fv2%2Fmedia&parent=25219"}],"wp:term":[{"taxonomy":"category","embeddable":true,"href":"https:\/\/nuevademocracia.com.co\/index.php?rest_route=%2Fwp%2Fv2%2Fcategories&post=25219"},{"taxonomy":"post_tag","embeddable":true,"href":"https:\/\/nuevademocracia.com.co\/index.php?rest_route=%2Fwp%2Fv2%2Ftags&post=25219"}],"curies":[{"name":"wp","href":"https:\/\/api.w.org\/{rel}","templated":true}]}}