{"id":25229,"date":"2023-03-26T14:24:40","date_gmt":"2023-03-26T19:24:40","guid":{"rendered":"https:\/\/nuevademocracia.com.co\/?p=25229"},"modified":"2023-04-08T10:40:11","modified_gmt":"2023-04-08T15:40:11","slug":"combativa-huelga-general-en-francia-contra-reforma-pensional-de-macron","status":"publish","type":"post","link":"https:\/\/nuevademocracia.com.co\/?p=25229","title":{"rendered":"Combativa huelga general en Francia contra reforma pensional de Macron"},"content":{"rendered":"\n<p><mark style=\"background-color:rgba(0, 0, 0, 0)\" class=\"has-inline-color has-black-color\">El 23 de marzo alrededor de 3,5 millones de personas en Francia, salieron a las calles en una Huelga General, en contra de la reforma pensional que impuso por decreto el presidente Macron, y que las masas ven\u00edan rechazando en las calles desde que fue propuesta.<\/mark><\/p>\n\n\n\n<p><mark style=\"background-color:rgba(0, 0, 0, 0)\" class=\"has-inline-color has-black-color\">Estas jornadas de movilizaci\u00f3n se han dado desde enero de este a\u00f1o y se han intensificado mucho m\u00e1s, despu\u00e9s del 16 de marzo, d\u00eda en que Macron y la primera ministra francesa, Elisabeth Borne, por medio del art\u00edculo 49.3 de la ley francesa, impusieran la reforma pensional sin la necesidad de aprobaci\u00f3n del parlamento<\/mark>.<\/p>\n\n\n\n<figure class=\"wp-block-image aligncenter size-full\"><img loading=\"lazy\" decoding=\"async\" width=\"770\" height=\"513\" src=\"https:\/\/nuevademocracia.com.co\/wp-content\/uploads\/2023\/03\/1.jpg\" alt=\"\" class=\"wp-image-25230\" srcset=\"https:\/\/nuevademocracia.com.co\/wp-content\/uploads\/2023\/03\/1.jpg 770w, https:\/\/nuevademocracia.com.co\/wp-content\/uploads\/2023\/03\/1-300x200.jpg 300w, https:\/\/nuevademocracia.com.co\/wp-content\/uploads\/2023\/03\/1-768x512.jpg 768w\" sizes=\"auto, (max-width: 770px) 100vw, 770px\" \/><figcaption class=\"wp-element-caption\"><mark style=\"background-color:rgba(0, 0, 0, 0)\" class=\"has-inline-color has-black-color\">Plaza de la Bastilla en Francia. Huelga 23\/03. Foto: Thomas Samson\/AFP<\/mark><\/figcaption><\/figure>\n\n\n\n<p><mark style=\"background-color:rgba(0, 0, 0, 0)\" class=\"has-inline-color has-black-color\">Esta reforma busca cambiar la edad m\u00ednima de jubilaci\u00f3n de 62 a 64 a\u00f1os, y aumentar en un a\u00f1o el tiempo m\u00ednimo de contribuci\u00f3n que pasara de 42 a 43 a\u00f1os. En Francia los trabajadores con una edad m\u00ednima para la jubilaci\u00f3n solo recibir\u00e1n la pensi\u00f3n completa si han cotizado el tiempo m\u00ednimo, de lo contrario la pensi\u00f3n completa la recibir\u00e1n hasta que tengan 67 a\u00f1os. Mientras que la esperanza de vida saludable en el pa\u00eds es de 65, 3 a\u00f1os para las mujeres y 63,9 a\u00f1os para los hombres.<\/mark><\/p>\n\n\n\n<p><mark style=\"background-color:rgba(0, 0, 0, 0)\" class=\"has-inline-color has-black-color\">Este intento de aprobar la reforma se dio en medio de la crisis econ\u00f3mica que atraviesa Francia (alta inflaci\u00f3n, alto desempleo y poco crecimiento econ\u00f3mico) como expresi\u00f3n de la crisis general del imperialismo. Este es un intento de poner toda la carga de la crisis sobre el pueblo<\/mark>.<\/p>\n\n\n\n<p><mark style=\"background-color:rgba(0, 0, 0, 0)\" class=\"has-inline-color has-black-color\">Las jornadas de movilizaciones y de la Huelga General se han dado en por lo menos 10 ciudades y se han reunido varios sectores del pueblo, trabajadores viales, trabajadores del metro, maestros, estudiantes, trabajadores de refiner\u00edas, trabajadores de televisi\u00f3n, obreros del sector de energ\u00eda el\u00e9ctrica, controladores de tr\u00e1fico a\u00e9reo, obreros ferroviarios, estribaderos, recolectores de basura y profesionales de la salud.<\/mark><\/p>\n\n\n\n<p><mark style=\"background-color:rgba(0, 0, 0, 0)\" class=\"has-inline-color has-black-color\">Estas han sido jornadas combativas donde se han enfrentado a la polic\u00eda con piedras, se\u00f1alizaciones, cocteles molotov, latas de basura en llamas, con fuegos artificiales y con los propios gases lacrim\u00f3genos que le lanza la polic\u00eda, han levantado barricadas y bloqueado v\u00edas, han saqueado tiendas, incendiado carros, paralizaron actividades en el segundo aeropuerto m\u00e1s grande de Francia, bloquearon todas las refiner\u00edas del pa\u00eds, atacaron una estaci\u00f3n de polic\u00eda en la ciudad de Lorient, bloquearon v\u00edas de tren, quemaron tarjetas de votantes como rechazo a la democracia burguesa, bloquearon los garajes de autobuses de algunas ciudades, estudiantes se tomaron varias escuelas, fueron atacados sedes de los partidos que aprueban la reforma y obreros cortaron la energ\u00eda de las sedes de 2 bancos, BNP Paribas y Societe Gen\u00e9rale, y la energ\u00eda de la empresa de Transporte aut\u00f3nomo de Paris, que administra el transporte p\u00fablico de la capital. Organizaciones revolucionarias como la Liga de Juventud Revolucionaria-LJR y J\u00f3venes Revolucionarios-JR tambi\u00e9n se organizaron y se unieron a la lucha del pueblo franc\u00e9s.<\/mark><\/p>\n\n\n\n<figure class=\"wp-block-image aligncenter size-large\"><img loading=\"lazy\" decoding=\"async\" width=\"1027\" height=\"1280\" src=\"https:\/\/nuevademocracia.com.co\/wp-content\/uploads\/2023\/03\/4-822x1024.jpeg\" alt=\"\" class=\"wp-image-25231\" srcset=\"https:\/\/nuevademocracia.com.co\/wp-content\/uploads\/2023\/03\/4-822x1024.jpeg 822w, https:\/\/nuevademocracia.com.co\/wp-content\/uploads\/2023\/03\/4-241x300.jpeg 241w, https:\/\/nuevademocracia.com.co\/wp-content\/uploads\/2023\/03\/4-768x957.jpeg 768w, https:\/\/nuevademocracia.com.co\/wp-content\/uploads\/2023\/03\/4.jpeg 1027w\" sizes=\"auto, (max-width: 1027px) 100vw, 1027px\" \/><figcaption class=\"wp-element-caption\"><mark style=\"background-color:rgba(0, 0, 0, 0)\" class=\"has-inline-color has-black-color\">Instagram<\/mark><\/figcaption><\/figure>\n\n\n\n<p><mark style=\"background-color:rgba(0, 0, 0, 0)\" class=\"has-inline-color has-black-color\">Tambi\u00e9n fueron cerradas la torre Eiffel, el Palacio de Versalles y otros lugares tur\u00edsticos debido a las movilizaciones, y fueron bloqueadas algunas plantas de incineraci\u00f3n por los recolectores de basura. La represi\u00f3n estuvo a la orden del d\u00eda y ataco a los manifestantes con gases lacrim\u00f3genos, gas pimienta, agresiones f\u00edsicas, y detenciones.<\/mark><\/p>\n\n\n\n<p><mark style=\"background-color:rgba(0, 0, 0, 0)\" class=\"has-inline-color has-black-color\">Las masas seguir\u00e1n saliendo a las calles en contra del Estado Imperialista franc\u00e9s, en contra del reaccionario Macron y su reforma anti-pueblo y en contra de todas las medidas y recorte de derechos que la burgues\u00eda intente hacer para recargar todo el peso de la crisis sobre el pueblo trabajador, mostrando su fuerza y capacidad y que a pesar de que Macron ha declarado que no retirara la reforma, seguir\u00e1n firmes en las calles y en la Huelga General hasta que sea retirada dicha reforma.<\/mark><\/p>\n","protected":false},"excerpt":{"rendered":"<p>El 23 de marzo alrededor de 3,5 millones de personas en Francia, salieron a las calles en una Huelga General, en contra de la reforma pensional que impuso por decreto el presidente Macron, y que las masas ven\u00edan rechazando en las calles desde que fue propuesta. Estas jornadas de movilizaci\u00f3n se han dado desde enero [&hellip;]<\/p>\n","protected":false},"author":1,"featured_media":25231,"comment_status":"open","ping_status":"open","sticky":false,"template":"","format":"standard","meta":{"footnotes":""},"categories":[16,31],"tags":[18],"class_list":["post-25229","post","type-post","status-publish","format-standard","has-post-thumbnail","hentry","category-carrusel","category-internacional","tag-protestas"],"blocksy_meta":[],"_links":{"self":[{"href":"https:\/\/nuevademocracia.com.co\/index.php?rest_route=\/wp\/v2\/posts\/25229","targetHints":{"allow":["GET"]}}],"collection":[{"href":"https:\/\/nuevademocracia.com.co\/index.php?rest_route=\/wp\/v2\/posts"}],"about":[{"href":"https:\/\/nuevademocracia.com.co\/index.php?rest_route=\/wp\/v2\/types\/post"}],"author":[{"embeddable":true,"href":"https:\/\/nuevademocracia.com.co\/index.php?rest_route=\/wp\/v2\/users\/1"}],"replies":[{"embeddable":true,"href":"https:\/\/nuevademocracia.com.co\/index.php?rest_route=%2Fwp%2Fv2%2Fcomments&post=25229"}],"version-history":[{"count":2,"href":"https:\/\/nuevademocracia.com.co\/index.php?rest_route=\/wp\/v2\/posts\/25229\/revisions"}],"predecessor-version":[{"id":25234,"href":"https:\/\/nuevademocracia.com.co\/index.php?rest_route=\/wp\/v2\/posts\/25229\/revisions\/25234"}],"wp:featuredmedia":[{"embeddable":true,"href":"https:\/\/nuevademocracia.com.co\/index.php?rest_route=\/wp\/v2\/media\/25231"}],"wp:attachment":[{"href":"https:\/\/nuevademocracia.com.co\/index.php?rest_route=%2Fwp%2Fv2%2Fmedia&parent=25229"}],"wp:term":[{"taxonomy":"category","embeddable":true,"href":"https:\/\/nuevademocracia.com.co\/index.php?rest_route=%2Fwp%2Fv2%2Fcategories&post=25229"},{"taxonomy":"post_tag","embeddable":true,"href":"https:\/\/nuevademocracia.com.co\/index.php?rest_route=%2Fwp%2Fv2%2Ftags&post=25229"}],"curies":[{"name":"wp","href":"https:\/\/api.w.org\/{rel}","templated":true}]}}