{"id":25235,"date":"2023-03-27T17:50:50","date_gmt":"2023-03-27T22:50:50","guid":{"rendered":"https:\/\/nuevademocracia.com.co\/?p=25235"},"modified":"2024-08-05T14:29:35","modified_gmt":"2024-08-05T19:29:35","slug":"8-de-marzo-en-colombia-y-lanzamiento-del-movimiento-femenino-popular","status":"publish","type":"post","link":"https:\/\/nuevademocracia.com.co\/?p=25235","title":{"rendered":"8 de marzo en Colombia y lanzamiento del Movimiento Femenino Popular"},"content":{"rendered":"\n<div class=\"wp-block-group is-layout-constrained wp-block-group-is-layout-constrained\">\n<p><mark style=\"background-color:rgba(0, 0, 0, 0)\" class=\"has-inline-color has-black-color\">El pasado 8 de marzo, miles de mujeres del pueblo trabajador salieron a movilizarse bloqueando v\u00edas principales, alzando banderas, pancartas, bengalas, antorchas y los rostros de las suyas. Es de profunda alegr\u00eda ver una movilizaci\u00f3n tan grande, ocurriendo de forma simult\u00e1nea en varias ciudades del pa\u00eds: Bogot\u00e1, Medell\u00edn, Cali, Bucaramanga y Cartagena. Las mujeres populares, j\u00f3venes, estudiantes y madres, se unieron el 8 de marzo para exigir derechos y justicia para sus hermanas de clase.<\/mark><\/p>\n\n\n\n<figure class=\"wp-block-image aligncenter size-full\"><img loading=\"lazy\" decoding=\"async\" width=\"819\" height=\"856\" src=\"https:\/\/nuevademocracia.com.co\/wp-content\/uploads\/2023\/03\/Imagen1.jpg\" alt=\"\" class=\"wp-image-25236\" srcset=\"https:\/\/nuevademocracia.com.co\/wp-content\/uploads\/2023\/03\/Imagen1.jpg 819w, https:\/\/nuevademocracia.com.co\/wp-content\/uploads\/2023\/03\/Imagen1-287x300.jpg 287w, https:\/\/nuevademocracia.com.co\/wp-content\/uploads\/2023\/03\/Imagen1-768x803.jpg 768w\" sizes=\"auto, (max-width: 819px) 100vw, 819px\" \/><figcaption class=\"wp-element-caption\">Archivo propio<\/figcaption><\/figure>\n\n\n\n<p><mark style=\"background-color:rgba(0, 0, 0, 0)\" class=\"has-inline-color has-black-color\">Las mujeres del pueblo han asumido la falta de empleo, la carest\u00eda de los productos de la canasta familiar, los desalojos por ocupar una tierra para su familia. Adem\u00e1s, se han cometido m\u00faltiples cr\u00edmenes en contra de su integridad. A la fecha se estima que ha habido m\u00e1s de 30 feminicidios.<\/mark><\/p>\n\n\n\n<p><\/p>\n\n\n\n<div class=\"wp-block-group is-layout-constrained wp-block-group-is-layout-constrained\">\n<p><mark style=\"background-color:rgba(0, 0, 0, 0)\" class=\"has-inline-color has-black-color\">En medio de la marcha, se pudo documentar por medio de fotograf\u00edas las exigencias de las mujeres, sus denuncias y su profundo deseo cambiar esta sociedad desigual e injusta que solo condena a una vida de miseria al pueblo entero.<\/mark><\/p>\n\n\n\n<figure class=\"wp-block-image aligncenter size-full\"><img loading=\"lazy\" decoding=\"async\" width=\"939\" height=\"626\" src=\"https:\/\/nuevademocracia.com.co\/wp-content\/uploads\/2023\/03\/Imagen2.jpg\" alt=\"\" class=\"wp-image-25237\" srcset=\"https:\/\/nuevademocracia.com.co\/wp-content\/uploads\/2023\/03\/Imagen2.jpg 939w, https:\/\/nuevademocracia.com.co\/wp-content\/uploads\/2023\/03\/Imagen2-300x200.jpg 300w, https:\/\/nuevademocracia.com.co\/wp-content\/uploads\/2023\/03\/Imagen2-768x512.jpg 768w\" sizes=\"auto, (max-width: 939px) 100vw, 939px\" \/><figcaption class=\"wp-element-caption\"><mark style=\"background-color:rgba(0, 0, 0, 0)\" class=\"has-inline-color has-black-color\">Archivo propio<\/mark><\/figcaption><\/figure>\n\n\n\n<p><mark style=\"background-color:rgba(0, 0, 0, 0)\" class=\"has-inline-color has-black-color\">Esta marcha tambi\u00e9n fue la ocasi\u00f3n para el lanzamiento del Movimiento Femenino Popular (MFP). En medio de la marcha pudimos conversar con una mujer que hace parte de dicho movimiento. Esto nos dijo:<\/mark><\/p>\n\n\n\n<p><mark style=\"background-color:rgba(0, 0, 0, 0)\" class=\"has-inline-color has-black-color\">\u00abCon alegr\u00eda las mujeres del Movimiento Femenino Popular, en este 8 de marzo, d\u00eda internacional de la mujer trabajadora saludamos a nuestra gloriosa clase proletaria, especialmente a las mujeres del pueblo.<\/mark><\/p>\n\n\n\n<p><mark style=\"background-color:rgba(0, 0, 0, 0)\" class=\"has-inline-color has-black-color\">Son las mujeres junto a los hombres del pueblo quienes construyen con su trabajo esta sociedad y a cambio reciben migajas y una vida de miseria, ya que el imperialismo y los grandes burgueses y latifundistas son esencialmente quienes se apropian de la riqueza que el pueblo produce. A las mujeres populares se les somete a la doble explotaci\u00f3n, sobre sus hombros recae la reproducci\u00f3n de la fuerza de trabajo. Aqu\u00ed en Colombia se calcula que ese trabajo, trabajo gratuito, genera unos 60 millones de d\u00f3lares al a\u00f1o. Nosotras tenemos todo por conquistar y nada que perder. \u00a1Rebelarse es justo!<\/mark><\/p>\n\n\n\n<p><mark style=\"background-color:rgba(0, 0, 0, 0)\" class=\"has-inline-color has-black-color\">Queremos decir tambi\u00e9n que no debemos confiar en las falsas promesas de politiqueros y politiqueras que defienden a las clases dominantes. Nuestra \u00fanica salida para la transformaci\u00f3n de la sociedad es la organizaci\u00f3n -de hombres y mujeres del pueblo en pie de igualdad- bajo principios revolucionarios que dirijan procesos para acabar con el sometimiento imperialista, la gran burgues\u00eda y el latifundio. Necesitamos una revoluci\u00f3n que entregue tierra al campesino y a la mujer campesina. Una revoluci\u00f3n que nos conduzca a conquistar los derechos para todo el pueblo, justicia para el pueblo y para nuestras hermanas de clase.<\/mark><\/p>\n\n\n\n<p><mark style=\"background-color:rgba(0, 0, 0, 0)\" class=\"has-inline-color has-black-color\">Saludamos al pueblo con profundo orgullo de nuestra condici\u00f3n femenina, dejando claro que no todas las mujeres somos iguales. Unas somos las mujeres populares y otras son las mujeres de las clases dominantes. Las mujeres del pueblo estamos llamadas a combatir a las clases dominantes.<\/mark><\/p>\n\n\n\n<p><mark style=\"background-color:rgba(0, 0, 0, 0)\" class=\"has-inline-color has-black-color\">Finalmente llamamos a todas las mujeres populares, vendedoras informales, trabajadoras, amas de casa, estudiantes a romper las cadenas y desencadenar nuestra furia como una fuerza poderosa para la revoluci\u00f3n.<\/mark><\/p>\n\n\n\n<figure class=\"wp-block-image aligncenter size-large\"><img loading=\"lazy\" decoding=\"async\" width=\"1024\" height=\"683\" src=\"https:\/\/nuevademocracia.com.co\/wp-content\/uploads\/2023\/03\/DSC_0375-1024x683.jpg\" alt=\"\" class=\"wp-image-25239\" srcset=\"https:\/\/nuevademocracia.com.co\/wp-content\/uploads\/2023\/03\/DSC_0375-1024x683.jpg 1024w, https:\/\/nuevademocracia.com.co\/wp-content\/uploads\/2023\/03\/DSC_0375-300x200.jpg 300w, https:\/\/nuevademocracia.com.co\/wp-content\/uploads\/2023\/03\/DSC_0375-768x512.jpg 768w, https:\/\/nuevademocracia.com.co\/wp-content\/uploads\/2023\/03\/DSC_0375-1536x1024.jpg 1536w, https:\/\/nuevademocracia.com.co\/wp-content\/uploads\/2023\/03\/DSC_0375-2048x1365.jpg 2048w\" sizes=\"auto, (max-width: 1024px) 100vw, 1024px\" \/><figcaption class=\"wp-element-caption\"><mark style=\"background-color:rgba(0, 0, 0, 0)\" class=\"has-inline-color has-black-color\">Archivo propio<\/mark><\/figcaption><\/figure>\n\n\n\n<p><\/p>\n\n\n\n<figure class=\"wp-block-image aligncenter size-large\"><img loading=\"lazy\" decoding=\"async\" width=\"1024\" height=\"683\" src=\"https:\/\/nuevademocracia.com.co\/wp-content\/uploads\/2023\/03\/DSC_0438-1024x683.jpg\" alt=\"\" class=\"wp-image-25240\" srcset=\"https:\/\/nuevademocracia.com.co\/wp-content\/uploads\/2023\/03\/DSC_0438-1024x683.jpg 1024w, https:\/\/nuevademocracia.com.co\/wp-content\/uploads\/2023\/03\/DSC_0438-300x200.jpg 300w, https:\/\/nuevademocracia.com.co\/wp-content\/uploads\/2023\/03\/DSC_0438-768x512.jpg 768w, https:\/\/nuevademocracia.com.co\/wp-content\/uploads\/2023\/03\/DSC_0438-1536x1024.jpg 1536w, https:\/\/nuevademocracia.com.co\/wp-content\/uploads\/2023\/03\/DSC_0438-2048x1365.jpg 2048w\" sizes=\"auto, (max-width: 1024px) 100vw, 1024px\" \/><figcaption class=\"wp-element-caption\">Archivo propio<\/figcaption><\/figure>\n\n\n\n<p><\/p>\n<\/div>\n\n\n\n<figure class=\"wp-block-image size-large\"><img loading=\"lazy\" decoding=\"async\" width=\"1024\" height=\"683\" src=\"https:\/\/nuevademocracia.com.co\/wp-content\/uploads\/2023\/03\/DSC_0383-1024x683.jpg\" alt=\"\" class=\"wp-image-25241\" srcset=\"https:\/\/nuevademocracia.com.co\/wp-content\/uploads\/2023\/03\/DSC_0383-1024x683.jpg 1024w, https:\/\/nuevademocracia.com.co\/wp-content\/uploads\/2023\/03\/DSC_0383-300x200.jpg 300w, https:\/\/nuevademocracia.com.co\/wp-content\/uploads\/2023\/03\/DSC_0383-768x512.jpg 768w, https:\/\/nuevademocracia.com.co\/wp-content\/uploads\/2023\/03\/DSC_0383-1536x1024.jpg 1536w, https:\/\/nuevademocracia.com.co\/wp-content\/uploads\/2023\/03\/DSC_0383-2048x1365.jpg 2048w\" sizes=\"auto, (max-width: 1024px) 100vw, 1024px\" \/><figcaption class=\"wp-element-caption\">Archivo propio<\/figcaption><\/figure>\n<\/div>\n","protected":false},"excerpt":{"rendered":"<p>El pasado 8 de marzo, miles de mujeres del pueblo trabajador salieron a movilizarse bloqueando v\u00edas principales, alzando banderas, pancartas, bengalas, antorchas y los rostros de las suyas. Es de profunda alegr\u00eda ver una movilizaci\u00f3n tan grande, ocurriendo de forma simult\u00e1nea en varias ciudades del pa\u00eds: Bogot\u00e1, Medell\u00edn, Cali, Bucaramanga y Cartagena. Las mujeres populares, [&hellip;]<\/p>\n","protected":false},"author":1,"featured_media":25240,"comment_status":"open","ping_status":"open","sticky":false,"template":"","format":"standard","meta":{"footnotes":""},"categories":[16,4,115],"tags":[97,18],"class_list":["post-25235","post","type-post","status-publish","format-standard","has-post-thumbnail","hentry","category-carrusel","category-colombia","category-mujer","tag-lucha-de-la-mujer","tag-protestas"],"blocksy_meta":[],"_links":{"self":[{"href":"https:\/\/nuevademocracia.com.co\/index.php?rest_route=\/wp\/v2\/posts\/25235","targetHints":{"allow":["GET"]}}],"collection":[{"href":"https:\/\/nuevademocracia.com.co\/index.php?rest_route=\/wp\/v2\/posts"}],"about":[{"href":"https:\/\/nuevademocracia.com.co\/index.php?rest_route=\/wp\/v2\/types\/post"}],"author":[{"embeddable":true,"href":"https:\/\/nuevademocracia.com.co\/index.php?rest_route=\/wp\/v2\/users\/1"}],"replies":[{"embeddable":true,"href":"https:\/\/nuevademocracia.com.co\/index.php?rest_route=%2Fwp%2Fv2%2Fcomments&post=25235"}],"version-history":[{"count":1,"href":"https:\/\/nuevademocracia.com.co\/index.php?rest_route=\/wp\/v2\/posts\/25235\/revisions"}],"predecessor-version":[{"id":25243,"href":"https:\/\/nuevademocracia.com.co\/index.php?rest_route=\/wp\/v2\/posts\/25235\/revisions\/25243"}],"wp:featuredmedia":[{"embeddable":true,"href":"https:\/\/nuevademocracia.com.co\/index.php?rest_route=\/wp\/v2\/media\/25240"}],"wp:attachment":[{"href":"https:\/\/nuevademocracia.com.co\/index.php?rest_route=%2Fwp%2Fv2%2Fmedia&parent=25235"}],"wp:term":[{"taxonomy":"category","embeddable":true,"href":"https:\/\/nuevademocracia.com.co\/index.php?rest_route=%2Fwp%2Fv2%2Fcategories&post=25235"},{"taxonomy":"post_tag","embeddable":true,"href":"https:\/\/nuevademocracia.com.co\/index.php?rest_route=%2Fwp%2Fv2%2Ftags&post=25235"}],"curies":[{"name":"wp","href":"https:\/\/api.w.org\/{rel}","templated":true}]}}