{"id":25254,"date":"2023-03-30T19:02:12","date_gmt":"2023-03-31T00:02:12","guid":{"rendered":"https:\/\/nuevademocracia.com.co\/?p=25254"},"modified":"2024-07-10T13:29:00","modified_gmt":"2024-07-10T18:29:00","slug":"rebelion-campesina-en-caqueta-muestra-el-problema-agrario-y-nacional-de-colombia","status":"publish","type":"post","link":"https:\/\/nuevademocracia.com.co\/?p=25254","title":{"rendered":"Rebeli\u00f3n campesina en Caquet\u00e1 muestra el problema agrario y nacional de Colombia"},"content":{"rendered":"\n<figure class=\"wp-block-image aligncenter size-full is-resized\"><img loading=\"lazy\" decoding=\"async\" src=\"https:\/\/nuevademocracia.com.co\/wp-content\/uploads\/2023\/03\/image-5.png\" alt=\"\" class=\"wp-image-25255\" width=\"704\" height=\"469\" srcset=\"https:\/\/nuevademocracia.com.co\/wp-content\/uploads\/2023\/03\/image-5.png 525w, https:\/\/nuevademocracia.com.co\/wp-content\/uploads\/2023\/03\/image-5-300x200.png 300w\" sizes=\"auto, (max-width: 704px) 100vw, 704px\" \/><figcaption class=\"wp-element-caption\"><mark style=\"background-color:rgba(0, 0, 0, 0)\" class=\"has-inline-color has-black-color\">Polic\u00edas rendidos por campesinos e ind\u00edgenas. Foto: EFE\/Defensor\u00eda del Pueblo<\/mark><\/figcaption><\/figure>\n\n\n\n<p><mark style=\"background-color:rgba(0, 0, 0, 0)\" class=\"has-inline-color has-black-color\">El d\u00eda 2 de marzo, m\u00e1s de mil campesinos e ind\u00edgenas incendiaron parte de las instalaciones de la petrolera imperialista Emerald Energy y tomaron como rehenes a 79 polic\u00edas durante una rebeli\u00f3n en Caquet\u00e1, al sur de Colombia. D\u00edas despu\u00e9s de esta acci\u00f3n, la empresa suspendi\u00f3 las operaciones en la regi\u00f3n y pidi\u00f3 la cancelaci\u00f3n de sus contratos en Caquet\u00e1. La revuelta del d\u00eda 02\/03 sucedi\u00f3 luego de un periodo de m\u00e1s de un mes de manifestaciones de las masas de la regi\u00f3n contra la empresa china y ocurri\u00f3 dentro del amplio escenario nacional de Colombia de levantamientos campesinos con la exigencia de tierra para vivir y trabajar.<\/mark><\/p>\n\n\n\n<p><\/p>\n\n\n\n<p><mark style=\"background-color:rgba(0, 0, 0, 0)\" class=\"has-inline-color has-black-color\">La explosi\u00f3n de la rebeli\u00f3n en Caquet\u00e1 ocurri\u00f3 despu\u00e9s de que <em>Emerald Energy <\/em>no cumpliera las exigencias de los campesinos. Estos exig\u00edan mejoras en las carreteras utilizadas para el transporte de los productos para la ciudad.<\/mark><\/p>\n\n\n\n<p><\/p>\n\n\n\n<p><mark style=\"background-color:rgba(0, 0, 0, 0)\" class=\"has-inline-color has-black-color\"><em>Emerald Energy<\/em> conduce las operaciones de extracci\u00f3n de petr\u00f3leo colombiano en la regi\u00f3n desde 2013. Al menos 16 mil hect\u00e1reas de la regi\u00f3n est\u00e1n bajo el control de la empresa imperialista.<\/mark><\/p>\n\n\n\n<p><mark style=\"background-color:rgba(0, 0, 0, 0)\" class=\"has-inline-color has-black-color\">Cansados de la negligencia de la empresa, los campesinos e ind\u00edgenas rodearon uno de los campos de extracci\u00f3n de petr\u00f3leo de la multinacional imperialista y prendieron fuego a las instalaciones. La represi\u00f3n no tard\u00f3 en llegar: tropas de la polic\u00eda y del Escuadr\u00f3n M\u00f3vil Antidisturbios (fuerza especial de represi\u00f3n colombiana, conocida por el uso excesivo de la fuerza y por los asesinatos de activistas y manifestantes en el pa\u00eds) fueron enviadas a la regi\u00f3n para contener la rebeli\u00f3n campesina, sin embargo, fueron sometidas por las fuerzas populares.<\/mark><\/p>\n\n\n\n<p><\/p>\n\n\n\n<p><mark style=\"background-color:rgba(0, 0, 0, 0)\" class=\"has-inline-color has-black-color\">Los miles de campesinos e ind\u00edgenas rodearon a los polic\u00edas, les arrancaron las insignias de \u201cFuerza P\u00fablica\u201d de algunos agentes y los mantuvieron como rehenes. Los escudos de las tropas de represi\u00f3n tambi\u00e9n fueron tomados y usados para escoltar a los militares hasta donde fueron detenidos. Videos muestran a los polic\u00edas enfilados e impotentes frente a la organizada masa campesina que los escoltaba. Una vez reunidos, los polic\u00edas recibieron comida y agua. Al menos un campesino, de nombre Reinel Ar\u00e9valo, y un polic\u00eda murieron como consecuencia del conflicto.<\/mark><\/p>\n\n\n\n<p><\/p>\n\n\n\n<p><mark style=\"background-color:rgba(0, 0, 0, 0)\" class=\"has-inline-color has-black-color\">Poco despu\u00e9s de la divulgaci\u00f3n del acontecimiento, el viejo Estado colombiano inicio la movilizaci\u00f3n para la liberaci\u00f3n de los polic\u00edas. Sin esforzarse por atender las exigencias de las masas, el presidente oportunista de Gustavo Petro amenazo a los campesinos: \u201cEspero de las personas retenedoras la liberaci\u00f3n unilateral de los funcionarios del gobierno antes de que se propicie una nueva escalada de violencia\u201d.<\/mark><\/p>\n\n\n\n<p><\/p>\n\n\n\n<p><mark style=\"background-color:rgba(0, 0, 0, 0)\" class=\"has-inline-color has-black-color\">La empresa <em>Emerald Energy, <\/em>acobardada frente a la rebeli\u00f3n, anuncio la suspensi\u00f3n de sus actividades en el departamento y requiri\u00f3 la cancelaci\u00f3n de su contrato de explotaci\u00f3n de petr\u00f3leo en la regi\u00f3n.<\/mark><\/p>\n\n\n\n<p><\/p>\n\n\n\n<p><strong><mark style=\"background-color:rgba(0, 0, 0, 0)\" class=\"has-inline-color has-black-color\">Campesinos no soportan m\u00e1s el latifundio ni el imperialismo<\/mark><\/strong><\/p>\n\n\n\n<p><\/p>\n\n\n\n<p><mark style=\"background-color:rgba(0, 0, 0, 0)\" class=\"has-inline-color has-black-color\">La rebeli\u00f3n campesina en Caquet\u00e1 ocurri\u00f3 en el amplio escenario de levantamientos campesinos por toda Colombia, impulsados por la grave crisis del pa\u00eds y la hist\u00f3rica y profunda explotaci\u00f3n de los campesinos e ind\u00edgenas colombianos. Pocos d\u00edas antes de la rebeli\u00f3n en Caquet\u00e1, campesinos de la regi\u00f3n de Mojana bloquearon v\u00edas por mejores infraestructuras contra inundaciones. El a\u00f1o pasado, campesinos e ind\u00edgenas realizaron diversas movilizaciones por la conquista de tierra y la defensa de sus territorios.<\/mark><\/p>\n\n\n\n<p><\/p>\n\n\n\n<p><mark style=\"background-color:rgba(0, 0, 0, 0)\" class=\"has-inline-color has-black-color\">En la actual escalada de la lucha por la tierra, se ha vuelto com\u00fan que los campesinos colombianos sometan a las fuerzas policiales por todo el pa\u00eds. En enero, una patrulla de 30 militares reaccionarios de la Fuerza Conjunta Omega fue sometida por alrededor de 300 campesinos en la regi\u00f3n del Meta. La regi\u00f3n concentra un alto nivel de militarizaci\u00f3n justificada por el ej\u00e9rcito reaccionario colombiano por \u201coperaciones contra las fuerzas guerrilleras\u201d.<\/mark> <\/p>\n\n\n\n<p><\/p>\n\n\n\n<p><mark style=\"background-color:rgba(0, 0, 0, 0)\" class=\"has-inline-color has-black-color\">En verdad, operaciones del ejercito reaccionario colombiano para mantener a las masas de la regi\u00f3n aterrorizadas y prevenir levantamientos y rebeliones en la regi\u00f3n. Como resultado, es frecuente el asesinato, tortura y secuestro de campesinos por los militares reaccionarios, bien como montaje de \u201cescenas de conflicto\u201d, donde campesinos son asesinados y los militares ponen armas al lado de los cad\u00e1veres para simular las \u201cconfrontaciones guerrilleras\u201d \u2013 una practica muy semejante al que realizan los polic\u00edas militares de todo el Brasil para criminalizar a la juventud negra y favelada (habitantes de las favelas)<strong>.<\/strong><\/mark><\/p>\n\n\n\n<p><\/p>\n\n\n\n<p><mark style=\"background-color:rgba(0, 0, 0, 0)\" class=\"has-inline-color has-black-color\">Ese alto nivel de represi\u00f3n contra las masas campesinas e ind\u00edgenas por las tropas de la represi\u00f3n del viejo Estado colombiano no son un hecho nuevo en la historia de Colombia. En verdad, est\u00e1n sustentados por la propia formaci\u00f3n hist\u00f3rica y el desarrollo econ\u00f3mico del pa\u00eds, hist\u00f3ricamente dominado y atado por el imperialismo y con una econom\u00eda erguida sobre el latifundio y una industrializaci\u00f3n fr\u00e1gil y volcada al mercado extranjero.<\/mark><\/p>\n\n\n\n<p><\/p>\n\n\n\n<p><strong><mark style=\"background-color:rgba(0, 0, 0, 0)\" class=\"has-inline-color has-black-color\">Los hist\u00f3ricos problemas agrario y nacional de Colombia<\/mark><\/strong><\/p>\n\n\n\n<p><\/p>\n\n\n\n<p><mark style=\"background-color:rgba(0, 0, 0, 0)\" class=\"has-inline-color has-black-color\">Inicialmente como una colonia espa\u00f1ola, Colombia pasa, en el siglo XIX, a las manos del imperialismo ingl\u00e9s. Luego de alterar las bases econ\u00f3micas del pa\u00eds oprimido, Inglaterra mantendr\u00e1 la manutenci\u00f3n de la base econ\u00f3mica en torno al viejo latifundio. En ese mismo siglo, con la independencia de los Estados Unidos (USA) y su consolidaci\u00f3n como nueva potencia imperialista, Colombia sufrir\u00e1 un nuevo intercambio de amos: a final del siglo XIX e inicio del siglo XX, los monopolios yanquis intensificaron su dominaci\u00f3n y saqueo sobre la naci\u00f3n colombiana.<\/mark><\/p>\n\n\n\n<p><\/p>\n\n\n\n<p><mark style=\"background-color:rgba(0, 0, 0, 0)\" class=\"has-inline-color has-black-color\">Aun como expresi\u00f3n de esa dominaci\u00f3n, el imperialismo yanqui favoreci\u00f3 la manutenci\u00f3n del latifundio en Colombia y concentro la econom\u00eda del pa\u00eds latino en las manos de las grandes empresas imperialistas de USA. Caso emblem\u00e1tico es el de la <em>United Fruit Company, <\/em>que a inicios del siglo XX monopolizo alrededor del 70% de la producci\u00f3n colombiana de banano y concentro, bajo concesi\u00f3n del viejo Estado colombiano, enormes latifundios bajo su dominio, sobretodo en la regi\u00f3n de Santa Marta.<\/mark><\/p>\n\n\n\n<figure class=\"wp-block-image aligncenter size-full is-resized\"><img loading=\"lazy\" decoding=\"async\" src=\"https:\/\/nuevademocracia.com.co\/wp-content\/uploads\/2023\/03\/image-6.png\" alt=\"\" class=\"wp-image-25256\" width=\"839\" height=\"495\" srcset=\"https:\/\/nuevademocracia.com.co\/wp-content\/uploads\/2023\/03\/image-6.png 564w, https:\/\/nuevademocracia.com.co\/wp-content\/uploads\/2023\/03\/image-6-300x177.png 300w\" sizes=\"auto, (max-width: 839px) 100vw, 839px\" \/><figcaption class=\"wp-element-caption\"><mark style=\"background-color:rgba(0, 0, 0, 0)\" class=\"has-inline-color has-black-color\">Campesinos trabajan en plantaci\u00f3n de banano de la United Fruit en el Magdalena Medio, en 1929. Foto: United Fruit Collection<\/mark><\/figcaption><\/figure>\n\n\n\n<p><mark style=\"background-color:rgba(0, 0, 0, 0)\" class=\"has-inline-color has-black-color\">Este es el caso de la <em>United Fruit. <\/em>Al mismo tiempo que impulsaba el latifundio en Colombia, la empresa imperialista somet\u00eda a sus propios funcionarios a relaciones de producci\u00f3n semifeudales. En esa relaci\u00f3n, los campesinos que trabajaban en los latifundios de la empresa recib\u00edan la mayor parte de su salario en forma de cupones de la multinacional. Esos cupones solo pod\u00edan se gastados con la <em>United Fruit, <\/em>comprando los productos que la empresa tra\u00eda de Europa en los mismos nav\u00edos que usaba para exportar bananos para Inglaterra. Esto es, un t\u00edpico r\u00e9gimen de cobertizo, donde los campesinos son aparentemente asalariados, pero son obligados a gastar todo su dinero con el mismo latifundista, que recibe de vuelta el \u201csalario\u201d pagado a los campesinos.<\/mark><\/p>\n\n\n\n<p><\/p>\n\n\n\n<p><mark style=\"background-color:rgba(0, 0, 0, 0)\" class=\"has-inline-color has-black-color\">As\u00ed se muestra la dominaci\u00f3n del imperialismo yanqui en Colombia: las inversiones de capital yanqui en el pa\u00eds latino, son uno de esos retratos: en el a\u00f1o 1913, las inversiones de USA en Colombia totalizaban 4 millones de d\u00f3lares. Siete a\u00f1os despu\u00e9s, las inversiones yanquis estaban casi en 32 millones de d\u00f3lares. El monto aumento a 280 millones de d\u00f3lares en el 1929.<\/mark><\/p>\n\n\n\n<p><\/p>\n\n\n\n<p><mark style=\"background-color:rgba(0, 0, 0, 0)\" class=\"has-inline-color has-black-color\">Adem\u00e1s del latifundio, el capital yanqui estaba presente en la industria colombiana, sometida y controlada por el imperialismo, en las obras de carreteras y v\u00edas ferrocarriles y en la explotaci\u00f3n petrolera. En la d\u00e9cada de 1930, el contrato Chaux-Folson concedi\u00f3 dominio exclusivo de los hidrocarburos del Catatumbo a la Colombian Petroleum Company (Colpet). De acuerdo con el contrato, la empresa ten\u00eda derecho a explotar un \u00e1rea de 187 mil hect\u00e1reas.<\/mark><\/p>\n\n\n\n<p><\/p>\n\n\n\n<p><mark style=\"background-color:rgba(0, 0, 0, 0)\" class=\"has-inline-color has-black-color\">Esa explotaci\u00f3n del pueblo, de la tierra y de las riquezas naturales de Colombia no fue llevada de forma pasiva por las masas. Por todo el siglo XX, levantamientos y rebeliones campesinas armadas explotaron por Colombia. Fue el ejemplo de la huelga contra la <em>United Fruit, <\/em>en 1928, que reuni\u00f3 miles de campesinos contra la multinacional yanqui. Esa \u00e9poca, el viejo Estado colombiano envi\u00f3 al ej\u00e9rcito para reprimir el levantamiento, dejando un saldo de entre 800 a 3 mil muertos.<\/mark><\/p>\n\n\n\n<p><\/p>\n\n\n\n<p><mark style=\"background-color:rgba(0, 0, 0, 0)\" class=\"has-inline-color has-black-color\">El monopolio de la tierra es responsable por someter, aun hoy a los campesinos empleados por el latifundio a un r\u00e9gimen de explotaci\u00f3n basado en la servidumbre y en relaciones pre-capitalistas y semifeudales de producci\u00f3n. Y tambi\u00e9n por sofocar a los peque\u00f1os y medianos campesinos del pa\u00eds a partir de la concentraci\u00f3n de las tierras, de los capitales y de los cr\u00e9ditos proporcionados por el viejo Estado.<\/mark><\/p>\n\n\n\n<p><\/p>\n\n\n\n<p><mark style=\"background-color:rgba(0, 0, 0, 0)\" class=\"has-inline-color has-black-color\">Otros levantamientos ocurrieron en la d\u00e9cada de 1930, despu\u00e9s de que el presidente liberal L\u00f3pez Pumarejo no cumpli\u00f3 las reformas que hab\u00eda prometido durante la campa\u00f1a; y en 1944, cuando Pumarejo, nuevamente electo, promovi\u00f3 la contrarreforma agraria, prolongando por diez a\u00f1os la supuesta entrega de tierras improductivas a los campesinos del pa\u00eds. En 1945, el latifundio colombiano cometi\u00f3 diversas masacres contra los campesinos e ind\u00edgenas colombianos, contando incluso con la formaci\u00f3n de ej\u00e9rcitos paramilitares (pistoleros) en diversas regiones del pa\u00eds. Como resultado, campesinos y obreros armados se levantaron en lugares como los Llanos Orientales, en la regi\u00f3n del Magdalena Medio y en Barrancabermeja para combatir los monopolios yanquis y los bandos pistoleros del latifundio. A lo largo de toda la d\u00e9cada de 1950, esos campesinos (desde los campesinos sin tierra hasta los peque\u00f1os y medianos campesinos, as\u00ed como los arrendatarios) van a conformar grupos armados de autodefensa y movimientos guerrilleros por Colombia, base para el desarrollo de las famosas guerrillas colombianas conformadas en los a\u00f1os de 1960.<\/mark><\/p>\n\n\n\n<p><\/p>\n\n\n\n<p><mark style=\"background-color:rgba(0, 0, 0, 0)\" class=\"has-inline-color has-black-color\">En ese desenvolvimiento hist\u00f3rico de Colombia est\u00e1 la base para las enfermedades que hasta hoy aplastan al pueblo colombiano, sobretodo dos problemas, el agrario y el nacional. Problemas inicialmente moldeados en forma de feudalidad y sistema colonial, sufriendo modificaciones a la forma de semifeudalidad y semicolonialidad, inicialmente bajo la \u00e9gida del imperialismo brit\u00e1nico y, posteriormente, bajo el imperialismo yanqui, principalmente. Para mantener ese dominio y prevenir los levantamientos campesinos en el pa\u00eds, as\u00ed como la intensificaci\u00f3n de las rebeliones campesinas que ya exist\u00edan ( solamente en 2020, el pa\u00eds latino presencio 207 conflictos por la tierra envolviendo al menos a 7040 familias), el imperialismo mantiene alrededor de 200 militares fijos en Colombia e invierte millones de d\u00f3lares anualmente en el pa\u00eds latino (entre 2016 y 2021, USA gasto 1 bill\u00f3n de d\u00f3lares anualmente en proyectos para la \u201cpacificaci\u00f3n\u201d de Colombia).<\/mark><\/p>\n\n\n\n<p><\/p>\n\n\n\n<p><strong><mark style=\"background-color:rgba(0, 0, 0, 0)\" class=\"has-inline-color has-black-color\">Social-imperialismo chino busca repartija del territorio colombiano<\/mark><\/strong><\/p>\n\n\n\n<p><\/p>\n\n\n\n<p><mark style=\"background-color:rgba(0, 0, 0, 0)\" class=\"has-inline-color has-black-color\">Con toda su inversi\u00f3n en el pa\u00eds latino, los yanquis buscan, tambi\u00e9n, prevenir el aumento de la influencia de otras potencias imperialistas en el territorio colombiano, como es el caso de China social-imperialista. Adem\u00e1s de la petrolera en Caquet\u00e1 (ahora en suspensi\u00f3n), el social-imperialismo chino puso decenas de otros proyectos en territorio colombiano.<\/mark><\/p>\n\n\n\n<p><\/p>\n\n\n\n<p><mark style=\"background-color:rgba(0, 0, 0, 0)\" class=\"has-inline-color has-black-color\">Habiendo crecido de manera exponencial entre los a\u00f1os de 2008 y 2019, esos proyectos engloban desde la miner\u00eda y el petr\u00f3leo hasta la construcci\u00f3n de carreteras, l\u00edneas del metro y puertos. En 2022, hab\u00eda al menos 100 empresas chinas en territorio colombiano y 38 inversiones activas, que suman un monto de 2,04 billones de d\u00f3lares.<\/mark><\/p>\n\n\n\n<p><\/p>\n\n\n\n<p><em><mark style=\"background-color:rgba(0, 0, 0, 0)\" class=\"has-inline-color has-black-color\">Link del art\u00edculo original: https:\/\/anovademocracia.com.br\/rebeliao-camponesa-em-caqueta-escancara-o-problema-agrario-e-nacional-da-colombia\/<\/mark><\/em><\/p>\n\n\n\n<p><\/p>\n","protected":false},"excerpt":{"rendered":"<p>El d\u00eda 2 de marzo, m\u00e1s de mil campesinos e ind\u00edgenas incendiaron parte de las instalaciones de la petrolera imperialista Emerald Energy y tomaron como rehenes a 79 polic\u00edas durante una rebeli\u00f3n en Caquet\u00e1, al sur de Colombia. D\u00edas despu\u00e9s de esta acci\u00f3n, la empresa suspendi\u00f3 las operaciones en la regi\u00f3n y pidi\u00f3 la cancelaci\u00f3n [&hellip;]<\/p>\n","protected":false},"author":1,"featured_media":25255,"comment_status":"open","ping_status":"open","sticky":false,"template":"","format":"standard","meta":{"footnotes":""},"categories":[16,4,144],"tags":[21,44,32,18,41],"class_list":["post-25254","post","type-post","status-publish","format-standard","has-post-thumbnail","hentry","category-carrusel","category-colombia","category-lucha-por-la-tierra","tag-campesinos","tag-criminalizacion-a-la-protesta","tag-imperialismo","tag-protestas","tag-represion-estatal"],"blocksy_meta":[],"_links":{"self":[{"href":"https:\/\/nuevademocracia.com.co\/index.php?rest_route=\/wp\/v2\/posts\/25254","targetHints":{"allow":["GET"]}}],"collection":[{"href":"https:\/\/nuevademocracia.com.co\/index.php?rest_route=\/wp\/v2\/posts"}],"about":[{"href":"https:\/\/nuevademocracia.com.co\/index.php?rest_route=\/wp\/v2\/types\/post"}],"author":[{"embeddable":true,"href":"https:\/\/nuevademocracia.com.co\/index.php?rest_route=\/wp\/v2\/users\/1"}],"replies":[{"embeddable":true,"href":"https:\/\/nuevademocracia.com.co\/index.php?rest_route=%2Fwp%2Fv2%2Fcomments&post=25254"}],"version-history":[{"count":1,"href":"https:\/\/nuevademocracia.com.co\/index.php?rest_route=\/wp\/v2\/posts\/25254\/revisions"}],"predecessor-version":[{"id":25257,"href":"https:\/\/nuevademocracia.com.co\/index.php?rest_route=\/wp\/v2\/posts\/25254\/revisions\/25257"}],"wp:featuredmedia":[{"embeddable":true,"href":"https:\/\/nuevademocracia.com.co\/index.php?rest_route=\/wp\/v2\/media\/25255"}],"wp:attachment":[{"href":"https:\/\/nuevademocracia.com.co\/index.php?rest_route=%2Fwp%2Fv2%2Fmedia&parent=25254"}],"wp:term":[{"taxonomy":"category","embeddable":true,"href":"https:\/\/nuevademocracia.com.co\/index.php?rest_route=%2Fwp%2Fv2%2Fcategories&post=25254"},{"taxonomy":"post_tag","embeddable":true,"href":"https:\/\/nuevademocracia.com.co\/index.php?rest_route=%2Fwp%2Fv2%2Ftags&post=25254"}],"curies":[{"name":"wp","href":"https:\/\/api.w.org\/{rel}","templated":true}]}}