{"id":25260,"date":"2023-04-08T10:51:44","date_gmt":"2023-04-08T15:51:44","guid":{"rendered":"https:\/\/nuevademocracia.com.co\/?p=25260"},"modified":"2024-07-10T13:45:45","modified_gmt":"2024-07-10T18:45:45","slug":"gobierne-quien-gobierne-los-derechos-del-pueblo-se-defienden","status":"publish","type":"post","link":"https:\/\/nuevademocracia.com.co\/?p=25260","title":{"rendered":"Editorial &#8211; \u00a1Gobierne quien gobierne los derechos del pueblo se defienden!"},"content":{"rendered":"\n<p class=\"has-black-color has-text-color\">El pr\u00f3ximo 28 de abril se cumplir\u00e1n dos a\u00f1os de la movilizaci\u00f3n que dio inicio a las protestas del Paro Nacional de 2021, un Gran Levantamiento Popular que remeci\u00f3 a Colombia, convirti\u00e9ndose en uno de los hitos m\u00e1s importantes de la historia del pa\u00eds en t\u00e9rminos de la protesta popular. Algunos activistas y estudiosos de los movimiento sociales han se\u00f1alado que estas protestas fueron superiores a las del Paro C\u00edvico de septiembre de 1977 y que por su dimensi\u00f3n e importancia solo resultan comparables con \u201cEl Bogotazo\u201d, otro gran levantamiento popular iniciado el 9 de abril de 1948 tras el asesinato de Jorge Eliecer Gait\u00e1n y que estuvo enmarcado en un periodo de agudas y violentas contradicciones en la historia de nuestro pa\u00eds, teniendo a las grandes masas campesinas como uno de sus principales protagonistas.<\/p>\n\n\n\n<p class=\"has-black-color has-text-color\">Hoy, 75 a\u00f1os despu\u00e9s de \u201cEl Bogotazo\u201d, nuestra naci\u00f3n sigue viviendo tiempos agitados y tormentosos, todav\u00eda en b\u00fasqueda de su verdadera emancipaci\u00f3n la cual contin\u00faa inconclusa. El Gran Levantamiento Popular que tuvo lugar de manera m\u00e1s intensa entre abril y junio de 2021 represent\u00f3 el punto m\u00e1s elevado del reciente periodo de auge de la lucha de masas que atraves\u00f3 el pa\u00eds durante los \u00faltimos a\u00f1os (2018-2021). La intensa actividad de las masas populares expresada en grandes levantamientos aqu\u00ed en Colombia y en diversas partes del mundo en la \u00faltima d\u00e9cada (como lo atestiguan las protestas en Chile, Ecuador, Per\u00fa, USA, Francia, India, Sri Lanka, Sud\u00e1frica, etc), con hist\u00f3ricas manifestaciones masivas y llenas de combatividad, as\u00ed como el ascenso de gobiernos de falsa izquierda o de extrema derecha en distintos pa\u00edses son algunos de los m\u00e1s claros s\u00edntomas del desarrollo desigual de la situaci\u00f3n revolucionaria que se desenvuelve actualmente y la cual fue caracterizada magistralmente por el revolucionario ruso Vladimir Lenin con la siguiente f\u00f3rmula: ni los de abajo quieren seguir viviendo como antes, ni los de arriba pueden seguir gobernando como lo ven\u00edan haciendo.<\/p>\n\n\n\n<p class=\"has-black-color has-text-color\">Los hechos tras el declive del Gran Levantamiento Popular, en medio de todo el espect\u00e1culo de la farsa electoral por la renovaci\u00f3n de los miembros de las clases opresoras en el poder, ilusionaron a muchos con que un verdadero cambio se acercaba: la profunda impopularidad del uribismo se reflej\u00f3 en las urnas y por primera vez en la historia del pa\u00eds ascend\u00eda al gobierno la falsa izquierda, representada por el Pacto Hist\u00f3rico, quien a la vez hab\u00eda conseguido ser la fuerza mayoritaria en el congreso. Abundaron as\u00ed las promesas de apertura de un nuevo periodo de justicia social, de superaci\u00f3n de las desigualdades, de desarrollo nacional y de autodeterminaci\u00f3n. Atr\u00e1s parec\u00edan quedar los d\u00edas oscuros para nuestra naci\u00f3n oprimida y condenada al atraso por el yugo del imperialismo, la semifeudalidad y el capitalismo burocr\u00e1tico.<\/p>\n\n\n\n<p class=\"has-black-color has-text-color\">Sin embargo, la realidad no ha tardado en ir demostrando progresivamente -como lo se\u00f1alamos en nuestra primera editorial en agosto de 2022- que la misi\u00f3n de este nuevo gobierno oportunista no es otra que la de cambiar algunas cosas para que en esencia todo el viejo sistema de explotaci\u00f3n y opresi\u00f3n pueda seguir igual. Para las clases dominantes se hizo necesario cambiar de t\u00e1ctica para poder mantener la situaci\u00f3n bajo control y por ello decidieron reemplazar el decr\u00e9pito e impopular rostro del uribismo reaccionario y genocida por el novedoso y \u201camable\u201d rostro del petrismo, aparentemente m\u00e1s democr\u00e1tico y progresista que sus antecesores. Y si bien amplios sectores del pueblo todav\u00eda siguen ilusionados con las promesas y la demagogia del autodenominado \u201cgobierno del cambio\u201d, los sectores m\u00e1s hondos y profundos de las masas, sobre aquellos que recae el mayor peso de la opresi\u00f3n y la injusticia en esta sociedad, no han tardado mucho en manifestar su descontento, pasando de la espera pasiva a la acci\u00f3n transformadora de la realidad. Las masas b\u00e1sicas de la sociedad colombiana, el campesinado y la clase obrera, han tomado la decisi\u00f3n de salir a las calles y presionar al gobierno exigiendo que se cumplan los cambios prometidos y que se d\u00e9 respuesta a sus apremiantes necesidades por largo tiempo insatisfechas. La paciencia del pueblo se va agotando y en diversas zonas del pa\u00eds se ha venido presentando una tendencia creciente a bloquear las carreteras como medio para exigir soluciones inmediatas a una infinidad de reivindicaciones concretas.<\/p>\n\n\n\n<figure class=\"wp-block-image size-full\"><img loading=\"lazy\" decoding=\"async\" width=\"765\" height=\"578\" src=\"https:\/\/nuevademocracia.com.co\/wp-content\/uploads\/2023\/04\/Bloqueos-01-1.png\" alt=\"\" class=\"wp-image-25262\" srcset=\"https:\/\/nuevademocracia.com.co\/wp-content\/uploads\/2023\/04\/Bloqueos-01-1.png 765w, https:\/\/nuevademocracia.com.co\/wp-content\/uploads\/2023\/04\/Bloqueos-01-1-300x227.png 300w\" sizes=\"auto, (max-width: 765px) 100vw, 765px\" \/><\/figure>\n\n\n\n<p class=\"has-text-align-center\"><mark style=\"background-color:rgba(0, 0, 0, 0)\" class=\"has-inline-color has-black-color\">Bloqueos en Santander exigiendo la anulaci\u00f3n de la licencia minera otorgada a Colcco S.A. Fuente: Caracol. Link para versi\u00f3n digital: <a href=\"https:\/\/caracol.com.co\/2023\/01\/26\/bloqueos-hoy-en-colombia-cual-es-su-impacto\/\">https:\/\/caracol.com.co\/2023\/01\/26\/bloqueos-hoy-en-colombia-cual-es-su-impacto\/<\/a><\/mark><\/p>\n\n\n\n<p class=\"has-black-color has-text-color\">Ante esta oleada de bloqueos de v\u00edas a lo largo y ancho del pa\u00eds se ha desatado una furiosa reacci\u00f3n por parte de algunos sectores de las clases dominantes en conjunto con los medios de comunicaci\u00f3n que pertenecen y son portavoces de los grandes monopolios, realizando un sinn\u00famero de ataques y calumnias contra el pueblo en pie de lucha, tales como: que est\u00e1n destruyendo la econom\u00eda del pa\u00eds, que son unos b\u00e1rbaros y violentos, que est\u00e1n afectando los derechos de los dem\u00e1s ciudadanos y son responsables de profundizar los flagelos que azotan a estas comunidades, que est\u00e1n desestabilizando la naci\u00f3n, que se est\u00e1 desmoralizando la \u201cfuerza p\u00fablica\u201d con estas acciones, que est\u00e1n infiltrados y manipulados por la \u201cextrema derecha\u201d o \u201cla extrema izquierda\u201d, etc.<\/p>\n\n\n\n<p class=\"has-black-color has-text-color\">Este bombardeo ideol\u00f3gico y medi\u00e1tico ha repercutido entre sectores del pueblo e inclusive en el seno del mismo movimiento popular, quienes han comenzado a adoptar una posici\u00f3n hostil hacia los bloqueos, juzg\u00e1ndolos como un sabotaje al nuevo gobierno ya sea de manera consciente y premeditada o de manera inconsciente producto del impaciente deseo de cambios inmediatos. Algunos otros simplemente no logran comprender el sentido de los bloqueos y buscan explicaciones no en las contradicciones internas de nuestra sociedad sino en factores externos como la vieja f\u00f3rmula de las infiltraciones, ya sea de las guerrillas o de grupos paramilitares, que pone a los sectores del pueblo que luchan combativamente por sus reivindicaciones en el lugar de tontos \u00fatiles movilizados por intereses ajenos a los propios. Pero, \u00bfc\u00f3mo podemos interpretar esta intensa actividad de las masas populares durante el actual gobierno de Gustavo Petro y Francia M\u00e1rquez? \u00bfC\u00f3mo explicar que el pueblo siga bloqueando diariamente las v\u00edas del pa\u00eds si supuestamente estamos en el gobierno de \u201clos nadies\u201d?<\/p>\n\n\n\n<p class=\"has-black-color has-text-color\"><strong>Un diagn\u00f3stico de los bloqueos<\/strong><\/p>\n\n\n\n<p class=\"has-black-color has-text-color\">Comencemos por analizar algunas estad\u00edsticas que dan cuenta de la magnitud del fen\u00f3meno. Seg\u00fan cifras de la Defensor\u00eda del Pueblo citadas por El Tiempo: <em>\u201cen los dos primeros meses del a\u00f1o se han registrado 214 casos de conflictividad social. El a\u00f1o pasado en el mismo periodo fueron 124, lo que representa un aumento del 72,6%. En promedio, son casi 4 protestas cada d\u00eda del a\u00f1o y algunas se han prolongado incluso por semanas\u201d<\/em>. Por otro lado, de acuerdo con el monitoreo realizado por el Observatorio de Prevenci\u00f3n de Conflictos Sociales de la Defensor\u00eda, tambi\u00e9n citado en el mismo art\u00edculo de El Tiempo: <em>\u201cel a\u00f1o pasado se registraron 1.428 hechos y a partir del segundo semestre se evidenci\u00f3 una tendencia al alza de los conflictos sociales, alcanzando el n\u00famero m\u00e1s alto en el mes de septiembre con 186 eventos\u201d<\/em>.<\/p>\n\n\n\n<p class=\"has-black-color has-text-color\">Seg\u00fan cifras del Ministerio de Minas y Energ\u00eda actualmente se tienen 32 contratos petroleros suspendidos, de los cuales 28 corresponden a problemas de conflictividad social y orden p\u00fablico. El presidente del gremio de transportadores de carga en una entrevista con Caracol Radio se\u00f1al\u00f3 que para inicios de marzo ya se hab\u00edan presentado alrededor de 150 bloqueos en las carreteras llevando a que las importaciones bajaran aproximadamente 35%. Nada m\u00e1s en el mes de enero el balance fue de 81 bloqueos y tan solo durante un d\u00eda (23 de enero) se registraron 17 bloqueos viales simult\u00e1neos, colapsando as\u00ed la movilidad en el pa\u00eds.<\/p>\n\n\n\n<p class=\"has-black-color has-text-color\">\u00bfY por qu\u00e9 motivos el pueblo colombiano est\u00e1 saliendo a bloquear las v\u00edas? Entre las diversas reivindicaciones se encuentran:<\/p>\n\n\n\n<p class=\"has-black-color has-text-color\">&#8211; La pavimentaci\u00f3n de carreteras, el arreglo de las v\u00edas de acceso a veredas, el incumplimiento de acuerdos sobre construcciones viales, el cierre arbitrario de v\u00edas terciarias por grandes obras, el rechazo ante los cobros abusivos de los peajes y el rechazo a las afectaciones sociales y ambientales generadas por grandes empresas del sector minero y petrolero fueron algunas de las razones que desataron los bloqueos por parte de las masas campesinas, ind\u00edgenas y obreras de San Vicente del Cagu\u00e1n, sur del Cauca, Pamplonita (Norte de Santander), La Lizama (Santander), Puerto Gait\u00e1n (Meta), de la zona rural de Neiva (Huila), Socha (Boyac\u00e1), Facatativ\u00e1 (Cundinamarca) y de diversos municipios de la Guajira, Bol\u00edvar, Sucre, entre otros.<\/p>\n\n\n\n<p class=\"has-black-color has-text-color\">&#8211; Una causa importante de las manifestaciones en este inicio de a\u00f1o ha sido por las deficiencias en la prestaci\u00f3n de los servicios p\u00fablicos como las protestas exigiendo agua potable en San Juan Nepomuceno (Bol\u00edvar), as\u00ed como la falta de soluciones por parte del Estado a las afectaciones generadas por inundaciones y derrumbes como es el caso de los bloqueos en distintos puntos de la regi\u00f3n de la Mojana (Antioquia, Bol\u00edvar, C\u00f3rdoba y Sucre), de Hatonuevo (Guajira) y del departamento del Cauca.<\/p>\n\n\n\n<p class=\"has-black-color has-text-color\">&#8211; En la regi\u00f3n del Bajo Cauca (Antioquia y C\u00f3rdoba) la causa principal de los m\u00faltiples bloqueos ha sido por las protestas de miles de mineros en contra de las medidas del gobierno contra la miner\u00eda informal que ha afectado a una gran parte de la poblaci\u00f3n que vive de esta actividad econ\u00f3mica. La principal exigencia de los manifestantes es que se detengan los operativos contra la miner\u00eda en la regi\u00f3n y se generen condiciones favorables para la formalizaci\u00f3n de la actividad minera. Ante esto el gobierno ha respondido con represi\u00f3n y criminalizaci\u00f3n, generalizando la afirmaci\u00f3n de que esta lucha es impulsada por el Clan del Golfo, desconociendo las justas reivindicaciones del pueblo trabajador y estigmatizando as\u00ed a quienes luchan por su subsistencia como integrantes de grupos paramilitares.<\/p>\n\n\n\n<p class=\"has-black-color has-text-color\">&#8211; El movimiento estudiantil tambi\u00e9n se viene reactivando durante este a\u00f1o, como lo demuestran las distintas movilizaciones y bloqueos impulsadas por estudiantes y trabajadores de la Universidad Distrital, Universidad Nacional, Universidad Pedag\u00f3gica y el SENA en la ciudad de Bogot\u00e1, as\u00ed como del Colegio Mayor de Cundinamarca, bajo reivindicaciones como la formalizaci\u00f3n y ampliaci\u00f3n de la planta docente, el elevado costo de vida que afecta al estudiantado especialmente con el tema de los pasajes, problemas en la infraestructura, el d\u00e9ficit financiero que acumulan las universidades p\u00fablicas del pa\u00eds y la necesidad de reformar la actual ley de educaci\u00f3n superior. Tambi\u00e9n el sector de los docentes de educaci\u00f3n p\u00fablica se ha movilizado en diversas oportunidades durante el a\u00f1o exigiendo mayores recursos, mejoras en las condiciones laborales y en el servicio de salud, denunciando problemas en las instalaciones de colegios y en el transporte escolar como fueron los casos de las protestas ocurridas en Bogot\u00e1, Sabanalarga (Atl\u00e1ntico) y Villavicencio (Meta), entre otros, destacando la lucha liderada por el sindicato de maestros del Cauca ASOINCA.<\/p>\n\n\n\n<figure class=\"wp-block-image size-full\"><img loading=\"lazy\" decoding=\"async\" width=\"779\" height=\"564\" src=\"https:\/\/nuevademocracia.com.co\/wp-content\/uploads\/2023\/04\/Bloqueos-02.jpg\" alt=\"\" class=\"wp-image-25264\" srcset=\"https:\/\/nuevademocracia.com.co\/wp-content\/uploads\/2023\/04\/Bloqueos-02.jpg 779w, https:\/\/nuevademocracia.com.co\/wp-content\/uploads\/2023\/04\/Bloqueos-02-300x217.jpg 300w, https:\/\/nuevademocracia.com.co\/wp-content\/uploads\/2023\/04\/Bloqueos-02-768x556.jpg 768w\" sizes=\"auto, (max-width: 779px) 100vw, 779px\" \/><\/figure>\n\n\n\n<p class=\"has-text-align-center\"><mark style=\"background-color:rgba(0, 0, 0, 0)\" class=\"has-inline-color has-black-color\">Manifestaciones en el marco del Paro Minero en la regi\u00f3n del Bajo Cauca. Fuente: El Colombiano. Link para versi\u00f3n digital: <a href=\"https:\/\/www.elcolombiano.com\/antioquia\/mineros-se-levantan-de-la-mesa-de-negociacion-del-paro-en-bajo-cauca-DA20755341\">https:\/\/www.elcolombiano.com\/antioquia\/mineros-se-levantan-de-la-mesa-de-negociacion-del-paro-en-bajo-cauca-DA20755341<\/a><\/mark><\/p>\n\n\n\n<p class=\"has-black-color has-text-color\">Tan solo basta un vistazo general a la situaci\u00f3n actual para comprender que las causas de estos bloqueos responden a leg\u00edtimas exigencias populares, especialmente de los sectores m\u00e1s empobrecidos del pueblo colombiano y a quienes m\u00e1s duramente ha golpeado la crisis. De hecho muchas de estas exigencias son las mismas por las que hace 2 a\u00f1os salieron millones a las calles en medio de las protestas del Paro Nacional y que gobierno tras gobierno se han comprometido a resolverlas y uno tras otro han incumplido su palabra ante las masas, sembrando entre estas mayor desconfianza en las salidas institucionales ofrecidas por el viejo Estado burocr\u00e1tico y terrateniente. \u00bfCu\u00e1nta paciencia m\u00e1s se le puede pedir a un pueblo con hambre y empobrecido ante la crisis, aislado por la precaria condici\u00f3n de las v\u00edas, a merced de las inclemencias del clima y atropellado constantemente por los intereses de los grandes burgueses, terratenientes e imperialistas defendidos y representados por el viejo Estado?<\/p>\n\n\n\n<figure class=\"wp-block-image size-full\"><img loading=\"lazy\" decoding=\"async\" width=\"750\" height=\"750\" src=\"https:\/\/nuevademocracia.com.co\/wp-content\/uploads\/2023\/04\/Bloqueos-03.jpg\" alt=\"\" class=\"wp-image-25265\" srcset=\"https:\/\/nuevademocracia.com.co\/wp-content\/uploads\/2023\/04\/Bloqueos-03.jpg 750w, https:\/\/nuevademocracia.com.co\/wp-content\/uploads\/2023\/04\/Bloqueos-03-300x300.jpg 300w, https:\/\/nuevademocracia.com.co\/wp-content\/uploads\/2023\/04\/Bloqueos-03-150x150.jpg 150w\" sizes=\"auto, (max-width: 750px) 100vw, 750px\" \/><\/figure>\n\n\n\n<p class=\"has-text-align-center\"> <mark style=\"background-color:rgba(0, 0, 0, 0)\" class=\"has-inline-color has-black-color\">Bloqueos en la regi\u00f3n de La Mojana exigiendo el cierre definitivo del boquete de Caregato ante las inundaciones en diversos municipios de la zona. Fuente: Regi\u00f3n Caribe. Link para versi\u00f3n digital: <a href=\"https:\/\/regioncaribe.com.co\/bloqueos-en-la-mojana-se-extenderian-a-otras-vias-de-la-region-caribe\/\">https:\/\/regioncaribe.com.co\/bloqueos-en-la-mojana-se-extenderian-a-otras-vias-de-la-region-caribe\/<\/a><\/mark><\/p>\n\n\n\n<p class=\"has-black-color has-text-color\"><strong>Si me quitan el pan de la boca: \u00a1yo peleo!<\/strong><\/p>\n\n\n\n<p class=\"has-black-color has-text-color\">\u00bfCu\u00e1l debe ser entonces la actitud del movimiento democr\u00e1tico y popular ante estos hechos? As\u00ed como sucedi\u00f3 de manera masiva en el Gran Levantamiento Popular de 2021 donde se impulsaron m\u00e1s de mil cierres de carreteras a lo largo y ancho del pa\u00eds, los bloqueos de v\u00edas representan una leg\u00edtima forma de lucha del pueblo que acude a las v\u00edas de hecho para exigir soluciones a las diversas problem\u00e1ticas concretas que lo acosan. En la pr\u00e1ctica este ha demostrado ser un efectivo mecanismo de presi\u00f3n popular para que el Estado se vea obligado a sentarse con las comunidades a escucharlas y negociar. Cuanto m\u00e1s estrat\u00e9gicamente se define la v\u00eda a bloquear, m\u00e1s dolorosas resultan las p\u00e9rdidas econ\u00f3micas para los de arriba, lo que los obliga a tomar cartas en el asunto: ya se reprimiendo, negociando o utilizando ambas t\u00e1cticas seg\u00fan sus intereses. Bien lo saben esto comunidades ind\u00edgenas como las del Cauca, quienes ante los atropellos y los incumplimientos no dudan en bloquear la v\u00eda Panamericana como m\u00e9todo predilecto de lucha, a pesar de los aullidos y ataques de m\u00faltiples sectores hostiles a estas acciones.<\/p>\n\n\n\n<p class=\"has-black-color has-text-color\">Evidentemente estos bloqueos no solo generan afectaciones sobre los grandes monopolios. Los peque\u00f1os y medianos comerciantes tambi\u00e9n se ven perjudicados as\u00ed como otros sectores del pueblo, por lo que se hace necesario el di\u00e1logo y el acercamiento con ellos buscando atraerlos hacia la lucha procurando que la apoyen activamente o al menos que no sean hostiles hacia esta y evitando que sean ganados y utilizados por las clases dominantes para sus intereses. Luchar contra la divisi\u00f3n en las filas del pueblo es vital, pues hacia all\u00ed apunta toda la propaganda sucia vomitada por los grandes medios y los hip\u00f3critas politiqueros que de repente se preocupan por las comunidades de estas zonas marginadas del pa\u00eds, sumidas en el atraso y el abandono durante d\u00e9cadas, para luego volverlas a pisotear una vez finalizado el conflicto y arrojarlas al olvido incumpliendo nuevamente las promesas realizadas. La lucha por la reconstrucci\u00f3n de una v\u00eda destruida por los camiones de la empresa imperialista y contra las afectaciones ambientales y sociales que esta ha generado en la comunidad -como en el caso de San Vicente del Cagu\u00e1n por ejemplo-, sirve a los intereses de las distintas clases oprimidas que habitan en esta zona y en el fondo solo perjudican a los intereses de la multinacional, de sus socios locales y del viejo Estado que evidentemente toma posici\u00f3n y defiende una de las partes del conflicto enviando fuerzas represivas a proteger sus instalaciones en vez de tomar cartas en el asunto para resolver las exigencias de las comunidades, a pesar de todas las falsas cantinelas que predican la neutralidad del Estado.<\/p>\n\n\n\n<p class=\"has-black-color has-text-color\">Todas las fuerzas verdaderamente progresistas, democr\u00e1ticas, populares y revolucionarias en nuestro pa\u00eds deben solidarizarse y respaldar firmemente los bloqueos de v\u00edas y todo tipo de manifestaciones motivadas por las reivindicaciones de los distintos sectores de las clases oprimidas de la naci\u00f3n (el campesinado, la clase obrera, la peque\u00f1a burgues\u00eda y la burgues\u00eda media). Es preciso desatar campa\u00f1as de solidaridad y contrapropaganda en todos los frentes para combatir la podrida ideolog\u00eda burguesa difundida por sus medios de comunicaci\u00f3n basura que apuntan a dividir al pueblo con la intenci\u00f3n de que amemos a los opresores y que odiemos a los oprimidos, como bien nos ense\u00f1\u00f3 el revolucionario estadounidense Malcolm X. La experiencia durante estos 8 meses de iniciado el gobierno de Petro y M\u00e1rquez debe ratificar al movimiento popular y al pueblo en general la necesidad de levantar la consigna: <strong>\u00a1Gobierne quien gobierne los derechos del pueblo se defienden!<\/strong><\/p>\n","protected":false},"excerpt":{"rendered":"<p>El pr\u00f3ximo 28 de abril se cumplir\u00e1n dos a\u00f1os de la movilizaci\u00f3n que dio inicio a las protestas del Paro Nacional de 2021, un Gran Levantamiento Popular que remeci\u00f3 a Colombia, convirti\u00e9ndose en uno de los hitos m\u00e1s importantes de la historia del pa\u00eds en t\u00e9rminos de la protesta popular. Algunos activistas y estudiosos de [&hellip;]<\/p>\n","protected":false},"author":1,"featured_media":25265,"comment_status":"open","ping_status":"open","sticky":false,"template":"","format":"standard","meta":{"footnotes":""},"categories":[16,10],"tags":[44,18,41],"class_list":["post-25260","post","type-post","status-publish","format-standard","has-post-thumbnail","hentry","category-carrusel","category-editorial","tag-criminalizacion-a-la-protesta","tag-protestas","tag-represion-estatal"],"blocksy_meta":[],"_links":{"self":[{"href":"https:\/\/nuevademocracia.com.co\/index.php?rest_route=\/wp\/v2\/posts\/25260","targetHints":{"allow":["GET"]}}],"collection":[{"href":"https:\/\/nuevademocracia.com.co\/index.php?rest_route=\/wp\/v2\/posts"}],"about":[{"href":"https:\/\/nuevademocracia.com.co\/index.php?rest_route=\/wp\/v2\/types\/post"}],"author":[{"embeddable":true,"href":"https:\/\/nuevademocracia.com.co\/index.php?rest_route=\/wp\/v2\/users\/1"}],"replies":[{"embeddable":true,"href":"https:\/\/nuevademocracia.com.co\/index.php?rest_route=%2Fwp%2Fv2%2Fcomments&post=25260"}],"version-history":[{"count":2,"href":"https:\/\/nuevademocracia.com.co\/index.php?rest_route=\/wp\/v2\/posts\/25260\/revisions"}],"predecessor-version":[{"id":26533,"href":"https:\/\/nuevademocracia.com.co\/index.php?rest_route=\/wp\/v2\/posts\/25260\/revisions\/26533"}],"wp:featuredmedia":[{"embeddable":true,"href":"https:\/\/nuevademocracia.com.co\/index.php?rest_route=\/wp\/v2\/media\/25265"}],"wp:attachment":[{"href":"https:\/\/nuevademocracia.com.co\/index.php?rest_route=%2Fwp%2Fv2%2Fmedia&parent=25260"}],"wp:term":[{"taxonomy":"category","embeddable":true,"href":"https:\/\/nuevademocracia.com.co\/index.php?rest_route=%2Fwp%2Fv2%2Fcategories&post=25260"},{"taxonomy":"post_tag","embeddable":true,"href":"https:\/\/nuevademocracia.com.co\/index.php?rest_route=%2Fwp%2Fv2%2Ftags&post=25260"}],"curies":[{"name":"wp","href":"https:\/\/api.w.org\/{rel}","templated":true}]}}