{"id":25267,"date":"2023-04-08T11:00:33","date_gmt":"2023-04-08T16:00:33","guid":{"rendered":"https:\/\/nuevademocracia.com.co\/?p=25267"},"modified":"2024-03-04T16:34:01","modified_gmt":"2024-03-04T21:34:01","slug":"frente-de-combate-cultural-sube-nueva-cancion","status":"publish","type":"post","link":"https:\/\/nuevademocracia.com.co\/?p=25267","title":{"rendered":"Frente de combate cultural sube nueva canci\u00f3n"},"content":{"rendered":"\n<figure class=\"wp-block-image aligncenter size-full\"><img loading=\"lazy\" decoding=\"async\" width=\"443\" height=\"378\" src=\"https:\/\/nuevademocracia.com.co\/wp-content\/uploads\/2023\/04\/image-1.png\" alt=\"\" class=\"wp-image-25269\" srcset=\"https:\/\/nuevademocracia.com.co\/wp-content\/uploads\/2023\/04\/image-1.png 443w, https:\/\/nuevademocracia.com.co\/wp-content\/uploads\/2023\/04\/image-1-300x256.png 300w\" sizes=\"auto, (max-width: 443px) 100vw, 443px\" \/><\/figure>\n\n\n\n<p class=\"has-black-color has-text-color\">CANCION: REVOLUCION AGRARIA<\/p>\n\n\n\n<p class=\"has-black-color has-text-color\">Con motivo de la lucha campesina, a continuaci\u00f3n, compartimos el siguiente Link con la m\u00e1s reciente canci\u00f3n del Frente de Combate Cultural, en la cual se revindica la necesidad de que el campesinado tome las tierras y destruya el latifundio, \u00fanica forma para conquistar una verdadera felicidad en el campo.<\/p>\n\n\n\n<figure class=\"wp-block-embed is-type-video is-provider-youtube wp-block-embed-youtube wp-embed-aspect-16-9 wp-has-aspect-ratio\"><div class=\"wp-block-embed__wrapper\">\n<iframe loading=\"lazy\" title=\"FCC - Revoluci\u00f3n Agraria\" width=\"1290\" height=\"726\" src=\"https:\/\/www.youtube.com\/embed\/o24VnkdfQkE?feature=oembed\" frameborder=\"0\" allow=\"accelerometer; autoplay; clipboard-write; encrypted-media; gyroscope; picture-in-picture; web-share\" referrerpolicy=\"strict-origin-when-cross-origin\" allowfullscreen><\/iframe>\n<\/div><\/figure>\n\n\n\n<figure class=\"wp-block-image\"><img decoding=\"async\" src=\"blob:https:\/\/nuevademocracia.com.co\/c71cbee7-1d03-4865-822f-f593513e6d39\" alt=\"\"\/><\/figure>\n","protected":false},"excerpt":{"rendered":"<p>CANCION: REVOLUCION AGRARIA Con motivo de la lucha campesina, a continuaci\u00f3n, compartimos el siguiente Link con la m\u00e1s reciente canci\u00f3n del Frente de Combate Cultural, en la cual se revindica la necesidad de que el campesinado tome las tierras y destruya el latifundio, \u00fanica forma para conquistar una verdadera felicidad en el campo.<\/p>\n","protected":false},"author":1,"featured_media":25268,"comment_status":"open","ping_status":"open","sticky":false,"template":"","format":"standard","meta":{"footnotes":""},"categories":[16,4,134],"tags":[120,121],"class_list":["post-25267","post","type-post","status-publish","format-standard","has-post-thumbnail","hentry","category-carrusel","category-colombia","category-nueva-cultura","tag-arte-popular","tag-cultura"],"blocksy_meta":[],"_links":{"self":[{"href":"https:\/\/nuevademocracia.com.co\/index.php?rest_route=\/wp\/v2\/posts\/25267","targetHints":{"allow":["GET"]}}],"collection":[{"href":"https:\/\/nuevademocracia.com.co\/index.php?rest_route=\/wp\/v2\/posts"}],"about":[{"href":"https:\/\/nuevademocracia.com.co\/index.php?rest_route=\/wp\/v2\/types\/post"}],"author":[{"embeddable":true,"href":"https:\/\/nuevademocracia.com.co\/index.php?rest_route=\/wp\/v2\/users\/1"}],"replies":[{"embeddable":true,"href":"https:\/\/nuevademocracia.com.co\/index.php?rest_route=%2Fwp%2Fv2%2Fcomments&post=25267"}],"version-history":[{"count":4,"href":"https:\/\/nuevademocracia.com.co\/index.php?rest_route=\/wp\/v2\/posts\/25267\/revisions"}],"predecessor-version":[{"id":25273,"href":"https:\/\/nuevademocracia.com.co\/index.php?rest_route=\/wp\/v2\/posts\/25267\/revisions\/25273"}],"wp:featuredmedia":[{"embeddable":true,"href":"https:\/\/nuevademocracia.com.co\/index.php?rest_route=\/wp\/v2\/media\/25268"}],"wp:attachment":[{"href":"https:\/\/nuevademocracia.com.co\/index.php?rest_route=%2Fwp%2Fv2%2Fmedia&parent=25267"}],"wp:term":[{"taxonomy":"category","embeddable":true,"href":"https:\/\/nuevademocracia.com.co\/index.php?rest_route=%2Fwp%2Fv2%2Fcategories&post=25267"},{"taxonomy":"post_tag","embeddable":true,"href":"https:\/\/nuevademocracia.com.co\/index.php?rest_route=%2Fwp%2Fv2%2Ftags&post=25267"}],"curies":[{"name":"wp","href":"https:\/\/api.w.org\/{rel}","templated":true}]}}